{"id":13856,"date":"2023-08-15T15:16:01","date_gmt":"2023-08-15T12:16:01","guid":{"rendered":"https:\/\/marmarayerelhizmet.com\/?p=13856"},"modified":"2023-08-15T15:16:01","modified_gmt":"2023-08-15T12:16:01","slug":"imamoglundan-adaylik-aciklamasi","status":"publish","type":"post","link":"https:\/\/marmarayerelhizmet.com\/index.php\/2023\/08\/15\/imamoglundan-adaylik-aciklamasi\/","title":{"rendered":"\u0130mamo\u011flu&#8217;ndan Adayl\u0131k A\u00e7\u0131klamas\u0131"},"content":{"rendered":"<p><strong><span style=\"font-family: arial, helvetica, sans-serif; font-size: 14px;\">\u0130stanbul B\u00fcy\u00fck\u015fehir Belediye Ba\u015fkan\u0131 Ekrem \u0130mamo\u011flu, &#8220;\u0130stanbul i\u00e7in yola \u00e7\u0131k\u0131yorum&#8221; dedi\u011fi konu\u015fmas\u0131ndan son b\u00f6l\u00fcm\u00fcnde, &#8220;Ben aday\u0131m demedim, yola \u00e7\u0131k\u0131yorum dedim&#8221; ifadelerini kulland\u0131.<br \/>\n<\/span><\/strong><br \/>\n<span style=\"font-family: arial, helvetica, sans-serif; font-size: 14px;\">\u0130BB Ba\u015fkan\u0131 Ekrem \u0130mamo\u011flu, bug\u00fcn d\u00fczenlenen bas\u0131n toplant\u0131s\u0131nda &#8220;\u0130stanbul i\u00e7in yola \u00e7\u0131k\u0131yorum&#8221; dedi. \u0130mamo\u011flu&#8217;nun a\u00e7\u0131klamas\u0131n\u0131n ard\u0131ndan gazetecilerle soru cevap k\u0131sm\u0131na ge\u00e7ildi. Bu k\u0131s\u0131mda \u0130mamo\u011flu, belediye ba\u015fkanl\u0131\u011f\u0131 adayl\u0131\u011f\u0131 ile ilgili, &#8220;Ben aday\u0131m demedim, yola \u00e7\u0131k\u0131yorum dedim. Bu bak\u0131mdan bu yolculu\u011fun g\u00fc\u00e7l\u00fc oldu\u011funu g\u00f6r\u00fcyorum. O g\u00fcn \u00e7ok daha zor ko\u015fullarda toplumsal bir ittifak\u0131 olu\u015fturduk. Tam 7 bu\u00e7uk ay kampanya y\u00fcr\u00fctt\u00fck. Elimizden se\u00e7im al\u0131nd\u0131, o s\u00fcreci de ba\u015far\u0131yla y\u00fcr\u00fctt\u00fck. \u015eu anda se\u00e7imi kaybeden taraf olarak bir travmam\u0131z var, bunu biliyorum ama burada z\u0131plama g\u00fcc\u00fcm\u00fczde var. O s\u0131\u00e7ramay\u0131 toplumla birlikte ba\u015farabiliriz&#8221; diye konu\u015ftu.<\/span><\/p>\n","protected":false},"excerpt":{"rendered":"<p>\u0130stanbul B\u00fcy\u00fck\u015fehir Belediye Ba\u015fkan\u0131 Ekrem \u0130mamo\u011flu, &#8220;\u0130stanbul i\u00e7in yola \u00e7\u0131k\u0131yorum&#8221; dedi\u011fi konu\u015fmas\u0131ndan son b\u00f6l\u00fcm\u00fcnde, &#8220;Ben aday\u0131m demedim, yola \u00e7\u0131k\u0131yorum dedim&#8221;<\/p>\n","protected":false},"author":3,"featured_media":13858,"comment_status":"open","ping_status":"open","sticky":false,"template":"","format":"standard","meta":{"colormag_page_container_layout":"default_layout","colormag_page_sidebar_layout":"default_layout","footnotes":""},"categories":[1,5,8],"tags":[],"class_list":["post-13856","post","type-post","status-publish","format-standard","has-post-thumbnail","hentry","category-genel","category-gundem","category-siyaset"],"_links":{"self":[{"href":"https:\/\/marmarayerelhizmet.com\/index.php\/wp-json\/wp\/v2\/posts\/13856","targetHints":{"allow":["GET"]}}],"collection":[{"href":"https:\/\/marmarayerelhizmet.com\/index.php\/wp-json\/wp\/v2\/posts"}],"about":[{"href":"https:\/\/marmarayerelhizmet.com\/index.php\/wp-json\/wp\/v2\/types\/post"}],"author":[{"embeddable":true,"href":"https:\/\/marmarayerelhizmet.com\/index.php\/wp-json\/wp\/v2\/users\/3"}],"replies":[{"embeddable":true,"href":"https:\/\/marmarayerelhizmet.com\/index.php\/wp-json\/wp\/v2\/comments?post=13856"}],"version-history":[{"count":0,"href":"https:\/\/marmarayerelhizmet.com\/index.php\/wp-json\/wp\/v2\/posts\/13856\/revisions"}],"wp:featuredmedia":[{"embeddable":true,"href":"https:\/\/marmarayerelhizmet.com\/index.php\/wp-json\/wp\/v2\/media\/13858"}],"wp:attachment":[{"href":"https:\/\/marmarayerelhizmet.com\/index.php\/wp-json\/wp\/v2\/media?parent=13856"}],"wp:term":[{"taxonomy":"category","embeddable":true,"href":"https:\/\/marmarayerelhizmet.com\/index.php\/wp-json\/wp\/v2\/categories?post=13856"},{"taxonomy":"post_tag","embeddable":true,"href":"https:\/\/marmarayerelhizmet.com\/index.php\/wp-json\/wp\/v2\/tags?post=13856"}],"curies":[{"name":"wp","href":"https:\/\/api.w.org\/{rel}","templated":true}]}}