{"id":13852,"date":"2023-08-15T15:13:44","date_gmt":"2023-08-15T12:13:44","guid":{"rendered":"https:\/\/marmarayerelhizmet.com\/?p=13852"},"modified":"2023-08-15T15:13:44","modified_gmt":"2023-08-15T12:13:44","slug":"depremde-hayatini-kaybedenler-anilacak","status":"publish","type":"post","link":"https:\/\/marmarayerelhizmet.com\/index.php\/2023\/08\/15\/depremde-hayatini-kaybedenler-anilacak\/","title":{"rendered":"Depremde Hayat\u0131n\u0131 Kaybedenler An\u0131lacak"},"content":{"rendered":"<p><strong><span style=\"font-family: arial, helvetica, sans-serif; font-size: 14px;\">Merkez \u00fcss\u00fc Kocaeli\u2019nin G\u00f6lc\u00fck il\u00e7esi olan 17 A\u011fustos 1999 depreminin \u00fczerinden tam 24 y\u0131l ge\u00e7ti. 24. y\u0131l d\u00f6n\u00fcm\u00fcnde Derince Belediyesi \u015fehitleri anmak i\u00e7in bir program d\u00fczenliyor.<br \/>\n<\/span><\/strong><br \/>\n<span style=\"font-family: arial, helvetica, sans-serif; font-size: 14px;\">\u00dczerinden 24 y\u0131l ge\u00e7en G\u00f6lc\u00fck Depremi unutulmuyor. B\u00fcy\u00fck depremin 24. y\u0131l d\u00f6n\u00fcm\u00fcnde Derince Belediyesi \u015fehitleri anmak i\u00e7in program d\u00fczenliyor. 17 A\u011fustos Per\u015fembe g\u00fcn\u00fc \u00c7\u0131narl\u0131 Deprem \u015eehitli\u011fi\u2019nde d\u00fczenlenecek programa kat\u0131lmak isteyen vatanda\u015flar i\u00e7in saat 17:15\u2019te Derince Kent Meydan\u0131 ve Yavuz Sultan Merkez Camii \u00f6n\u00fcnden ara\u00e7lar hareket edecek. Kent Meydan\u0131\u2019ndan hareket edecek olan ara\u00e7 ard\u0131ndan \u00c7\u0131narl\u0131 Merkez Camii\u2019nden vatanda\u015flar\u0131 alarak Deprem \u015eehitli\u011fine gidecek. Yine saat 17:15\u2019te Yavuz Sultan Merkez Camii\u2019nden hareket edecek olan ara\u00e7 sonras\u0131nda Yenikent Merkez Camii \u00f6n\u00fcnden vatanda\u015flar\u0131 alarak \u015eehitli\u011fe gidecek. \u00c7\u0131narl\u0131 Deprem \u015eehitli\u011fi\u2019nde saat 18.00\u2019de ba\u015flayacak olan programda Kur\u2019an-\u0131 Kerim Tilaveti okunarak deprem \u015fehitleri i\u00e7in dualar edilecek.<\/span><\/p>\n","protected":false},"excerpt":{"rendered":"<p>Merkez \u00fcss\u00fc Kocaeli\u2019nin G\u00f6lc\u00fck il\u00e7esi olan 17 A\u011fustos 1999 depreminin \u00fczerinden tam 24 y\u0131l ge\u00e7ti. 24. y\u0131l d\u00f6n\u00fcm\u00fcnde Derince Belediyesi<\/p>\n","protected":false},"author":3,"featured_media":13854,"comment_status":"open","ping_status":"open","sticky":false,"template":"","format":"standard","meta":{"colormag_page_container_layout":"default_layout","colormag_page_sidebar_layout":"default_layout","footnotes":""},"categories":[1,5,8],"tags":[],"class_list":["post-13852","post","type-post","status-publish","format-standard","has-post-thumbnail","hentry","category-genel","category-gundem","category-siyaset"],"_links":{"self":[{"href":"https:\/\/marmarayerelhizmet.com\/index.php\/wp-json\/wp\/v2\/posts\/13852","targetHints":{"allow":["GET"]}}],"collection":[{"href":"https:\/\/marmarayerelhizmet.com\/index.php\/wp-json\/wp\/v2\/posts"}],"about":[{"href":"https:\/\/marmarayerelhizmet.com\/index.php\/wp-json\/wp\/v2\/types\/post"}],"author":[{"embeddable":true,"href":"https:\/\/marmarayerelhizmet.com\/index.php\/wp-json\/wp\/v2\/users\/3"}],"replies":[{"embeddable":true,"href":"https:\/\/marmarayerelhizmet.com\/index.php\/wp-json\/wp\/v2\/comments?post=13852"}],"version-history":[{"count":0,"href":"https:\/\/marmarayerelhizmet.com\/index.php\/wp-json\/wp\/v2\/posts\/13852\/revisions"}],"wp:featuredmedia":[{"embeddable":true,"href":"https:\/\/marmarayerelhizmet.com\/index.php\/wp-json\/wp\/v2\/media\/13854"}],"wp:attachment":[{"href":"https:\/\/marmarayerelhizmet.com\/index.php\/wp-json\/wp\/v2\/media?parent=13852"}],"wp:term":[{"taxonomy":"category","embeddable":true,"href":"https:\/\/marmarayerelhizmet.com\/index.php\/wp-json\/wp\/v2\/categories?post=13852"},{"taxonomy":"post_tag","embeddable":true,"href":"https:\/\/marmarayerelhizmet.com\/index.php\/wp-json\/wp\/v2\/tags?post=13852"}],"curies":[{"name":"wp","href":"https:\/\/api.w.org\/{rel}","templated":true}]}}