{"id":13843,"date":"2023-08-15T11:23:02","date_gmt":"2023-08-15T08:23:02","guid":{"rendered":"https:\/\/marmarayerelhizmet.com\/?p=13843"},"modified":"2023-08-15T12:24:32","modified_gmt":"2023-08-15T09:24:32","slug":"sile-bezi-festivali-basladi","status":"publish","type":"post","link":"https:\/\/marmarayerelhizmet.com\/index.php\/2023\/08\/15\/sile-bezi-festivali-basladi\/","title":{"rendered":"\u015eile Bezi Festivali Ba\u015flad\u0131"},"content":{"rendered":"<p><strong><span style=\"font-family: arial, helvetica, sans-serif; font-size: 14px;\">\u015eile Belediyesi taraf\u0131ndan planlanan \u201c\u015eile Bezi K\u00fclt\u00fcr ve Sanat Festivali\u201d d\u00fcn ak\u015fam d\u00fczenlenen etkinlikler ve Emre Altu\u011f konseri ile ba\u015flad\u0131. Birbirinden farkl\u0131 etkinliklerin yap\u0131ld\u0131\u011f\u0131 festivalde Emre Altu\u011f konseri geceye damgas\u0131n\u0131 vurdu. \u015eile\u2019nin co\u011frafi tescilli \u00fcr\u00fcn\u00fc olan d\u00fcnyaca \u00fcnl\u00fc \u015eile bezinin ise tasar\u0131m merkezi a\u00e7\u0131ld\u0131.<\/span><\/strong><\/p>\n<p><span style=\"font-family: arial, helvetica, sans-serif; font-size: 14px;\">\u015eile Belediyesi\u2019nin 14-20 A\u011fustos tarihlerinde d\u00fczenledi\u011fi \u201c\u015eile Bezi K\u00fclt\u00fcr ve Sanat Festivali\u201d ba\u015flad\u0131. D\u00fcn ak\u015fam ba\u015flayan festival birbirinden farkl\u0131 etkinlikler ile \u015eileli vatanda\u015flar\u0131 a\u011f\u0131rlad\u0131. D\u00fcnyaca \u00fcnl\u00fc \u015eile bezinin tasar\u0131m merkezi a\u00e7\u0131l\u0131\u015f\u0131yla ba\u015flayan festival kortej ile devam etti. Ak\u015fam saatlerinde ise \u015eile meydan\u0131nda halk oyunlar\u0131 r\u00fczgar\u0131 esti. Vatanda\u015flar\u0131n da e\u015flik etti\u011fi g\u00f6sterilerde birbirinden renkli g\u00f6r\u00fcnt\u00fcler ortaya \u00e7\u0131kt\u0131. Geceye ise Emre Altu\u011f Konseri damga vurdu. Pop m\u00fczi\u011fin sevilen sanat\u00e7\u0131s\u0131 Altu\u011f\u2019un konserinde vatanda\u015flar doyas\u0131ya e\u011flendi. Sanat\u00e7\u0131 sahne performans\u0131yla da tam not ald\u0131.<\/span><\/p>\n<p><strong><span style=\"font-family: arial, helvetica, sans-serif; font-size: 14px;\">Emre Altu\u011f konseri geceye damgas\u0131n\u0131 vurdu<\/span><\/strong><br \/>\n<span style=\"font-family: arial, helvetica, sans-serif; font-size: 14px;\">Gecenin son etkinli\u011finde ise pop m\u00fczi\u011finin sevilen sanat\u00e7\u0131lar\u0131ndan olan Emre Altu\u011f, \u015eileliler ile bulu\u015ftu. Bu kez \u015fark\u0131lar\u0131n\u0131 \u015eileliler i\u00e7in seslendiren \u00fcnl\u00fc sanat\u00e7\u0131 sahne performans\u0131yla \u015eilelileri e\u011flendirdi.<\/span><\/p>\n<p><strong><span style=\"font-family: arial, helvetica, sans-serif; font-size: 14px;\">D\u00fcnyaca \u00fcnl\u00fc \u015eile bezi tasar\u0131m merkezi a\u00e7\u0131ld\u0131<\/span><\/strong><br \/>\n<span style=\"font-family: arial, helvetica, sans-serif; font-size: 14px;\">\u015eile\u2019nin co\u011frafi i\u015faret alm\u0131\u015f olan d\u00fcnyaca \u00fcnl\u00fc bezi olan \u015eile bezi i\u00e7in tasar\u0131m merkezi a\u00e7\u0131l\u0131\u015f\u0131 ger\u00e7ekle\u015ftirildi. A\u00e7\u0131l\u0131\u015f lansman\u0131na \u015eileli vatanda\u015flar konuk oldu. Ba\u015fkan \u0130lhan Ocakl\u0131 a\u00e7\u0131l\u0131\u015f t\u00f6reninde konu\u015fma yapt\u0131. Konu\u015fman\u0131n ard\u0131ndan merkezin a\u00e7\u0131l\u0131\u015f\u0131 ger\u00e7ekle\u015ftirildi.<\/span><\/p>\n<p><strong><span style=\"font-family: arial, helvetica, sans-serif; font-size: 14px;\">\u201cHer ak\u015fam, 7 g\u00fcn boyunca birbirinden k\u0131ymetli sanat\u00e7\u0131lar\u0131m\u0131z yer alacak\u201d<\/span><\/strong><br \/>\n<span style=\"font-family: arial, helvetica, sans-serif; font-size: 14px;\">\u015eile Belediye Ba\u015fkan\u0131 \u0130lhan Ocakl\u0131, \u201cYakla\u015f\u0131k bir hafta boyunca etkinli\u011fimiz devam edecek. Bir haftan\u0131n sonunda da \u015eile bezimizi uluslararas\u0131 anlamda \u015eile\u2019nin ve \u015eile bezinin tan\u0131t\u0131m\u0131 noktas\u0131nda \u00f6nemli bir projeye de imza atm\u0131\u015f olaca\u011f\u0131z. Bug\u00fcn itibariyle 34\u2019\u00fcnc\u00fcs\u00fc ger\u00e7ekle\u015ftiriliyor. Her ak\u015fam 7 g\u00fcn boyunca birbirinden k\u0131ymetli ulusal sanat\u00e7\u0131lar\u0131m\u0131z yer alaca\u011f\u0131 bir \u015f\u00f6lenle g\u00fcn\u00fc tamamlam\u0131\u015f olaca\u011f\u0131z. Bir haftan\u0131n sonunda \u015eile bezine yak\u0131\u015fan festivali de tamamlam\u0131\u015f oluruz\u201d dedi.<\/span><\/p>\n","protected":false},"excerpt":{"rendered":"<p>\u015eile Belediyesi taraf\u0131ndan planlanan \u201c\u015eile Bezi K\u00fclt\u00fcr ve Sanat Festivali\u201d d\u00fcn ak\u015fam d\u00fczenlenen etkinlikler ve Emre Altu\u011f konseri ile ba\u015flad\u0131.<\/p>\n","protected":false},"author":3,"featured_media":13845,"comment_status":"open","ping_status":"open","sticky":false,"template":"","format":"standard","meta":{"colormag_page_container_layout":"default_layout","colormag_page_sidebar_layout":"default_layout","footnotes":""},"categories":[1,5,6,8],"tags":[],"class_list":["post-13843","post","type-post","status-publish","format-standard","has-post-thumbnail","hentry","category-genel","category-gundem","category-kultur-sanat","category-siyaset"],"_links":{"self":[{"href":"https:\/\/marmarayerelhizmet.com\/index.php\/wp-json\/wp\/v2\/posts\/13843","targetHints":{"allow":["GET"]}}],"collection":[{"href":"https:\/\/marmarayerelhizmet.com\/index.php\/wp-json\/wp\/v2\/posts"}],"about":[{"href":"https:\/\/marmarayerelhizmet.com\/index.php\/wp-json\/wp\/v2\/types\/post"}],"author":[{"embeddable":true,"href":"https:\/\/marmarayerelhizmet.com\/index.php\/wp-json\/wp\/v2\/users\/3"}],"replies":[{"embeddable":true,"href":"https:\/\/marmarayerelhizmet.com\/index.php\/wp-json\/wp\/v2\/comments?post=13843"}],"version-history":[{"count":0,"href":"https:\/\/marmarayerelhizmet.com\/index.php\/wp-json\/wp\/v2\/posts\/13843\/revisions"}],"wp:featuredmedia":[{"embeddable":true,"href":"https:\/\/marmarayerelhizmet.com\/index.php\/wp-json\/wp\/v2\/media\/13845"}],"wp:attachment":[{"href":"https:\/\/marmarayerelhizmet.com\/index.php\/wp-json\/wp\/v2\/media?parent=13843"}],"wp:term":[{"taxonomy":"category","embeddable":true,"href":"https:\/\/marmarayerelhizmet.com\/index.php\/wp-json\/wp\/v2\/categories?post=13843"},{"taxonomy":"post_tag","embeddable":true,"href":"https:\/\/marmarayerelhizmet.com\/index.php\/wp-json\/wp\/v2\/tags?post=13843"}],"curies":[{"name":"wp","href":"https:\/\/api.w.org\/{rel}","templated":true}]}}