{"id":13834,"date":"2023-08-15T12:19:50","date_gmt":"2023-08-15T09:19:50","guid":{"rendered":"https:\/\/marmarayerelhizmet.com\/?p=13834"},"modified":"2023-08-15T12:20:59","modified_gmt":"2023-08-15T09:20:59","slug":"bin-700-yillik-villa-bulundu","status":"publish","type":"post","link":"https:\/\/marmarayerelhizmet.com\/index.php\/2023\/08\/15\/bin-700-yillik-villa-bulundu\/","title":{"rendered":"Kaz\u0131larda Roma Villas\u0131 Bulundu"},"content":{"rendered":"<p><strong><span style=\"font-family: arial, helvetica, sans-serif; font-size: 14px;\">Bal\u0131kesir&#8217;in Edremit il\u00e7esinde kaz\u0131 \u00e7al\u0131\u015fmalar\u0131 s\u00fcrd\u00fcr\u00fclen Antandros Antik Kenti&#8217;nde milattan sonra 300 y\u0131llar\u0131nda yap\u0131ld\u0131\u011f\u0131 tahmin edilen bin ya\u015f\u0131ndaki ikinci bir &#8216;Roma villas\u0131&#8217; kal\u0131nt\u0131lar\u0131na rastland\u0131.<br \/>\n<\/span><\/strong><br \/>\n<span style=\"font-family: arial, helvetica, sans-serif; font-size: 14px;\">Ege \u00dcniversitesi Klasik Arkeoloji Ana Bilim Dal\u0131 \u00d6\u011fretim \u00dcyesi Prof. Dr. G\u00fcrcan Polat ba\u015fkanl\u0131\u011f\u0131nda ba\u015flanan 22. kaz\u0131 d\u00f6neminde, Roma d\u00f6nemine ait milattan sonra 300 y\u0131llar\u0131na ait ikinci bir villa i\u00e7in \u00e7al\u0131\u015fmalar ba\u015flat\u0131ld\u0131.<\/span><br \/>\n<span style=\"font-family: arial, helvetica, sans-serif; font-size: 14px;\">Yeni bulgular do\u011frultusunda \u00e7al\u0131\u015fmalar\u0131n devam etti\u011fini ifade eden Prof. Dr. Polat \u201cAntandros 2023 sezonu bu sene 10 Temmuz&#8217;da ekibin Alt\u0131noluk&#8217;a gelmesiyle birlikte ba\u015flad\u0131. Tabii \u00e7ok fazla bir yo\u011fun ot birikimi vard\u0131. \u00d6nce ot temizli\u011fiyle ba\u015flad\u0131k ve hemen arkas\u0131ndan da kaz\u0131 \u00e7al\u0131\u015fmalar\u0131 takip etti. Bu sene iki farkl\u0131 alanda \u00e7al\u0131\u015fmalar\u0131m\u0131z\u0131 y\u00fcr\u00fct\u00fcyoruz. Bunlardan bir tanesi ki \u015fu an onun da i\u00e7erisinde bulundu\u011fumuz yerdir. &#8216;Roma villas\u0131&#8217; olarak nitelendirdi\u011fimiz yama\u00e7 ev sekt\u00f6r\u00fc\u201d dedi.<\/span><br \/>\n<span style=\"font-family: arial, helvetica, sans-serif; font-size: 14px;\">Bu y\u0131l kaz\u0131 yap\u0131lan b\u00f6lgenin elit bir yerle\u015fim merkezi oldu\u011funu d\u00fc\u015f\u00fcnd\u00fcklerini ifade eden Kaz\u0131 Ba\u015fkan\u0131 Prof. Dr. G\u00fcrcan Polat, \u201c2001 y\u0131l\u0131ndan beri kazd\u0131\u011f\u0131m\u0131z bu sekt\u00f6rde duvar resimleriyle, mozaiklerle s\u00fcsl\u00fc muhte\u015fem bir Roma villas\u0131 a\u00e7\u0131\u011fa \u00e7\u0131karm\u0131\u015ft\u0131k. Bu seneki yeni bir heyecan, yeni bir alana ba\u015flad\u0131k. Hemen bu Roma villas\u0131n\u0131n do\u011fusunda yine Roma villas\u0131na benzer yap\u0131da yeni bir yap\u0131la\u015fmayla kar\u015f\u0131la\u015faca\u011f\u0131m\u0131z\u0131 \u00fcmit ediyoruz. Kaz\u0131n\u0131n ba\u015f\u0131nda olmas\u0131na ra\u011fmen hemen bu yama\u00e7ta yer alan yerle\u015fimin teras duvar\u0131n\u0131 ortaya \u00e7\u0131karmaya ba\u015flad\u0131k. O teras duvar\u0131ndan yukar\u0131ya \u00e7\u0131kan merdivenlerin de izlerini takip ediyoruz \u015fu an. Burada da benzer t\u00fcrde bir g\u00f6rseli zengin bir Roma villas\u0131yla kar\u015f\u0131la\u015faca\u011f\u0131m\u0131z\u0131 umuyoruz. \u00c7\u00fcnk\u00fc Roma villas\u0131n\u0131n bulundu\u011fu bu yama\u00e7 tamamen o Roma d\u00f6neminde elitlerin \u00fcst s\u0131n\u0131f elitlerin oturdu\u011fu bir mahalle konumunda ki biz bunu daha \u00f6nceki \u00e7al\u0131\u015fmalar\u0131m\u0131zda ortaya \u00e7\u0131kard\u0131\u011f\u0131m\u0131z kanalizasyon hatlar\u0131yla da ispatlam\u0131\u015f durumdayd\u0131k. \u00c7\u00fcnk\u00fc Roma villas\u0131n\u0131n yukar\u0131ya do\u011fru kanalizasyon sisteminin devam etti\u011fini tespit etmi\u015ftik. Bu da bu evin burada tek ba\u015f\u0131na olmad\u0131\u011f\u0131 y\u00f6n\u00fcndeki kanaati olu\u015fturmu\u015ftu\u201d dedi.<\/span><br \/>\n<span style=\"font-family: arial, helvetica, sans-serif; font-size: 14px;\">B\u00f6lgede kamula\u015ft\u0131rma sorununun Edremit Kaymakam\u0131 Ahmet Odaba\u015f ve Bal\u0131kesir Valisi Hasan \u015e\u0131ldak\u2019\u0131n yak\u0131n ilgi g\u00f6stermesi ile \u00e7\u00f6z\u00fcld\u00fc\u011f\u00fcn\u00fc ifade eden Prof. Dr. Polat, ayr\u0131ca desteklerinden dolay\u0131 Bal\u0131kesir B\u00fcy\u00fck\u015fehir Belediyesi ve K\u00fclt\u00fcr ve Turizm Bakanl\u0131\u011f\u0131na da te\u015fekk\u00fcr etti.<\/span><\/p>\n","protected":false},"excerpt":{"rendered":"<p>Bal\u0131kesir&#8217;in Edremit il\u00e7esinde kaz\u0131 \u00e7al\u0131\u015fmalar\u0131 s\u00fcrd\u00fcr\u00fclen Antandros Antik Kenti&#8217;nde milattan sonra 300 y\u0131llar\u0131nda yap\u0131ld\u0131\u011f\u0131 tahmin edilen bin ya\u015f\u0131ndaki ikinci bir<\/p>\n","protected":false},"author":3,"featured_media":13836,"comment_status":"open","ping_status":"open","sticky":false,"template":"","format":"standard","meta":{"colormag_page_container_layout":"default_layout","colormag_page_sidebar_layout":"default_layout","footnotes":""},"categories":[1,5],"tags":[],"class_list":["post-13834","post","type-post","status-publish","format-standard","has-post-thumbnail","hentry","category-genel","category-gundem"],"_links":{"self":[{"href":"https:\/\/marmarayerelhizmet.com\/index.php\/wp-json\/wp\/v2\/posts\/13834","targetHints":{"allow":["GET"]}}],"collection":[{"href":"https:\/\/marmarayerelhizmet.com\/index.php\/wp-json\/wp\/v2\/posts"}],"about":[{"href":"https:\/\/marmarayerelhizmet.com\/index.php\/wp-json\/wp\/v2\/types\/post"}],"author":[{"embeddable":true,"href":"https:\/\/marmarayerelhizmet.com\/index.php\/wp-json\/wp\/v2\/users\/3"}],"replies":[{"embeddable":true,"href":"https:\/\/marmarayerelhizmet.com\/index.php\/wp-json\/wp\/v2\/comments?post=13834"}],"version-history":[{"count":0,"href":"https:\/\/marmarayerelhizmet.com\/index.php\/wp-json\/wp\/v2\/posts\/13834\/revisions"}],"wp:featuredmedia":[{"embeddable":true,"href":"https:\/\/marmarayerelhizmet.com\/index.php\/wp-json\/wp\/v2\/media\/13836"}],"wp:attachment":[{"href":"https:\/\/marmarayerelhizmet.com\/index.php\/wp-json\/wp\/v2\/media?parent=13834"}],"wp:term":[{"taxonomy":"category","embeddable":true,"href":"https:\/\/marmarayerelhizmet.com\/index.php\/wp-json\/wp\/v2\/categories?post=13834"},{"taxonomy":"post_tag","embeddable":true,"href":"https:\/\/marmarayerelhizmet.com\/index.php\/wp-json\/wp\/v2\/tags?post=13834"}],"curies":[{"name":"wp","href":"https:\/\/api.w.org\/{rel}","templated":true}]}}