{"id":13830,"date":"2023-08-15T12:17:46","date_gmt":"2023-08-15T09:17:46","guid":{"rendered":"https:\/\/marmarayerelhizmet.com\/?p=13830"},"modified":"2023-08-15T12:17:46","modified_gmt":"2023-08-15T09:17:46","slug":"spor-tesisleri-yenileniyor","status":"publish","type":"post","link":"https:\/\/marmarayerelhizmet.com\/index.php\/2023\/08\/15\/spor-tesisleri-yenileniyor\/","title":{"rendered":"Spor Tesisleri Yenileniyor"},"content":{"rendered":"<p><strong><span style=\"font-family: arial, helvetica, sans-serif; font-size: 14px;\">Bal\u0131kesir\u2019de gen\u00e7lik ve spor yat\u0131r\u0131mlar\u0131 h\u0131z kesmeden devam ediyor. Bir\u00e7ok proje tamamlan\u0131rken, yeni yat\u0131r\u0131m projelerinin ise yap\u0131m \u00e7al\u0131\u015fmalar\u0131 ba\u015flad\u0131.<br \/>\n<\/span><\/strong><br \/>\n<span style=\"font-family: arial, helvetica, sans-serif; font-size: 14px;\">Gen\u00e7lik ve Spor \u0130l M\u00fcd\u00fcr\u00fc Adem \u00d6zalp, Edremit, Burhaniye ve Bigadi\u00e7 il\u00e7elerinde yap\u0131m\u0131 s\u00fcren \u00c7a\u011f\u0131\u015f Kamp\u00fcs\u00fcndeki Yeni K\u0131z Yurdu, Edremit Spor Tesisleri ve Burhaniye Gen\u00e7lik Merkezi in\u015faat alanlar\u0131nda incelemelerde bulundu. \u00c7a\u011f\u0131\u015f kamp\u00fcs\u00fcne yap\u0131lan 3 bin 214 ki\u015fi kapasiteli GSB K\u0131z Yurdu i\u00e7inde bar\u0131nd\u0131rd\u0131\u011f\u0131 spor alanlar\u0131, ihtiya\u00e7 duyulabilecek t\u00fcm sosyal donat\u0131 ve imkanlar\u0131 ile \u00f6n\u00fcm\u00fczdeki e\u011fitim \u00f6\u011fretim d\u00f6neminde \u00fcniversiteli gen\u00e7lere nitelikli hizmet vermeye ba\u015flayacak.<\/span><br \/>\n<span style=\"font-family: arial, helvetica, sans-serif; font-size: 14px;\">Yap\u0131m\u0131na yeni ba\u015flanan Burhaniye Gen\u00e7lik Merkezi in\u015faat alan\u0131n\u0131 gezerek \u00e7al\u0131\u015fmalar hakk\u0131nda bilgi alan \u0130l M\u00fcd\u00fcr\u00fc \u00d6zalp, en k\u0131sa s\u00fcrede merkezin tamamlanarak gen\u00e7lerin hizmetine sunulmas\u0131 i\u00e7in \u00e7al\u0131\u015ft\u0131klar\u0131n\u0131 belirtti. Edremit Spor tesislerinde ise devam eden bak\u0131m onar\u0131m ve yap\u0131m \u00e7al\u0131\u015fmalar\u0131nda incelemelerde bulundu. Burhaniye Yar\u0131 Olimpik Y\u00fczme Havuzu ve Gen\u00e7lik Merkezi yap\u0131m\u0131, Band\u0131rma Karaali Acar Spor Salonu, Band\u0131rma 17 Eyl\u00fcl Stadyumu onar\u0131m\u0131, Ayval\u0131k Yurdu \u00c7at\u0131 Onar\u0131m\u0131, K\u0131z Yurdu \u00e7evresine istinat duvar\u0131, Bal\u0131kesir Engelsiz Gen\u00e7lik Merkezi ile G\u00f6nen Kar\u015f\u0131yaka Sentetik \u00c7im Y\u00fczeyli Futbol Sahas\u0131 tanzimi ve soyunda odalar\u0131 yap\u0131m\u0131, futbol sahalar\u0131 ve trib\u00fcn yat\u0131r\u0131mlar\u0131 da devam ediyor. Bal\u0131kesir\u2019de bulunan GSB Yurtlar\u0131 ise genel bak\u0131m onar\u0131m ve d\u00fczenlemeler ile yeni e\u011fitim \u00f6\u011fretim d\u00f6nemine haz\u0131rlan\u0131yor. Engelsiz Gen\u00e7lik Merkezi projesi ba\u015fta olmak \u00fczere daha bir\u00e7ok proje ile ba\u015fta gen\u00e7ler olmak \u00fczere, b\u00fct\u00fcn vatanda\u015flar sportif, sosyal ve k\u00fclt\u00fcrel anlamda daha yeterli imkanlara kavu\u015fmu\u015f olacak.<\/span><br \/>\n<span style=\"font-family: arial, helvetica, sans-serif; font-size: 14px;\">\u0130l M\u00fcd\u00fcr\u00fc Adem \u00d6zalp, yap\u0131m\u0131 devam eden tesislerin en sa\u011fl\u0131kl\u0131 ve h\u0131zl\u0131 \u015fekilde tamamlanmas\u0131 ve hizmete a\u00e7\u0131lmas\u0131 i\u00e7in gerekli \u00e7al\u0131\u015fmalar\u0131n planl\u0131 bir \u015fekilde s\u00fcrd\u00fcr\u00fcld\u00fc\u011f\u00fcn\u00fc belirterek, daha fazla gencin sporla bulu\u015fturulmas\u0131, gen\u00e7lik faaliyetlerine al\u0131nmas\u0131 i\u00e7in y\u00fcr\u00fct\u00fclen \u00e7al\u0131\u015fmalar\u0131n artt\u0131r\u0131ld\u0131\u011f\u0131n\u0131 s\u00f6yledi. \u0130l M\u00fcd\u00fcr\u00fc \u00d6zalp, \u201cTesislerimizde yap\u0131m, bak\u0131m, onar\u0131m ve iyile\u015ftirme \u00e7al\u0131\u015fmalar\u0131m\u0131z\u0131 h\u0131zland\u0131rd\u0131k. Yeni e\u011fitim \u00f6\u011fretim d\u00f6nemde halk\u0131m\u0131za, gen\u00e7lerimiz ve sporcular\u0131m\u0131za eksiksiz hizmet sunmak istiyoruz\u201d ifadelerine yer verdi.<\/span><\/p>\n","protected":false},"excerpt":{"rendered":"<p>Bal\u0131kesir\u2019de gen\u00e7lik ve spor yat\u0131r\u0131mlar\u0131 h\u0131z kesmeden devam ediyor. Bir\u00e7ok proje tamamlan\u0131rken, yeni yat\u0131r\u0131m projelerinin ise yap\u0131m \u00e7al\u0131\u015fmalar\u0131 ba\u015flad\u0131. Gen\u00e7lik<\/p>\n","protected":false},"author":3,"featured_media":13832,"comment_status":"open","ping_status":"open","sticky":false,"template":"","format":"standard","meta":{"colormag_page_container_layout":"default_layout","colormag_page_sidebar_layout":"default_layout","footnotes":""},"categories":[1,5,9],"tags":[],"class_list":["post-13830","post","type-post","status-publish","format-standard","has-post-thumbnail","hentry","category-genel","category-gundem","category-spor"],"_links":{"self":[{"href":"https:\/\/marmarayerelhizmet.com\/index.php\/wp-json\/wp\/v2\/posts\/13830","targetHints":{"allow":["GET"]}}],"collection":[{"href":"https:\/\/marmarayerelhizmet.com\/index.php\/wp-json\/wp\/v2\/posts"}],"about":[{"href":"https:\/\/marmarayerelhizmet.com\/index.php\/wp-json\/wp\/v2\/types\/post"}],"author":[{"embeddable":true,"href":"https:\/\/marmarayerelhizmet.com\/index.php\/wp-json\/wp\/v2\/users\/3"}],"replies":[{"embeddable":true,"href":"https:\/\/marmarayerelhizmet.com\/index.php\/wp-json\/wp\/v2\/comments?post=13830"}],"version-history":[{"count":0,"href":"https:\/\/marmarayerelhizmet.com\/index.php\/wp-json\/wp\/v2\/posts\/13830\/revisions"}],"wp:featuredmedia":[{"embeddable":true,"href":"https:\/\/marmarayerelhizmet.com\/index.php\/wp-json\/wp\/v2\/media\/13832"}],"wp:attachment":[{"href":"https:\/\/marmarayerelhizmet.com\/index.php\/wp-json\/wp\/v2\/media?parent=13830"}],"wp:term":[{"taxonomy":"category","embeddable":true,"href":"https:\/\/marmarayerelhizmet.com\/index.php\/wp-json\/wp\/v2\/categories?post=13830"},{"taxonomy":"post_tag","embeddable":true,"href":"https:\/\/marmarayerelhizmet.com\/index.php\/wp-json\/wp\/v2\/tags?post=13830"}],"curies":[{"name":"wp","href":"https:\/\/api.w.org\/{rel}","templated":true}]}}