{"id":13822,"date":"2023-08-14T18:08:27","date_gmt":"2023-08-14T15:08:27","guid":{"rendered":"https:\/\/marmarayerelhizmet.com\/?p=13822"},"modified":"2023-08-14T18:08:27","modified_gmt":"2023-08-14T15:08:27","slug":"bakan-yerlikaya-valilerle-bir-araya-geldi","status":"publish","type":"post","link":"https:\/\/marmarayerelhizmet.com\/index.php\/2023\/08\/14\/bakan-yerlikaya-valilerle-bir-araya-geldi\/","title":{"rendered":"Bakan Yerlikaya Valilerle Bir Araya Geldi"},"content":{"rendered":"<p><strong><span style=\"font-family: arial, helvetica, sans-serif; font-size: 14px;\">\u0130\u00e7i\u015fleri Bakan\u0131 Ali Yerlikaya, yeni atanan ve g\u00f6rev yerleri de\u011fi\u015fen 57 ilin valileriyle bir araya geldi.<br \/>\n<\/span><\/strong><br \/>\n<span style=\"font-family: arial, helvetica, sans-serif; font-size: 14px;\">\u0130\u00e7i\u015fleri Bakan\u0131 Ali Yerlikaya, yeni atanan ve g\u00f6rev yerleri de\u011fi\u015fen 57 ilin valileriyle \u0130\u00e7i\u015fleri Bakanl\u0131\u011f\u0131nda bir araya geldi. Bakan Yerlikaya, sosyal medya hesab\u0131ndan yapt\u0131\u011f\u0131 payla\u015f\u0131mda, vatanda\u015flar\u0131n huzur ve g\u00fcvenli\u011fi i\u00e7in el birli\u011fiyle \u00e7al\u0131\u015fmaya devam edeceklerini belirterek \u015fu ifadelere yer verdi:<\/span><br \/>\n<span style=\"font-family: arial, helvetica, sans-serif; font-size: 14px;\">\u201cCumhurba\u015fkan\u0131m\u0131z Recep Tayyip Erdo\u011fan\u2019a bizlere duydu\u011fu g\u00fcven ve takdirlerinden dolay\u0131 \u015f\u00fckranlar\u0131m\u0131 sunuyorum. T\u00fcm Valilerimize ba\u015far\u0131lar diliyorum. \u0130\u00e7i\u015fleri Bakanl\u0131\u011f\u0131 ailesi olarak vatanda\u015flar\u0131m\u0131z\u0131n huzur ve g\u00fcvenli\u011fi i\u00e7in el birli\u011fiyle \u00e7al\u0131\u015fmaya devam edece\u011fiz. Bu \u00e7al\u0131\u015fmalar\u0131m\u0131zda temel referans\u0131m\u0131z hukuk ve insan haklar\u0131d\u0131r.\u201d<\/span><\/p>\n","protected":false},"excerpt":{"rendered":"<p>\u0130\u00e7i\u015fleri Bakan\u0131 Ali Yerlikaya, yeni atanan ve g\u00f6rev yerleri de\u011fi\u015fen 57 ilin valileriyle bir araya geldi. \u0130\u00e7i\u015fleri Bakan\u0131 Ali Yerlikaya,<\/p>\n","protected":false},"author":3,"featured_media":13824,"comment_status":"open","ping_status":"open","sticky":false,"template":"","format":"standard","meta":{"colormag_page_container_layout":"default_layout","colormag_page_sidebar_layout":"default_layout","footnotes":""},"categories":[1,5,8],"tags":[],"class_list":["post-13822","post","type-post","status-publish","format-standard","has-post-thumbnail","hentry","category-genel","category-gundem","category-siyaset"],"_links":{"self":[{"href":"https:\/\/marmarayerelhizmet.com\/index.php\/wp-json\/wp\/v2\/posts\/13822","targetHints":{"allow":["GET"]}}],"collection":[{"href":"https:\/\/marmarayerelhizmet.com\/index.php\/wp-json\/wp\/v2\/posts"}],"about":[{"href":"https:\/\/marmarayerelhizmet.com\/index.php\/wp-json\/wp\/v2\/types\/post"}],"author":[{"embeddable":true,"href":"https:\/\/marmarayerelhizmet.com\/index.php\/wp-json\/wp\/v2\/users\/3"}],"replies":[{"embeddable":true,"href":"https:\/\/marmarayerelhizmet.com\/index.php\/wp-json\/wp\/v2\/comments?post=13822"}],"version-history":[{"count":0,"href":"https:\/\/marmarayerelhizmet.com\/index.php\/wp-json\/wp\/v2\/posts\/13822\/revisions"}],"wp:featuredmedia":[{"embeddable":true,"href":"https:\/\/marmarayerelhizmet.com\/index.php\/wp-json\/wp\/v2\/media\/13824"}],"wp:attachment":[{"href":"https:\/\/marmarayerelhizmet.com\/index.php\/wp-json\/wp\/v2\/media?parent=13822"}],"wp:term":[{"taxonomy":"category","embeddable":true,"href":"https:\/\/marmarayerelhizmet.com\/index.php\/wp-json\/wp\/v2\/categories?post=13822"},{"taxonomy":"post_tag","embeddable":true,"href":"https:\/\/marmarayerelhizmet.com\/index.php\/wp-json\/wp\/v2\/tags?post=13822"}],"curies":[{"name":"wp","href":"https:\/\/api.w.org\/{rel}","templated":true}]}}