{"id":13818,"date":"2023-08-14T14:41:08","date_gmt":"2023-08-14T11:41:08","guid":{"rendered":"https:\/\/marmarayerelhizmet.com\/?p=13818"},"modified":"2023-08-14T14:41:08","modified_gmt":"2023-08-14T11:41:08","slug":"esenlerde-acik-hava-tiyatrosu","status":"publish","type":"post","link":"https:\/\/marmarayerelhizmet.com\/index.php\/2023\/08\/14\/esenlerde-acik-hava-tiyatrosu\/","title":{"rendered":"Esenler&#8217;de A\u00e7\u0131k Hava Tiyatrosu"},"content":{"rendered":"<p><strong><span style=\"font-family: arial, helvetica, sans-serif; font-size: 14px;\">Esenler Belediyesi taraf\u0131ndan bu y\u0131l 3\u2019nc\u00fcs\u00fc d\u00fczenlenen A\u00e7\u0131k Hava Tiyatro Festivali, Esenlerlilerin yaz ak\u015famlar\u0131na renk katt\u0131. Festival \u00e7er\u00e7evesinde g\u00f6sterimi yap\u0131lan filmler, izleyiciden tam not ald\u0131.<br \/>\n<\/span><\/strong><br \/>\n<span style=\"font-family: arial, helvetica, sans-serif; font-size: 14px;\">Birbirinden keyifli ve renkli yaz etkinliklerini merakl\u0131lar\u0131yla bulu\u015fturan Esenler Belediyesi, konserler ve sinema g\u00f6sterimlerinin ard\u0131ndan A\u00e7\u0131k Hava Tiyatro Festivali\u2019ne ev sahipli\u011fi yapt\u0131. Festivalin ilk g\u00fcn\u00fcnde Tiyatro Roza taraf\u0131ndan sahneye ta\u015f\u0131nan \u201c\u00c7evrim D\u0131\u015f\u0131 Aile\u201d oyunu, izleyicilerin ilgisine sunuldu. Sosyal medyan\u0131n aile ili\u015fkileri \u00fczerinde olu\u015fturdu\u011fu olumsuz etkileri mizahi bir \u015fekilde anlatan oyun, izleyiciden b\u00fcy\u00fck be\u011feni toplad\u0131. Esenler 15 Temmuz Millet Bah\u00e7esi\u2019nde ger\u00e7ekle\u015fen g\u00f6sterimler, 7\u2019den 70\u2019e Esenlerlileri bir araya getirdi.<br \/>\n<\/span><br \/>\n<strong><span style=\"font-family: arial, helvetica, sans-serif; font-size: 14px;\">Oyunlara ilgi y\u00fcksek oldu<\/span><\/strong><br \/>\n<span style=\"font-family: arial, helvetica, sans-serif; font-size: 14px;\">A\u00e7\u0131k Hava Tiyatro Festivali \u00e7er\u00e7evesinde mizah\u0131 m\u00fczikle harmanlayarak y\u00fczy\u0131llard\u0131r ayakta kalmaya \u00e7al\u0131\u015fan evlilik m\u00fcessesine dair s\u00fcr\u00fcncemeleri ele alan \u2018Bir Evlilik M\u00fczikali\u2019, intihar\u0131n e\u015fi\u011fine gelen Sena\u2019n\u0131n son anda eski bir arkada\u015f\u0131n\u0131n gelmesiyle ya\u015fad\u0131\u011f\u0131 trajikomik olaylar\u0131 konu alan \u2018Affedilmeyen\u2019 ile Dr. Necip\u2019in kitap \u00e7\u0131karma hayalleri s\u0131ras\u0131nda ya\u015fad\u0131\u011f\u0131 maceralar\u0131 anlatan \u2018Deliriyorum Ben Haberin Olsun\u2019 adl\u0131 oyunlar da tiyatro severlerin ilgisine sunuldu. Oyunlara ilgi ise olduk\u00e7a y\u00fcksek oldu.<br \/>\n<\/span><br \/>\n<strong><span style=\"font-family: arial, helvetica, sans-serif; font-size: 14px;\">\u201cHem piknik yapt\u0131k hem tiyatro izledik\u201d<\/span><\/strong><br \/>\n<span style=\"font-family: arial, helvetica, sans-serif; font-size: 14px;\">Tiyatro festivali \u00e7er\u00e7evesinde g\u00f6sterimi yap\u0131lan \u00e7o\u011fu oyunu izledi\u011fini kaydeden Fatma Alkan, \u201cHer ak\u015fam 15 Temmuz Millet Bah\u00e7esi\u2019ne geliriz. Evlerde s\u0131caktan bunald\u0131\u011f\u0131m\u0131z i\u00e7in \u00e7ocuklarla buraya gelir piknik yapar\u0131z. \u00c7ocuklar da bu parkta oynamay\u0131 \u00e7ok seviyor. Bu hafta oyunlar\u0131 izleme f\u0131rsat\u0131m\u0131z oldu. \u00c7ok iyi oldu bizim a\u00e7\u0131m\u0131zdan. G\u00fcld\u00fck, e\u011flendik. \u00c7ocuklar da mutlu oldu\u201d ifadelerini kulland\u0131.<\/span><\/p>\n","protected":false},"excerpt":{"rendered":"<p>Esenler Belediyesi taraf\u0131ndan bu y\u0131l 3\u2019nc\u00fcs\u00fc d\u00fczenlenen A\u00e7\u0131k Hava Tiyatro Festivali, Esenlerlilerin yaz ak\u015famlar\u0131na renk katt\u0131. Festival \u00e7er\u00e7evesinde g\u00f6sterimi yap\u0131lan<\/p>\n","protected":false},"author":3,"featured_media":13820,"comment_status":"open","ping_status":"open","sticky":false,"template":"","format":"standard","meta":{"colormag_page_container_layout":"default_layout","colormag_page_sidebar_layout":"default_layout","footnotes":""},"categories":[1,5,6,8],"tags":[],"class_list":["post-13818","post","type-post","status-publish","format-standard","has-post-thumbnail","hentry","category-genel","category-gundem","category-kultur-sanat","category-siyaset"],"_links":{"self":[{"href":"https:\/\/marmarayerelhizmet.com\/index.php\/wp-json\/wp\/v2\/posts\/13818","targetHints":{"allow":["GET"]}}],"collection":[{"href":"https:\/\/marmarayerelhizmet.com\/index.php\/wp-json\/wp\/v2\/posts"}],"about":[{"href":"https:\/\/marmarayerelhizmet.com\/index.php\/wp-json\/wp\/v2\/types\/post"}],"author":[{"embeddable":true,"href":"https:\/\/marmarayerelhizmet.com\/index.php\/wp-json\/wp\/v2\/users\/3"}],"replies":[{"embeddable":true,"href":"https:\/\/marmarayerelhizmet.com\/index.php\/wp-json\/wp\/v2\/comments?post=13818"}],"version-history":[{"count":0,"href":"https:\/\/marmarayerelhizmet.com\/index.php\/wp-json\/wp\/v2\/posts\/13818\/revisions"}],"wp:featuredmedia":[{"embeddable":true,"href":"https:\/\/marmarayerelhizmet.com\/index.php\/wp-json\/wp\/v2\/media\/13820"}],"wp:attachment":[{"href":"https:\/\/marmarayerelhizmet.com\/index.php\/wp-json\/wp\/v2\/media?parent=13818"}],"wp:term":[{"taxonomy":"category","embeddable":true,"href":"https:\/\/marmarayerelhizmet.com\/index.php\/wp-json\/wp\/v2\/categories?post=13818"},{"taxonomy":"post_tag","embeddable":true,"href":"https:\/\/marmarayerelhizmet.com\/index.php\/wp-json\/wp\/v2\/tags?post=13818"}],"curies":[{"name":"wp","href":"https:\/\/api.w.org\/{rel}","templated":true}]}}