{"id":13812,"date":"2023-08-14T14:10:20","date_gmt":"2023-08-14T11:10:20","guid":{"rendered":"https:\/\/marmarayerelhizmet.com\/?p=13812"},"modified":"2023-08-14T14:10:20","modified_gmt":"2023-08-14T11:10:20","slug":"ak-parti-22-yasinda","status":"publish","type":"post","link":"https:\/\/marmarayerelhizmet.com\/index.php\/2023\/08\/14\/ak-parti-22-yasinda\/","title":{"rendered":"AK Parti 22 Ya\u015f\u0131nda"},"content":{"rendered":"<p><strong><span style=\"font-family: arial, helvetica, sans-serif; font-size: 14px;\">Recep Tayyip Erdo\u011fan liderli\u011finde, 14 A\u011fustos 2001&#8217;de T\u00fcrkiye&#8217;nin 39. partisi olarak T\u00fcrk siyasetine giren AK Parti, 22 y\u0131l\u0131 geride b\u0131rakt\u0131<br \/>\n<\/span><\/strong><br \/>\n<span style=\"font-family: arial, helvetica, sans-serif; font-size: 14px;\">Eski \u0130stanbul B\u00fcy\u00fck\u015fehir Belediye Ba\u015fkan\u0131 Recep Tayyip Erdo\u011fan liderli\u011findeki &#8220;Erdemliler Hareketi&#8221; taraf\u0131ndan T\u00fcrkiye&#8217;nin 39. partisi olarak kurulan AK Parti, Erdo\u011fan&#8217;\u0131n &#8220;Bug\u00fcnden sonra T\u00fcrkiye&#8217;mizde art\u0131k hi\u00e7bir \u015fey eskisi gibi olmayacak&#8221; ifadesiyle siyaset sahnesinde yerini ald\u0131. Kurulu\u015f i\u015flemlerinin ard\u0131ndan 16 A\u011fustos&#8217;taki AK Parti Kurucular Kurulu toplant\u0131s\u0131nda Erdo\u011fan, oy birli\u011fiyle genel ba\u015fkan se\u00e7ildi. B\u00f6ylece AK Parti&#8217;nin 4 ba\u015fbakan, 2 cumhurba\u015fkan\u0131 \u00e7\u0131karmay\u0131 ba\u015fard\u0131\u011f\u0131, se\u00e7im zaferleriyle dolu siyaset yolculu\u011fu ba\u015flad\u0131. AK Parti, kurulu\u015fundan 15 ay sonra &#8220;Tek ba\u015f\u0131na, i\u015f ba\u015f\u0131na&#8221; slogan\u0131yla, siyasi yasakl\u0131 lideri Erdo\u011fan&#8217;dan mahrum girdi\u011fi 3 Kas\u0131m 2002&#8217;deki genel se\u00e7imden y\u00fczde 34,28&#8217;lik oy oran\u0131yla birinci parti olarak \u00e7\u0131kt\u0131 ve Abdullah G\u00fcl ba\u015fkanl\u0131\u011f\u0131nda 58. Cumhuriyet H\u00fck\u00fcmeti kuruldu.<\/span><\/p>\n<p><strong><span style=\"font-family: arial, helvetica, sans-serif; font-size: 14px;\">Siyaset yolu a\u00e7\u0131ld\u0131<\/span><\/strong><br \/>\n<span style=\"font-family: arial, helvetica, sans-serif; font-size: 14px;\">Genel Ba\u015fkan Erdo\u011fan, T\u00fcrk Ceza Kanunu&#8217;nun (TCK) 312. maddesinde yap\u0131lan de\u011fi\u015fiklikle siyasi yasa\u011f\u0131n\u0131n kalkmas\u0131n\u0131n ard\u0131ndan, 8 Mart 2003&#8217;te Siirt&#8217;te yap\u0131lan yenileme se\u00e7imlerinde milletvekili olarak TBMM&#8217;ye ad\u0131m\u0131n\u0131 att\u0131. G\u00fcl ba\u015fkanl\u0131\u011f\u0131ndaki 58. H\u00fck\u00fcmetin istifas\u0131n\u0131n ard\u0131ndan 10. Cumhurba\u015fkan\u0131 Ahmet Necdet Sezer&#8217;in h\u00fck\u00fcmeti kurma g\u00f6revini verdi\u011fi Recep Tayyip Erdo\u011fan, 15 Mart&#8217;ta T\u00fcrkiye Cumhuriyeti H\u00fck\u00fcmetini kurarak ba\u015fbakanl\u0131k koltu\u011funa oturdu.<\/span><\/p>\n<p><strong><span style=\"font-family: arial, helvetica, sans-serif; font-size: 14px;\">Yeni se\u00e7imler yeni ba\u015far\u0131lar<\/span><\/strong><br \/>\n<span style=\"font-family: arial, helvetica, sans-serif; font-size: 14px;\">AK Parti, Erdo\u011fan&#8217;\u0131n h\u00fck\u00fcmeti kurmas\u0131n\u0131n ard\u0131ndan ilk s\u0131nav\u0131n\u0131 2004 mahalli idareler se\u00e7imlerinde verdi. AK Parti ald\u0131\u011f\u0131 y\u00fczde 41,7&#8217;lik oy oran\u0131yla sand\u0131ktan birinci parti \u00e7\u0131kt\u0131 ve b\u00f6ylece 11&#8217;i b\u00fcy\u00fck\u015fehir olmak \u00fczere bin 950 belediyeyi kazand\u0131.<\/span><br \/>\n<span style=\"font-family: arial, helvetica, sans-serif; font-size: 14px;\">2007&#8217;deki genel se\u00e7imlerde ise y\u00fczde 46,58&#8217;lik oy oran\u0131na ula\u015farak, tek ba\u015f\u0131na iktidar\u0131n\u0131 s\u00fcrd\u00fcren AK Parti, 2009&#8217;da yap\u0131lan yerel se\u00e7imlerde de yine en fazla oyu ald\u0131. \u0130ktidar partisine kapatma davas\u0131 Eski Yarg\u0131tay Cumhuriyet Ba\u015fsavc\u0131s\u0131 Abdurrahman Yal\u00e7\u0131nkaya taraf\u0131ndan haz\u0131rlanan, Cumhurba\u015fkan\u0131 G\u00fcl ve Ba\u015fbakan Erdo\u011fan&#8217;\u0131n da aralar\u0131nda bulundu\u011fu 71 ki\u015fiye 5 y\u0131l s\u00fcreyle siyaset yasa\u011f\u0131 getirilmesi ile partinin kapat\u0131lmas\u0131n\u0131 i\u00e7eren iddianame, 14 Mart 2008&#8217;de Anayasa Mahkemesine sunuldu.<\/span><br \/>\n<span style=\"font-family: arial, helvetica, sans-serif; font-size: 14px;\">Y\u00fcksek Mahkemenin iddianameyi 31 Mart 2008&#8217;de kabul etmesiyle AK Parti i\u00e7in yeni bir s\u00fcre\u00e7 ba\u015flad\u0131. Siyasi tarihe &#8220;Google iddianamesi&#8221; olarak ge\u00e7en iddianamenin kabul edilmesinin ard\u0131ndan dava 30 Temmuz 2008&#8217;de karara ba\u011fland\u0131.<\/span><br \/>\n<span style=\"font-family: arial, helvetica, sans-serif; font-size: 14px;\">5 \u00fcye kapatmaya kar\u015f\u0131 \u00e7\u0131karken, 6 \u00fcye kapatmadan yana oy kulland\u0131. Anayasa&#8217;da \u00f6ng\u00f6r\u00fclen nitelikli \u00e7o\u011funluk sa\u011flanamad\u0131\u011f\u0131 i\u00e7in parti kapatma talebi reddedildi.<\/span><\/p>\n<p><strong><span style=\"font-family: arial, helvetica, sans-serif; font-size: 14px;\">2010 halk oylamas\u0131<\/span><\/strong><br \/>\n<span style=\"font-family: arial, helvetica, sans-serif; font-size: 14px;\">AK Parti&#8217;nin s\u0131navlar\u0131ndan biri de 12 Eyl\u00fcl darbesinin 30. y\u0131l\u0131na denk gelen ve 1982 Anayasas\u0131&#8217;nda de\u011fi\u015fiklik \u00f6ng\u00f6ren d\u00fczenlemeye ili\u015fkin 2010&#8217;daki halk oylamas\u0131yd\u0131. Bu halk oylamas\u0131nda da y\u00fczde 57,88 oran\u0131nda &#8220;evet&#8221; oyu \u00e7\u0131kt\u0131.<\/span><br \/>\n<span style=\"font-family: arial, helvetica, sans-serif; font-size: 14px;\">AK Parti, 2011 genel se\u00e7imlerinde y\u00fczde 49,53 oy oran\u0131n\u0131 yakalarken, 2014&#8217;teki yerel se\u00e7imlerde ise y\u00fczde 45,60 oy oran\u0131na ula\u015farak 18&#8217;i b\u00fcy\u00fck\u015fehir olmak \u00fczere, 818 belediye ba\u015fkanl\u0131\u011f\u0131n\u0131 kazand\u0131.<\/span><\/p>\n<p><strong><span style=\"font-family: arial, helvetica, sans-serif; font-size: 14px;\">12. Cumhurba\u015fkan\u0131 da AK Parti&#8217;den<\/span><\/strong><br \/>\n<span style=\"font-family: arial, helvetica, sans-serif; font-size: 14px;\">Abdullah G\u00fcl&#8217;\u00fcn g\u00f6rev s\u00fcresinin dolmas\u0131n\u0131n ard\u0131ndan 10 A\u011fustos 2014&#8217;te yap\u0131lan se\u00e7imde Recep Tayyip Erdo\u011fan y\u00fczde 52&#8217;lik oy oran\u0131yla do\u011frudan halk iradesiyle se\u00e7ilen ilk ve T\u00fcrkiye&#8217;nin 12. Cumhurba\u015fkan\u0131 oldu. Bu d\u00f6nemde AK Parti&#8217;nin ba\u015f\u0131na Konya Milletvekili Ahmet Davuto\u011flu geldi.<\/span><br \/>\n<span style=\"font-family: arial, helvetica, sans-serif; font-size: 14px;\">Davuto\u011flu&#8217;nun genel ba\u015fkanl\u0131\u011f\u0131nda ilk s\u0131nav\u0131n\u0131 7 Haziran 2015&#8217;teki genel se\u00e7imlerde ve ard\u0131ndan yap\u0131lan 1 Kas\u0131m 2015 erken se\u00e7imlerinde veren AK Parti, 1 Kas\u0131m&#8217;da tek ba\u015f\u0131na iktidar\u0131 elde etti.<\/span><br \/>\n<span style=\"font-family: arial, helvetica, sans-serif; font-size: 14px;\">Davuto\u011flu&#8217;nun ard\u0131ndan 22 May\u0131s 2016&#8217;da d\u00fczenlenen 2. Ola\u011fan\u00fcst\u00fc Kongre ile partinin kurucular\u0131ndan Binali Y\u0131ld\u0131r\u0131m, AK Parti Genel Ba\u015fkanl\u0131\u011f\u0131na se\u00e7ildi ve 65. H\u00fck\u00fcmeti kurarak Ba\u015fbakan oldu.<\/span><br \/>\n<span style=\"font-family: arial, helvetica, sans-serif; font-size: 14px;\">Kurulu\u015funun \u00fczerinden 15 ay ge\u00e7mesinin ard\u0131ndan ilk s\u0131nav\u0131n\u0131 verdi\u011fi 3 Kas\u0131m 2002 se\u00e7imleriyle tek ba\u015f\u0131na iktidar olan AK Parti, \u00f6zellikle 16 Nisan 2017&#8217;de yap\u0131lan halk oylamas\u0131yla T\u00fcrkiye i\u00e7in \u00f6nemli bir ad\u0131m att\u0131.<\/span><br \/>\n<span style=\"font-family: arial, helvetica, sans-serif; font-size: 14px;\">T\u00fcrkiye i\u00e7in yeni bir d\u00f6nemin kap\u0131lar\u0131n\u0131n araland\u0131\u011f\u0131 16 Nisan 2017&#8217;deki halk oylamas\u0131n\u0131n temelleri, Ba\u015fbakan Binali Y\u0131ld\u0131r\u0131m dahil, 316 AK Parti milletvekilinin imzas\u0131n\u0131 ta\u015f\u0131yan anayasa de\u011fi\u015fikli\u011fi teklifinin 10 Aral\u0131k 2016&#8217;da TBMM Ba\u015fkanl\u0131\u011f\u0131na sunulmas\u0131yla at\u0131ld\u0131.<\/span><br \/>\n<span style=\"font-family: arial, helvetica, sans-serif; font-size: 14px;\">Maddeler \u00fczerinde yap\u0131lan oylamalar\u0131n ard\u0131ndan 10 \u015eubat 2017&#8217;de Cumhurba\u015fkan\u0131 Erdo\u011fan, anayasa de\u011fi\u015fikli\u011fine ili\u015fkin kanunu onaylayarak, halkoyuna sunulmak \u00fczere yay\u0131mlanmas\u0131 i\u00e7in Ba\u015fbakanl\u0131\u011fa g\u00f6nderdi.<\/span><br \/>\n<span style=\"font-family: arial, helvetica, sans-serif; font-size: 14px;\">Halk oylamas\u0131, y\u00fczde 51,41 oran\u0131nda &#8220;evet&#8221; ve y\u00fczde 48,59 oran\u0131nda &#8220;hay\u0131r&#8221; oyu ile sonu\u00e7land\u0131. B\u00f6ylece, Anayasa&#8217;daki, &#8220;Cumhurba\u015fkan\u0131 se\u00e7ilenin partisi ile ili\u015fi\u011fi kesilir&#8221; h\u00fckm\u00fc kald\u0131r\u0131ld\u0131 ve Cumhurba\u015fkan\u0131 Erdo\u011fan&#8217;a parti \u00fcyeli\u011finin yolu a\u00e7\u0131ld\u0131. Vatanda\u015flar verdikleri oylarla Cumhurba\u015fkanl\u0131\u011f\u0131 H\u00fck\u00fcmet Sistemi&#8217;ne ge\u00e7ilmesine karar verdi.<\/span><br \/>\n<span style=\"font-family: arial, helvetica, sans-serif; font-size: 14px;\">Cumhurba\u015fkan\u0131 Erdo\u011fan, 2014 cumhurba\u015fkan\u0131 se\u00e7iminin ard\u0131ndan ayr\u0131ld\u0131\u011f\u0131 AK Parti&#8217;ye 979 g\u00fcn aradan sonra gelerek \u00fcyelik beyannamesini imzalad\u0131 ve \u00fcye oldu.<\/span><br \/>\n<span style=\"font-family: arial, helvetica, sans-serif; font-size: 14px;\">Cumhurba\u015fkan\u0131 Erdo\u011fan, al\u0131nan ola\u011fan\u00fcst\u00fc kongre karar\u0131 sonras\u0131nda 21 May\u0131s 2017&#8217;de yap\u0131lan 3. Ola\u011fan\u00fcst\u00fc B\u00fcy\u00fck Kongre&#8217;de 1414 ge\u00e7erli oyun tamam\u0131n\u0131 alarak 998 g\u00fcn sonra yeniden AK Parti Genel Ba\u015fkanl\u0131\u011f\u0131na se\u00e7ildi.<\/span><\/p>\n<p><strong><span style=\"font-family: arial, helvetica, sans-serif; font-size: 14px;\">24 Haziran se\u00e7imleri<\/span><\/strong><br \/>\n<span style=\"font-family: arial, helvetica, sans-serif; font-size: 14px;\">2019 y\u0131l\u0131nda yap\u0131lmas\u0131 planlanan se\u00e7imlerin erkene \u00e7ekilmesi siyaset sahnesinde hareketli g\u00fcnlerin ya\u015fanmas\u0131na neden oldu. Siyasi ittifak yap\u0131lan MHP&#8217;nin Genel Ba\u015fkan\u0131 Devlet Bah\u00e7eli&#8217;den gelen erken se\u00e7im teklifi sonras\u0131nda Erdo\u011fan ve partinin yetkili organlar\u0131 bu teklifi de\u011ferlendirdi ve se\u00e7imlerin 24 Haziran 2018&#8217;de yap\u0131laca\u011f\u0131 a\u00e7\u0131kland\u0131.<\/span><br \/>\n<span style=\"font-family: arial, helvetica, sans-serif; font-size: 14px;\">Se\u00e7menler ilk kez 24 Haziran&#8217;da hem cumhurba\u015fkan\u0131 ve hem de milletvekili se\u00e7imi i\u00e7in ilk kez ayn\u0131 g\u00fcn sand\u0131k ba\u015f\u0131na gitti. Se\u00e7imlerde y\u00fczde 52,38 oy alan Erdo\u011fan, Cumhurba\u015fkanl\u0131\u011f\u0131 H\u00fck\u00fcmet Sistemi&#8217;nin ilk Cumhurba\u015fkan\u0131 se\u00e7ildi. Milletvekili se\u00e7iminde ise AK Parti y\u00fczde 42,28 oy alarak 13. se\u00e7imini de birinci s\u0131rada tamamlamay\u0131 ba\u015fard\u0131.<\/span><br \/>\n<span style=\"font-family: arial, helvetica, sans-serif; font-size: 14px;\">TBMM&#8217;de 9 Temmuz&#8217;da yemin ederek g\u00f6revine ba\u015flayan Erdo\u011fan, yeni sistemin ilk Cumhurba\u015fkanl\u0131\u011f\u0131 Kabinesi&#8217;ni de ayn\u0131 g\u00fcn a\u00e7\u0131klad\u0131.<\/span><\/p>\n<p><strong><span style=\"font-family: arial, helvetica, sans-serif; font-size: 14px;\">AK Parti 6. Ola\u011fan B\u00fcy\u00fck Kongresi&#8217;ni yapt\u0131<\/span><\/strong><br \/>\n<span style=\"font-family: arial, helvetica, sans-serif; font-size: 14px;\">AK Parti&#8217;nin 18 A\u011fustos 2018&#8217;de ger\u00e7ekle\u015fen 6. Ola\u011fan B\u00fcy\u00fck Kongresi&#8217;nde ge\u00e7erli oylar\u0131n tamam\u0131n\u0131 alan Erdo\u011fan, 1380 oyla yeniden genel ba\u015fkan se\u00e7ildi. Kongrede yap\u0131lan de\u011fi\u015fiklikle 24 Haziran se\u00e7imlerinde yap\u0131lan &#8220;siyasi parti se\u00e7im ittifak\u0131&#8221; parti t\u00fcz\u00fc\u011f\u00fcne girerken, t\u00fcz\u00fc\u011fe &#8220;Merkez Y\u00fcr\u00fctme Kurulu (MYK) \u00fcyeli\u011fi ile Cumhurba\u015fkan\u0131 Yard\u0131mc\u0131l\u0131\u011f\u0131 veya Bakanl\u0131k g\u00f6revi ayn\u0131 ki\u015fide birle\u015femez&#8221; f\u0131kras\u0131 eklendi.<\/span><\/p>\n<p><strong><span style=\"font-family: arial, helvetica, sans-serif; font-size: 14px;\">31 Mart yerel se\u00e7imleri<\/span><\/strong><br \/>\n<span style=\"font-family: arial, helvetica, sans-serif; font-size: 14px;\">Mahalli \u0130dareler Genel Se\u00e7imlerinde de AK Parti ve MHP &#8220;Cumhur \u0130ttifak\u0131&#8221;n\u0131 devam ettirdi. Bu do\u011frultuda 30&#8217;u b\u00fcy\u00fck\u015fehir olmak \u00fczere 51 ilde ittifak yap\u0131l\u0131rken 27 b\u00fcy\u00fck\u015fehirde AK Parti, Adana, Mersin ve Manisa b\u00fcy\u00fck\u015fehir belediyelerinde ise MHP aday g\u00f6sterdi.<\/span><br \/>\n<span style=\"font-family: arial, helvetica, sans-serif; font-size: 14px;\">AK Parti, bu se\u00e7imde de ula\u015ft\u0131\u011f\u0131 y\u00fczde 44,33 oy oran\u0131yla birinci parti olmay\u0131 ba\u015far\u0131rken, Ankara ve \u0130stanbul b\u00fcy\u00fck\u015fehir belediyelerini CHP kazand\u0131.<\/span><br \/>\n<span style=\"font-family: arial, helvetica, sans-serif; font-size: 14px;\">AK Parti&#8217;nin itiraz\u0131 \u00fczerine 23 Haziran&#8217;da yenilenen \u0130stanbul B\u00fcy\u00fck\u015fehir Belediye Ba\u015fkanl\u0131\u011f\u0131 se\u00e7imini CHP kazand\u0131.<\/span><\/p>\n<p><strong><span style=\"font-family: arial, helvetica, sans-serif; font-size: 14px;\">Ola\u011fan kongre s\u00fcrecine Kovid-19 engeli<\/span><\/strong><br \/>\n<span style=\"font-family: arial, helvetica, sans-serif; font-size: 14px;\">Cumhurba\u015fkan\u0131 ve AK Parti Genel Ba\u015fkan\u0131 Erdo\u011fan&#8217;\u0131n talimat\u0131yla partinin 7. Ola\u011fan B\u00fcy\u00fck Kongre s\u00fcreci sonbaharda ba\u015flad\u0131 ancak mart ay\u0131nda T\u00fcrkiye&#8217;de de etkili olmaya ba\u015flayan Kovid-19 salg\u0131n\u0131 nedeniyle &#8220;\u0130nand\u0131\u011f\u0131n yolda y\u00fcr\u00fc&#8221; temas\u0131yla ba\u015flat\u0131lan kongre s\u00fcrecine ara verildi. Salg\u0131n \u015fartlar\u0131n\u0131n hafiflemesinin ard\u0131ndan kongre s\u00fcreci devam etti ve 24 Mart 2021&#8217;de kongre yap\u0131ld\u0131. Erdo\u011fan, ge\u00e7erli 1428 oyun tamam\u0131n\u0131 alarak AK Parti Genel Ba\u015fkanl\u0131\u011f\u0131na yeniden se\u00e7ildi.<\/span><\/p>\n<p><strong><span style=\"font-family: arial, helvetica, sans-serif; font-size: 14px;\">14 May\u0131s Cumhurba\u015fkan\u0131 ve 28. D\u00f6nem Milletvekili Genel Se\u00e7imi<\/span><\/strong><br \/>\n<span style=\"font-family: arial, helvetica, sans-serif; font-size: 14px;\">Cumhurba\u015fkanl\u0131\u011f\u0131 K\u00fclliyesi&#8217;nde 10 Mart 2023&#8217;te a\u00e7\u0131klama yapan Cumhurba\u015fkan\u0131 Erdo\u011fan, Anayasa&#8217;n\u0131n 116. maddesinin verdi\u011fi yetkiyle 18 Haziran&#8217;da yap\u0131lmas\u0131 gereken cumhurba\u015fkan\u0131 ve milletvekili se\u00e7imlerinin 14 May\u0131s&#8217;ta yenilenmesi karar\u0131n\u0131 imzalad\u0131. Cumhurba\u015fkan\u0131 Se\u00e7imi ve 28. D\u00f6nem Milletvekili Se\u00e7iminin yap\u0131ld\u0131\u011f\u0131 14 May\u0131s&#8217;ta, Cumhur \u0130ttifak\u0131\u2019n\u0131n aday\u0131 Recep Tayyip Erdo\u011fan, y\u00fczde 49,52 oy ald\u0131 ancak ilk turda y\u00fczde 50 art\u0131 1 oy alamad\u0131\u011f\u0131 i\u00e7in Cumhurba\u015fkan\u0131 se\u00e7ilemedi. AK Parti ise ald\u0131\u011f\u0131 y\u00fczde 35,62 oyla parlamentoda 268 milletvekili \u00e7\u0131kard\u0131. 28 May\u0131s&#8217;ta yap\u0131lan Cumhurba\u015fkan\u0131 Se\u00e7iminin ikinci oylamas\u0131nda Recep Tayyip Erdo\u011fan y\u00fczde 52,18 oran\u0131nda oy alarak cumhurba\u015fkan\u0131 se\u00e7ildi.<\/span><\/p>\n<p><strong><span style=\"font-family: arial, helvetica, sans-serif; font-size: 14px;\">AK Parti&#8217;de yerel se\u00e7im haz\u0131rl\u0131klar\u0131 ba\u015flad\u0131<\/span><\/strong><br \/>\n<span style=\"font-family: arial, helvetica, sans-serif; font-size: 14px;\">Bir se\u00e7im d\u00f6neminin bitmesinin ard\u0131ndan hemen gelecek se\u00e7imin haz\u0131rl\u0131klar\u0131n\u0131n ba\u015flad\u0131\u011f\u0131 AK Parti&#8217;de 31 Mart 2024 Pazar g\u00fcn\u00fc yap\u0131lacak Mahalli \u0130dareler Se\u00e7imi i\u00e7in \u00e7al\u0131\u015fmalar ba\u015flad\u0131. 2019 yerel se\u00e7imlerinde muhalefetin kazand\u0131\u011f\u0131 ba\u015fta \u0130stanbul ve Ankara olmak \u00fczere baz\u0131 illerdeki belediyeleri geri almak isteyen partide, il ve il\u00e7e te\u015fkilatlar\u0131nda kadrolar yenilenmeye ba\u015fland\u0131. AK Parti&#8217;de yerel se\u00e7imler \u00f6ncesi partinin ana kademesinde yap\u0131lacak de\u011fi\u015fiklikler i\u00e7in 7 Ekim&#8217;de 4. Ola\u011fan\u00fcst\u00fc Kongre ger\u00e7ekle\u015ftirilecek. Yerel se\u00e7imlerin ard\u0131ndan ola\u011fan kongre s\u00fcreci ba\u015flayacak.<\/span><\/p>\n<p><strong><span style=\"font-family: arial, helvetica, sans-serif; font-size: 14px;\">AK Parti&#8217;nin kurulu\u015f y\u0131l d\u00f6n\u00fcm\u00fc 24 A\u011fustos&#8217;ta kutlanacak<\/span><\/strong><br \/>\n<span style=\"font-family: arial, helvetica, sans-serif; font-size: 14px;\">Edinilen bilgilere g\u00f6re, AK Parti&#8217;de 22. kurulu\u015f y\u0131l d\u00f6n\u00fcm\u00fc 24 A\u011fustos&#8217;ta yap\u0131lacak programla kutlanacak. Cumhurba\u015fkan\u0131 Erdo\u011fan, program kapsam\u0131nda d\u00fczenlenecek Geni\u015fletilmi\u015f \u0130l Ba\u015fkanlar\u0131 Toplant\u0131s\u0131 vesilesiyle partililerle bir araya gelecek.<\/span><\/p>\n","protected":false},"excerpt":{"rendered":"<p>Recep Tayyip Erdo\u011fan liderli\u011finde, 14 A\u011fustos 2001&#8217;de T\u00fcrkiye&#8217;nin 39. partisi olarak T\u00fcrk siyasetine giren AK Parti, 22 y\u0131l\u0131 geride b\u0131rakt\u0131<\/p>\n","protected":false},"author":3,"featured_media":13814,"comment_status":"open","ping_status":"open","sticky":false,"template":"","format":"standard","meta":{"colormag_page_container_layout":"default_layout","colormag_page_sidebar_layout":"default_layout","footnotes":""},"categories":[1,5,8],"tags":[],"class_list":["post-13812","post","type-post","status-publish","format-standard","has-post-thumbnail","hentry","category-genel","category-gundem","category-siyaset"],"_links":{"self":[{"href":"https:\/\/marmarayerelhizmet.com\/index.php\/wp-json\/wp\/v2\/posts\/13812","targetHints":{"allow":["GET"]}}],"collection":[{"href":"https:\/\/marmarayerelhizmet.com\/index.php\/wp-json\/wp\/v2\/posts"}],"about":[{"href":"https:\/\/marmarayerelhizmet.com\/index.php\/wp-json\/wp\/v2\/types\/post"}],"author":[{"embeddable":true,"href":"https:\/\/marmarayerelhizmet.com\/index.php\/wp-json\/wp\/v2\/users\/3"}],"replies":[{"embeddable":true,"href":"https:\/\/marmarayerelhizmet.com\/index.php\/wp-json\/wp\/v2\/comments?post=13812"}],"version-history":[{"count":0,"href":"https:\/\/marmarayerelhizmet.com\/index.php\/wp-json\/wp\/v2\/posts\/13812\/revisions"}],"wp:featuredmedia":[{"embeddable":true,"href":"https:\/\/marmarayerelhizmet.com\/index.php\/wp-json\/wp\/v2\/media\/13814"}],"wp:attachment":[{"href":"https:\/\/marmarayerelhizmet.com\/index.php\/wp-json\/wp\/v2\/media?parent=13812"}],"wp:term":[{"taxonomy":"category","embeddable":true,"href":"https:\/\/marmarayerelhizmet.com\/index.php\/wp-json\/wp\/v2\/categories?post=13812"},{"taxonomy":"post_tag","embeddable":true,"href":"https:\/\/marmarayerelhizmet.com\/index.php\/wp-json\/wp\/v2\/tags?post=13812"}],"curies":[{"name":"wp","href":"https:\/\/api.w.org\/{rel}","templated":true}]}}