{"id":13808,"date":"2023-08-14T14:00:13","date_gmt":"2023-08-14T11:00:13","guid":{"rendered":"https:\/\/marmarayerelhizmet.com\/?p=13808"},"modified":"2023-08-14T14:00:13","modified_gmt":"2023-08-14T11:00:13","slug":"minik-sporcu-sponsor-destegi-bekliyor","status":"publish","type":"post","link":"https:\/\/marmarayerelhizmet.com\/index.php\/2023\/08\/14\/minik-sporcu-sponsor-destegi-bekliyor\/","title":{"rendered":"Minik Sporcu Sponsor Deste\u011fi Bekliyor"},"content":{"rendered":"<p><strong><span style=\"font-family: arial, helvetica, sans-serif; font-size: 14px;\">Bal\u0131kesir\u2019in Ayval\u0131k il\u00e7esinin motosiklet yar\u0131\u015fmalar\u0131ndaki gururu, 11 ya\u015f\u0131ndaki minik sporcu \u00c7a\u011fatay \u00c7oklar d\u00fcnya \u015fampiyonas\u0131na haz\u0131rlan\u0131yor.<br \/>\n<\/span><\/strong><br \/>\n<span style=\"font-family: arial, helvetica, sans-serif; font-size: 14px;\">Bug\u00fcne kadar kat\u0131ld\u0131\u011f\u0131 T\u00fcrkiye \u015fampiyonalar\u0131nda bir \u00e7ok kupa sahibi olan ve 2021\u2019de T\u00fcrkiye \u00fc\u00e7\u00fcnc\u00fcl\u00fc\u011f\u00fc ile 2022 y\u0131l\u0131nda ise iki saniye farkla T\u00fcrkiye \u015fampiyonlu\u011funu ka\u00e7\u0131r\u0131p, T\u00fcrkiye ikincisi olan \u00c7a\u011fatay \u00c7oklar d\u00fcnya \u015fampiyonas\u0131nda \u00fclkemizi temsil etmek i\u00e7in g\u00fcn say\u0131yor.<\/span><br \/>\n<span style=\"font-family: arial, helvetica, sans-serif; font-size: 14px;\">Bu y\u0131l Afyonkarahisar\u2019da, 1-2 Eyl\u00fcl tarihlerinde D\u00fcnya \u015eampiyonas\u0131 organizasyonu i\u00e7erisinde yap\u0131lacak olan MXGP Akademi taraf\u0131ndan d\u00fczenlenen yar\u0131\u015fmalara 65 ve 85 cc motosiklet s\u0131n\u0131f\u0131nda kat\u0131lacak olan \u00c7oklar\u2019\u0131n, son derece heyecanl\u0131 ve bir o kadar da h\u0131rsl\u0131 oldu\u011fu \u00f6\u011frenildi.<\/span><br \/>\n<span style=\"font-family: arial, helvetica, sans-serif; font-size: 14px;\">D\u00fcnya \u015fampiyonas\u0131na T\u00fcrkiye\u2019den sadece 5 motosiklet yar\u0131\u015f\u00e7\u0131s\u0131na \u015fans verildi\u011fini kaydeden \u00c7a\u011fatay\u2019\u0131n babas\u0131 Niyazi \u00c7oklar ise s\u00f6z konusu \u015fampiyonaya T\u00fcrkiye\u2019den sadece 5 sporcunun davet ald\u0131\u011f\u0131n\u0131 belirtti.<\/span><br \/>\n<span style=\"font-family: arial, helvetica, sans-serif; font-size: 14px;\">\u00c7a\u011fatay ile gurur duydu\u011funu kaydeden Niyazi \u00c7oklar, \u201cO\u011flumun d\u00fcnya \u015fampiyonas\u0131nda T\u00fcrkiye\u2019yi temsil edecek olmas\u0131 beni de en az O\u2019nun kadar heyecanland\u0131r\u0131yor. Ben, \u00fclkem ad\u0131na yar\u0131\u015facak olan o\u011flumun ba\u015far\u0131l\u0131 olabilmesi i\u00e7in elimden geldi\u011fince her t\u00fcrl\u00fc maddi ve manevi deste\u011fi vermeye \u00e7al\u0131\u015f\u0131yorum. Ancak bu kez bu \u015fampiyonan\u0131n mali portresi olduk\u00e7a a\u011f\u0131r ve ne yaz\u0131k ki beni a\u015f\u0131yor. Bu y\u00fczden de o\u011flumun bu \u015fampiyonada iyi dereceler elde edebilmesi i\u00e7in sponsor firmalarca verilebilecek deste\u011fe ihtiyac\u0131m\u0131z var. Umuyor ve diliyorum ki; bu destekle \u00fclkemizin bu klasmandaki gururu \u00c7a\u011fatay, d\u00fcnya \u015fampiyonas\u0131ndan en az ilk \u00fc\u00e7 dereceye girebilecek bir sonu\u00e7la d\u00f6necektir\u201d diye konu\u015ftu.<\/span><br \/>\n<span style=\"font-family: arial, helvetica, sans-serif; font-size: 14px;\">\u00d6te yandan \u00c7a\u011fatay\u2019\u0131n 5 ya\u015f\u0131ndaki karde\u015fi Mert \u00c7oklar\u2019\u0131n da, \u015fimdiden a\u011fabeyinin izinden gitmeye haz\u0131rlanan bir motosiklet sporcusu aday\u0131 oldu\u011fu \u00f6\u011frenildi.<\/span><\/p>\n","protected":false},"excerpt":{"rendered":"<p>Bal\u0131kesir\u2019in Ayval\u0131k il\u00e7esinin motosiklet yar\u0131\u015fmalar\u0131ndaki gururu, 11 ya\u015f\u0131ndaki minik sporcu \u00c7a\u011fatay \u00c7oklar d\u00fcnya \u015fampiyonas\u0131na haz\u0131rlan\u0131yor. Bug\u00fcne kadar kat\u0131ld\u0131\u011f\u0131 T\u00fcrkiye \u015fampiyonalar\u0131nda<\/p>\n","protected":false},"author":3,"featured_media":13810,"comment_status":"open","ping_status":"open","sticky":false,"template":"","format":"standard","meta":{"colormag_page_container_layout":"default_layout","colormag_page_sidebar_layout":"default_layout","footnotes":""},"categories":[1,5,9],"tags":[],"class_list":["post-13808","post","type-post","status-publish","format-standard","has-post-thumbnail","hentry","category-genel","category-gundem","category-spor"],"_links":{"self":[{"href":"https:\/\/marmarayerelhizmet.com\/index.php\/wp-json\/wp\/v2\/posts\/13808","targetHints":{"allow":["GET"]}}],"collection":[{"href":"https:\/\/marmarayerelhizmet.com\/index.php\/wp-json\/wp\/v2\/posts"}],"about":[{"href":"https:\/\/marmarayerelhizmet.com\/index.php\/wp-json\/wp\/v2\/types\/post"}],"author":[{"embeddable":true,"href":"https:\/\/marmarayerelhizmet.com\/index.php\/wp-json\/wp\/v2\/users\/3"}],"replies":[{"embeddable":true,"href":"https:\/\/marmarayerelhizmet.com\/index.php\/wp-json\/wp\/v2\/comments?post=13808"}],"version-history":[{"count":0,"href":"https:\/\/marmarayerelhizmet.com\/index.php\/wp-json\/wp\/v2\/posts\/13808\/revisions"}],"wp:featuredmedia":[{"embeddable":true,"href":"https:\/\/marmarayerelhizmet.com\/index.php\/wp-json\/wp\/v2\/media\/13810"}],"wp:attachment":[{"href":"https:\/\/marmarayerelhizmet.com\/index.php\/wp-json\/wp\/v2\/media?parent=13808"}],"wp:term":[{"taxonomy":"category","embeddable":true,"href":"https:\/\/marmarayerelhizmet.com\/index.php\/wp-json\/wp\/v2\/categories?post=13808"},{"taxonomy":"post_tag","embeddable":true,"href":"https:\/\/marmarayerelhizmet.com\/index.php\/wp-json\/wp\/v2\/tags?post=13808"}],"curies":[{"name":"wp","href":"https:\/\/api.w.org\/{rel}","templated":true}]}}