{"id":13800,"date":"2023-08-14T13:54:54","date_gmt":"2023-08-14T10:54:54","guid":{"rendered":"https:\/\/marmarayerelhizmet.com\/?p=13800"},"modified":"2023-08-14T13:54:54","modified_gmt":"2023-08-14T10:54:54","slug":"festival-esenyurtta-muhtesem-final","status":"publish","type":"post","link":"https:\/\/marmarayerelhizmet.com\/index.php\/2023\/08\/14\/festival-esenyurtta-muhtesem-final\/","title":{"rendered":"Festival Esenyurt\u2019ta Muhte\u015fem Final"},"content":{"rendered":"<p><strong><span style=\"font-family: arial, helvetica, sans-serif; font-size: 14px;\">Esenyurt\u2019ta bu y\u0131l 2.\u2019si d\u00fczenlenen Uluslararas\u0131 Esenyurt Halk Danslar\u0131, M\u00fczik ve Sanat Festivali, b\u00fcy\u00fcleyici g\u00f6steriler ve renkli etkinliklerle ge\u00e7en d\u00f6rt g\u00fcn\u00fcn ard\u0131ndan sona erdi. Festival, konuk \u00fclkelerin dans g\u00f6sterilerinin ard\u0131ndan sahne alan Y\u00fcksek Sadakat grubunun konseri ile kapan\u0131\u015f yapt\u0131. Konuk \u00fclkelerin temsilcilerine te\u015fekk\u00fcr eden Esenyurt Belediye Ba\u015fkan\u0131 Kemal Deniz Bozkurt, \u201cEsenyurt ve Esenyurtlular sanatla, zanaatla, g\u00fczelliklerle, birlikle, beraberlikle, karde\u015flikle, co\u015fkuyla an\u0131lacak\u201d dedi.<br \/>\n<\/span><\/strong><br \/>\n<span style=\"font-family: arial, helvetica, sans-serif; font-size: 14px;\">Esenyurt Belediyesi\u2019nin d\u00fczenledi\u011fi g\u00f6rkemli festival sona erdi. \u0130l\u00e7enin belirli noktalar\u0131nda d\u00f6rt g\u00fcn boyunca dans ve sanatla bulu\u015fan Esenyurtlular, festivalin son g\u00fcn\u00fcnde ise R\u0131fat Ilgaz A\u00e7\u0131k Hava Tiyatrosu\u2019nda \u00fcnl\u00fc Rock Grubu Y\u00fcksek Sadakat konseri ile unutulmaz anlar ya\u015fad\u0131. Konserin yan\u0131 s\u0131ra d\u00fcnyan\u0131n farkl\u0131 \u00fclkelerinden gelen dans gruplar\u0131n\u0131n son g\u00f6sterilerinin ard\u0131ndan te\u015fekk\u00fcr madalyalar\u0131n\u0131 vermek \u00fczere sahneye \u00e7\u0131kan Esenyurt Belediye Ba\u015fkan\u0131 Kemal Deniz Bozkurt, festival \u00e7er\u00e7evesinde yap\u0131lan t\u00fcm etkinliklerde eme\u011fi ge\u00e7en herkese te\u015fekk\u00fcr ederek bu tarz festivallerin her zaman devam edece\u011fini ifade etti.<\/span><\/p>\n<p><strong><span style=\"font-family: arial, helvetica, sans-serif; font-size: 14px;\">\u201cD\u00fcnyay\u0131 g\u00fczellikler kurtaracak\u201d<\/span><\/strong><br \/>\n<span style=\"font-family: arial, helvetica, sans-serif; font-size: 14px;\">Festivalin son g\u00fcn\u00fcnde konu\u015fmas\u0131n\u0131 ger\u00e7ekle\u015ftiren Esenyurt Belediye Ba\u015fkan\u0131 Kemal Deniz Bozkurt, \u201cAsl\u0131nda biz sizin g\u00fczelli\u011finizi yans\u0131tt\u0131k. Buras\u0131 farkl\u0131 kimlikleri ve farkl\u0131l\u0131klar\u0131 i\u00e7erisinde bar\u0131nd\u0131ran bir il\u00e7e. Zaten bir imparatorluk co\u011frafyas\u0131nda herkesi tek tip yapmaya \u00e7al\u0131\u015fman\u0131n ne kadar yanl\u0131\u015f oldu\u011funu bir kez daha g\u00f6r\u00fcyoruz. Buras\u0131 rengarenk. Renklerimizle beraber inan\u00e7lar\u0131m\u0131zla, k\u00f6kenlerimizle, farkl\u0131l\u0131klar\u0131m\u0131zla beraber burada birlikte ya\u015f\u0131yoruz. Bize k\u00f6t\u00fc bir imaj haz\u0131rlamak istiyor olabilirler, hak etmedi\u011fimiz bir tak\u0131m yorumlar yap\u0131l\u0131yor olabilir ama ben Esenyurtlu olmaktan, Esenyurt\u2019un Belediye Ba\u015fkan\u0131 olmaktan b\u00fcy\u00fck onur duyuyorum. Sizlerin Ba\u015fkan\u0131 olmaktan daha de\u011ferli bir \u015fey olmad\u0131\u011f\u0131n\u0131 d\u00fc\u015f\u00fcn\u00fcyorum. Bundan sonra Esenyurt\u2019un hep g\u00fczelliklerle an\u0131lmas\u0131 i\u00e7in \u00e7al\u0131\u015fmalar\u0131m\u0131z devam edecek. Festivallerimiz s\u00fcrekli devam edecek. Esenyurt ve Esenyurtlular sanatla, zanaatla, g\u00fczelliklerle, birlikle, beraberlikle, karde\u015flikle, co\u015fkuyla an\u0131lacak. Ben tekrardan d\u00fcnyay\u0131 g\u00fczellik kurtaracak diyorum ve hepinizi \u00e7ok seviyorum\u201d ifadelerini kulland\u0131.<\/span><\/p>\n<p><strong><span style=\"font-family: arial, helvetica, sans-serif; font-size: 14px;\">\u201cBu festivalin dans odakl\u0131 olmas\u0131 \u00e7ok ho\u015fuma gitti\u201d<\/span><\/strong><br \/>\n<span style=\"font-family: arial, helvetica, sans-serif; font-size: 14px;\">Y\u00fcksek Sadakat grubunun hem kurucusu hem de bas gitaristli\u011fini yapan sanat\u00e7\u0131 Kutlu \u00d6zmakinac\u0131, \u201cBuras\u0131 \u00e7ok kalabal\u0131k. Burada binlerce insan var. Bu festivalin dans odakl\u0131 olmas\u0131 \u00e7ok ho\u015fuma gitti. Ayr\u0131ca burada farkl\u0131 milletlerden, farkl\u0131 dillerden, farkl\u0131 inan\u00e7lardan olan insanlar\u0131n bir arada olmas\u0131ndan \u00e7ok memnun oldum. K\u00fclt\u00fcrlerin bir araya gelmesi sanat\u0131n temelinde yatan o birle\u015ftiricilikten kaynaklan\u0131yor. Farkl\u0131 k\u00fclt\u00fcrlerin birbirlerini tan\u0131mamas\u0131 ve birbirlerine olan \u00f6n yarg\u0131lar\u0131 bu tarz etkinlikler sayesinde son buluyor. Umar\u0131m bu tarz festivaller her zaman devam eder\u201d \u015feklinde konu\u015ftu.<\/span><\/p>\n","protected":false},"excerpt":{"rendered":"<p>Esenyurt\u2019ta bu y\u0131l 2.\u2019si d\u00fczenlenen Uluslararas\u0131 Esenyurt Halk Danslar\u0131, M\u00fczik ve Sanat Festivali, b\u00fcy\u00fcleyici g\u00f6steriler ve renkli etkinliklerle ge\u00e7en d\u00f6rt<\/p>\n","protected":false},"author":3,"featured_media":13802,"comment_status":"open","ping_status":"open","sticky":false,"template":"","format":"standard","meta":{"colormag_page_container_layout":"default_layout","colormag_page_sidebar_layout":"default_layout","footnotes":""},"categories":[1,5,6,8],"tags":[],"class_list":["post-13800","post","type-post","status-publish","format-standard","has-post-thumbnail","hentry","category-genel","category-gundem","category-kultur-sanat","category-siyaset"],"_links":{"self":[{"href":"https:\/\/marmarayerelhizmet.com\/index.php\/wp-json\/wp\/v2\/posts\/13800","targetHints":{"allow":["GET"]}}],"collection":[{"href":"https:\/\/marmarayerelhizmet.com\/index.php\/wp-json\/wp\/v2\/posts"}],"about":[{"href":"https:\/\/marmarayerelhizmet.com\/index.php\/wp-json\/wp\/v2\/types\/post"}],"author":[{"embeddable":true,"href":"https:\/\/marmarayerelhizmet.com\/index.php\/wp-json\/wp\/v2\/users\/3"}],"replies":[{"embeddable":true,"href":"https:\/\/marmarayerelhizmet.com\/index.php\/wp-json\/wp\/v2\/comments?post=13800"}],"version-history":[{"count":0,"href":"https:\/\/marmarayerelhizmet.com\/index.php\/wp-json\/wp\/v2\/posts\/13800\/revisions"}],"wp:featuredmedia":[{"embeddable":true,"href":"https:\/\/marmarayerelhizmet.com\/index.php\/wp-json\/wp\/v2\/media\/13802"}],"wp:attachment":[{"href":"https:\/\/marmarayerelhizmet.com\/index.php\/wp-json\/wp\/v2\/media?parent=13800"}],"wp:term":[{"taxonomy":"category","embeddable":true,"href":"https:\/\/marmarayerelhizmet.com\/index.php\/wp-json\/wp\/v2\/categories?post=13800"},{"taxonomy":"post_tag","embeddable":true,"href":"https:\/\/marmarayerelhizmet.com\/index.php\/wp-json\/wp\/v2\/tags?post=13800"}],"curies":[{"name":"wp","href":"https:\/\/api.w.org\/{rel}","templated":true}]}}