{"id":13792,"date":"2023-08-14T10:58:55","date_gmt":"2023-08-14T07:58:55","guid":{"rendered":"https:\/\/marmarayerelhizmet.com\/?p=13792"},"modified":"2023-08-14T10:58:55","modified_gmt":"2023-08-14T07:58:55","slug":"antik-liman-pembe-gole-donustu","status":"publish","type":"post","link":"https:\/\/marmarayerelhizmet.com\/index.php\/2023\/08\/14\/antik-liman-pembe-gole-donustu\/","title":{"rendered":"Antik Liman Pembe G\u00f6le D\u00f6n\u00fc\u015ft\u00fc"},"content":{"rendered":"<p><strong><span style=\"font-family: arial, helvetica, sans-serif; font-size: 14px;\">\u00c7anakkale&#8217;nin Ezine il\u00e7esine ba\u011fl\u0131 Dalyan k\u00f6y\u00fcndeki Alexandria Troas Antik Kenti&#8217;nin 2 bin y\u0131ll\u0131k i\u00e7 liman\u0131, zamanla denizle ba\u011flant\u0131s\u0131 kesilince, do\u011fa ko\u015fullar\u0131na ba\u011fl\u0131 olarak kalp \u015feklini ald\u0131. \u0130\u00e7erisindeki tuzlu su da y\u0131l\u0131n belli d\u00f6nemlerinde pembe renge d\u00f6n\u00fc\u015f\u00fcnce ortaya kalpli pembe g\u00f6l \u00e7\u0131kt\u0131. Bug\u00fcnlerde yeniden pembele\u015fmeye ba\u015flayan kalp \u015feklindeki g\u00f6l, ziyaret\u00e7ilerin ilgisini \u00e7ekiyor. Pembeye b\u00fcr\u00fcnen ve kalp \u015fekli ile dikkati \u00e7eken &#8216;Kalpli G\u00f6l&#8217;, dron ile havadan g\u00f6r\u00fcnt\u00fclendi.<br \/>\n<\/span><\/strong><br \/>\n<span style=\"font-family: arial, helvetica, sans-serif; font-size: 14px;\">Alexandria Troas Antik Kenti&#8217;nin ticaret merkezi olarak uzun s\u00fcre hizmet eden 2 bin y\u0131ll\u0131k i\u00e7 liman\u0131, g\u00fcn\u00fcm\u00fczde ise kalpli pembe g\u00f6l olarak turizme katk\u0131 sa\u011fl\u0131yor. D\u0131\u015f liman ile ba\u011flant\u0131s\u0131 zamanla ortadan kalkan antik kentin i\u00e7 liman\u0131 bir g\u00f6le d\u00f6n\u00fc\u015ft\u00fc. Zamanla da do\u011fa ko\u015fullar\u0131na ba\u011fl\u0131 olarak suyun \u00e7ekilmesi ile kalp \u015feklini ald\u0131. \u0130\u00e7erisindeki tuzlu suyun y\u0131l\u0131n belli d\u00f6nemlerinde pembe renge b\u00fcr\u00fcnmesiyle 2 bin y\u0131ll\u0131k antik liman, d\u00fcnya \u00fczerinde bilinen ve pembe renge sahip 8 g\u00f6lden birisi haline geldi. Ziyaret\u00e7ilerin \u00e7ekip, sosyal medyada payla\u015ft\u0131\u011f\u0131 foto\u011fraflarla pop\u00fclerli\u011fi artan kalp \u015feklindeki g\u00f6l\u00fcn suyu, bug\u00fcnlerde yine pembeye \u00e7almaya ba\u015flad\u0131.<\/span><br \/>\n<span style=\"font-family: arial, helvetica, sans-serif; font-size: 14px;\">\u00c7ocuklu\u011funda tuz g\u00f6l\u00fc olarak ge\u00e7en g\u00f6l\u00fcn kalp \u015feklini ald\u0131ktan sonra renginin de pembeye d\u00f6n\u00fc\u015fmesi sonras\u0131 son 10 y\u0131ld\u0131r pop\u00fcler olmaya ba\u015flad\u0131\u011f\u0131n\u0131 belirten K\u00f6y\u00fc Muhtar\u0131 Sadi \u00c7al\u0131ko\u011flu, \u201cD\u00fcnyadaki 8 g\u00f6lden birisi oldu\u011fu s\u00f6yleniyor. Yurt d\u0131\u015f\u0131ndan ve T\u00fcrkiye\u2019nin farkl\u0131 illerinden ziyaret\u00e7iler g\u00f6l\u00fc ve rengini g\u00f6rmeye geliyor. G\u00f6l\u00fcn renginin neden bu \u015fekilde oldu\u011fu konusunda gerekli \u00e7al\u0131\u015fmalar yap\u0131l\u0131yor. Bu b\u00f6lgenin gezi alan\u0131 olabilir mi diye yetkili makamlar\u0131n bir tak\u0131m \u00e7al\u0131\u015fma ve projesi var. Buras\u0131 milattan \u00f6nce tarihi liman olarak ge\u00e7iyordu. Zamanla do\u011fa olaylar\u0131 sonras\u0131 bu kalpli g\u00f6l \u015feklini ald\u0131. Bizim \u00e7ocuklu\u011fumuz d\u00f6neminde bu g\u00f6lden tuz toplan\u0131yordu. Bu rengini tuzdan biliyorduk. Ama yap\u0131lacak olan ara\u015ft\u0131rma ve \u00e7al\u0131\u015fma sonras\u0131 neden g\u00f6l\u00fcn k\u0131zard\u0131\u011f\u0131n\u0131 \u00f6\u011frenece\u011fiz. K\u00f6ye ciddi bir katk\u0131s\u0131 ve yaz, k\u0131\u015f insanlar bu g\u00f6l\u00fc g\u00f6rmeye geliyor. K\u0131\u015f\u0131n bu g\u00f6l ku\u015flar\u0131n g\u00f6\u00e7 yolu \u00fczerindeki u\u011frak noktas\u0131 oluyor. Pembeye b\u00fcr\u00fcnen ve kalp \u015fekli ile dikkati \u00e7eken &#8216;Kalpli G\u00f6l&#8217;, dron ile havadan g\u00f6r\u00fcnt\u00fclendi.<\/span><br \/>\n<span style=\"font-family: arial, helvetica, sans-serif; font-size: 14px;\">S\u0131cakl\u0131k ve tuzlulu\u011fun artmas\u0131ndan dolay\u0131 &#8216;dunaliella salina&#8217; (su yosunlar\u0131) adl\u0131 mikroskobik bitkisel canl\u0131n\u0131n fazla \u00fcremesi nedeniyle ortaya \u00e7\u0131kan pembe ve k\u0131rm\u0131z\u0131ya yak\u0131n tonlar, g\u00f6le farkl\u0131 bir g\u00f6r\u00fcn\u00fcm kazand\u0131r\u0131yor. \u00d6zellikle A\u011fustos ve Eyl\u00fcl aylar\u0131nda pembeye yak\u0131n tonlara b\u00fcr\u00fcnen g\u00f6lde, Kas\u0131m ve Aral\u0131k aylar\u0131nda baz\u0131 g\u00fcnlerde ya\u015fanan \u0131s\u0131 de\u011fi\u015fikli\u011fiyle de ayn\u0131 renk olu\u015fuyor. Kalp \u015feklindeki pembe g\u00f6l\u00fcn yap\u0131lacak ara\u015ft\u0131rma ve inceleme sonras\u0131 turizme kazand\u0131r\u0131lmas\u0131 planlan\u0131yor. Pembe g\u00f6l, Troya, Assos, Alexandria Troas, Apollon Smintheus antik kentlerinin ziyaret\u00e7i say\u0131lar\u0131na olumlu katk\u0131s\u0131n\u0131n olaca\u011f\u0131 varsay\u0131ld\u0131\u011f\u0131 gibi, yeni turizm b\u00f6lgeleri olarak belirlenen Kad\u0131rga Koyu, Sivrice, Sokak A\u011fz\u0131, Babakale, G\u00fcrp\u0131nar ve Tuzla a\u00e7\u0131s\u0131ndan da \u00f6nemli rol oynamas\u0131 bekleniyor.<\/span><\/p>\n","protected":false},"excerpt":{"rendered":"<p>\u00c7anakkale&#8217;nin Ezine il\u00e7esine ba\u011fl\u0131 Dalyan k\u00f6y\u00fcndeki Alexandria Troas Antik Kenti&#8217;nin 2 bin y\u0131ll\u0131k i\u00e7 liman\u0131, zamanla denizle ba\u011flant\u0131s\u0131 kesilince, do\u011fa<\/p>\n","protected":false},"author":3,"featured_media":13794,"comment_status":"open","ping_status":"open","sticky":false,"template":"","format":"standard","meta":{"colormag_page_container_layout":"default_layout","colormag_page_sidebar_layout":"default_layout","footnotes":""},"categories":[1,5],"tags":[],"class_list":["post-13792","post","type-post","status-publish","format-standard","has-post-thumbnail","hentry","category-genel","category-gundem"],"_links":{"self":[{"href":"https:\/\/marmarayerelhizmet.com\/index.php\/wp-json\/wp\/v2\/posts\/13792","targetHints":{"allow":["GET"]}}],"collection":[{"href":"https:\/\/marmarayerelhizmet.com\/index.php\/wp-json\/wp\/v2\/posts"}],"about":[{"href":"https:\/\/marmarayerelhizmet.com\/index.php\/wp-json\/wp\/v2\/types\/post"}],"author":[{"embeddable":true,"href":"https:\/\/marmarayerelhizmet.com\/index.php\/wp-json\/wp\/v2\/users\/3"}],"replies":[{"embeddable":true,"href":"https:\/\/marmarayerelhizmet.com\/index.php\/wp-json\/wp\/v2\/comments?post=13792"}],"version-history":[{"count":0,"href":"https:\/\/marmarayerelhizmet.com\/index.php\/wp-json\/wp\/v2\/posts\/13792\/revisions"}],"wp:featuredmedia":[{"embeddable":true,"href":"https:\/\/marmarayerelhizmet.com\/index.php\/wp-json\/wp\/v2\/media\/13794"}],"wp:attachment":[{"href":"https:\/\/marmarayerelhizmet.com\/index.php\/wp-json\/wp\/v2\/media?parent=13792"}],"wp:term":[{"taxonomy":"category","embeddable":true,"href":"https:\/\/marmarayerelhizmet.com\/index.php\/wp-json\/wp\/v2\/categories?post=13792"},{"taxonomy":"post_tag","embeddable":true,"href":"https:\/\/marmarayerelhizmet.com\/index.php\/wp-json\/wp\/v2\/tags?post=13792"}],"curies":[{"name":"wp","href":"https:\/\/api.w.org\/{rel}","templated":true}]}}