{"id":13784,"date":"2023-08-14T10:53:39","date_gmt":"2023-08-14T07:53:39","guid":{"rendered":"https:\/\/marmarayerelhizmet.com\/?p=13784"},"modified":"2023-08-14T10:53:39","modified_gmt":"2023-08-14T07:53:39","slug":"moldovali-seramik-ustasi-yemeni-sanatini-ogrendi","status":"publish","type":"post","link":"https:\/\/marmarayerelhizmet.com\/index.php\/2023\/08\/14\/moldovali-seramik-ustasi-yemeni-sanatini-ogrendi\/","title":{"rendered":"Moldoval\u0131 Seramik Ustas\u0131 Yemeni Sanat\u0131n\u0131 \u00d6\u011frendi"},"content":{"rendered":"<p><strong><span style=\"font-family: arial, helvetica, sans-serif; font-size: 14px;\">Moldoval\u0131 Nicu Scuteln\u0131c, Esenyurt Belediyesi\u2019nin d\u00fczenledi\u011fi Uluslararas\u0131 Esenyurt Halk Danslar\u0131, M\u00fczik ve Sanat Festivali \u00e7er\u00e7evesinde kurulan Zanaatkarlar Soka\u011f\u0131\u2019nda yemeni sanat\u0131n\u0131 \u00f6\u011frendi. Gaziantep\u2019ten gelen yemeni sanatlar\u0131 ustas\u0131 Kemal Bayg\u00fcn ise dil farkl\u0131l\u0131\u011f\u0131n\u0131n kayna\u015fmaya ve k\u00fclt\u00fcrel payla\u015f\u0131m yapmaya engel olmad\u0131\u011f\u0131n\u0131 ifade etti.<br \/>\n<\/span><\/strong><br \/>\n<span style=\"font-family: arial, helvetica, sans-serif; font-size: 14px;\">Esenyurt Belediyesi\u2019nin \u00f6nc\u00fcl\u00fc\u011f\u00fcnde bu y\u0131l 2\u2019ncisi d\u00fczenlenen Uluslararas\u0131 Esenyurt Halk Danslar\u0131, M\u00fczik ve Sanat Festivali \u00e7evresinde kurulan Zanaatkarlar Soka\u011f\u0131&#8217;nda hem T\u00fcrkiye\u2019den hem de d\u00fcnyan\u0131n \u00e7e\u015fitli \u00fclkelerinden gelen el sanatlar\u0131 ustalar\u0131 Esenyurtlulara kendi k\u00fclt\u00fcrlerini tan\u0131tmaya devam ediyor. Farkl\u0131 stantlarda sat\u0131\u015f yapan ustalar, haz\u0131rlad\u0131klar\u0131 el eme\u011fi g\u00f6z nuru \u00fcr\u00fcnlerin yap\u0131m a\u015famalar\u0131n\u0131 birbirlerine \u00f6\u011fretiyor. Farkl\u0131 dillerde konu\u015fman\u0131n insanlar\u0131n dostluk kurmas\u0131na engel olmad\u0131\u011f\u0131n\u0131 g\u00f6steren bu sokakta, Moldoval\u0131 seramik ustas\u0131 Nicu Scuteln\u0131c, Gaziantep\u2019ten gelen yemeni sanatlar\u0131 ustas\u0131 Kemal Bayg\u00fcl\u2019den yemeni yapman\u0131n inceliklerini \u00f6\u011frendi.<\/span><\/p>\n<p><strong><span style=\"font-family: arial, helvetica, sans-serif; font-size: 14px;\">\u201cBurada farkl\u0131 insanlarla kayna\u015f\u0131yoruz\u201d<\/span><\/strong><br \/>\n<span style=\"font-family: arial, helvetica, sans-serif; font-size: 14px;\">Moldova\u2019dan Esenyurt\u2019a gelen 17 ya\u015f\u0131ndaki seramik ustas\u0131 Nicu Scuteln\u0131c, burada birbirinden farkl\u0131 insanlarla tan\u0131\u015ft\u0131\u011f\u0131n\u0131 belirterek \u015funlar\u0131 s\u00f6yledi:<\/span><br \/>\n<span style=\"font-family: arial, helvetica, sans-serif; font-size: 14px;\">\u201c\u00dc\u00e7 y\u0131ld\u0131r seramik i\u015fiyle u\u011fra\u015f\u0131yorum. Esenyurt\u2019a geldi\u011fim i\u00e7in, bu kadar yetenekli ustalarla tan\u0131\u015ft\u0131\u011f\u0131m i\u00e7in \u00e7ok memnunum. Burada tan\u0131\u015ft\u0131\u011f\u0131m usta bana yemeni ad\u0131 verilen \u00e7ar\u0131k tasar\u0131m\u0131n\u0131 \u00f6\u011fretti. Ben de ona seramik yap\u0131m\u0131 ile ilgili bilgiler verdim. Burada hem birtak\u0131m \u015feyler \u00f6\u011freniyoruz hem de farkl\u0131 insanlarla kayna\u015f\u0131yoruz. Umar\u0131m bu t\u00fcr etkinlikler her zaman devam eder.\u201d<\/span><\/p>\n<p><strong><span style=\"font-family: arial, helvetica, sans-serif; font-size: 14px;\">\u201cFarkl\u0131 diller kayna\u015fmaya engel de\u011fil\u201d<\/span><\/strong><br \/>\n<span style=\"font-family: arial, helvetica, sans-serif; font-size: 14px;\">Yemeni sanatlar\u0131 ustas\u0131 olan Kemal Bayg\u00fcn ise farkl\u0131 dillerde konu\u015fman\u0131n kayna\u015fmaya engel olmad\u0131\u011f\u0131n\u0131 belirterek \u015f\u00f6yle konu\u015ftu:<\/span><br \/>\n<span style=\"font-family: arial, helvetica, sans-serif; font-size: 14px;\">\u201cBuraya Gaziantep\u2019ten geliyorum. Esenyurt Belediyesi sayesinde burada Nicu arkada\u015f\u0131mla tan\u0131\u015fma imkan\u0131 buldum. Biz bug\u00fcn arkada\u015f\u0131m\u0131zla birlikte ayakkab\u0131 yapt\u0131k. Ona yemeni sanatlar\u0131n\u0131 \u00f6\u011frettim. Kendisi de \u00e7ok ba\u015far\u0131l\u0131 ve eli yatk\u0131n bir arkada\u015f\u0131m\u0131z. Bu festivalde karde\u015fli\u011fimiz ve dostlu\u011fumuz da peki\u015fti. Farkl\u0131 dillerde konu\u015fsak da burada beraberiz. Bizleri bir araya getiren Esenyurt Belediye Ba\u015fkan\u0131 Kemal Deniz Bozkurt\u2019a te\u015fekk\u00fcrlerimi sunuyorum.\u201d<\/span><br \/>\n<span style=\"font-family: arial, helvetica, sans-serif; font-size: 14px;\">Sanat\u0131n ve karde\u015fli\u011fin peki\u015fti\u011fi Zanaatkarlar Soka\u011f\u0131 13 A\u011fustos Pazar g\u00fcn\u00fcne kadar 15.00 ila 23.00 saatlerinde a\u00e7\u0131k olacak.<\/span><\/p>\n","protected":false},"excerpt":{"rendered":"<p>Moldoval\u0131 Nicu Scuteln\u0131c, Esenyurt Belediyesi\u2019nin d\u00fczenledi\u011fi Uluslararas\u0131 Esenyurt Halk Danslar\u0131, M\u00fczik ve Sanat Festivali \u00e7er\u00e7evesinde kurulan Zanaatkarlar Soka\u011f\u0131\u2019nda yemeni sanat\u0131n\u0131<\/p>\n","protected":false},"author":3,"featured_media":13786,"comment_status":"open","ping_status":"open","sticky":false,"template":"","format":"standard","meta":{"colormag_page_container_layout":"default_layout","colormag_page_sidebar_layout":"default_layout","footnotes":""},"categories":[1,5,6,8],"tags":[],"class_list":["post-13784","post","type-post","status-publish","format-standard","has-post-thumbnail","hentry","category-genel","category-gundem","category-kultur-sanat","category-siyaset"],"_links":{"self":[{"href":"https:\/\/marmarayerelhizmet.com\/index.php\/wp-json\/wp\/v2\/posts\/13784","targetHints":{"allow":["GET"]}}],"collection":[{"href":"https:\/\/marmarayerelhizmet.com\/index.php\/wp-json\/wp\/v2\/posts"}],"about":[{"href":"https:\/\/marmarayerelhizmet.com\/index.php\/wp-json\/wp\/v2\/types\/post"}],"author":[{"embeddable":true,"href":"https:\/\/marmarayerelhizmet.com\/index.php\/wp-json\/wp\/v2\/users\/3"}],"replies":[{"embeddable":true,"href":"https:\/\/marmarayerelhizmet.com\/index.php\/wp-json\/wp\/v2\/comments?post=13784"}],"version-history":[{"count":0,"href":"https:\/\/marmarayerelhizmet.com\/index.php\/wp-json\/wp\/v2\/posts\/13784\/revisions"}],"wp:featuredmedia":[{"embeddable":true,"href":"https:\/\/marmarayerelhizmet.com\/index.php\/wp-json\/wp\/v2\/media\/13786"}],"wp:attachment":[{"href":"https:\/\/marmarayerelhizmet.com\/index.php\/wp-json\/wp\/v2\/media?parent=13784"}],"wp:term":[{"taxonomy":"category","embeddable":true,"href":"https:\/\/marmarayerelhizmet.com\/index.php\/wp-json\/wp\/v2\/categories?post=13784"},{"taxonomy":"post_tag","embeddable":true,"href":"https:\/\/marmarayerelhizmet.com\/index.php\/wp-json\/wp\/v2\/tags?post=13784"}],"curies":[{"name":"wp","href":"https:\/\/api.w.org\/{rel}","templated":true}]}}