{"id":13764,"date":"2023-08-13T22:56:46","date_gmt":"2023-08-13T19:56:46","guid":{"rendered":"https:\/\/marmarayerelhizmet.com\/?p=13764"},"modified":"2023-08-13T22:56:46","modified_gmt":"2023-08-13T19:56:46","slug":"sile-bezi-ve-kultur-festivali-basliyor","status":"publish","type":"post","link":"https:\/\/marmarayerelhizmet.com\/index.php\/2023\/08\/13\/sile-bezi-ve-kultur-festivali-basliyor\/","title":{"rendered":"\u015eile Bezi ve K\u00fclt\u00fcr Festivali Ba\u015fl\u0131yor"},"content":{"rendered":"<p><span style=\"font-size: 14px;\"><strong><span style=\"font-family: arial, helvetica, sans-serif;\">\u015eile bezinin de\u011ferini ve k\u00fclt\u00fcr\u00fcn\u00fc koruma misyonuyla ger\u00e7ekle\u015fen 34. Uluslararas\u0131 \u015eile Bezi K\u00fclt\u00fcr ve Sanat Festivali Pazartesi g\u00fcn\u00fc ba\u015fl\u0131yor.<br \/>\n<\/span><\/strong><\/span><br \/>\n<span style=\"font-family: arial, helvetica, sans-serif; font-size: 14px;\">Tarihi dokusu, do\u011fal g\u00fczellikleri ve e\u015fsiz k\u00fclt\u00fcrel ge\u00e7mi\u015fiyle \u015eile, 34. Uluslararas\u0131 \u015eile Bezi K\u00fclt\u00fcr ve Sanat Festivali&#8217;yle 14-20 A\u011fustos tarihleri aras\u0131nda \u0130stanbul\u2019un kalbi olacak. Festival \u00e7er\u00e7evesinde, 7 g\u00fcn boyunca birbirinden de\u011ferli paneller, s\u00f6yle\u015filer, konserler ve at\u00f6lye \u00e7al\u0131\u015fmalar\u0131, \u00fcnl\u00fc sanat\u00e7\u0131lar\u0131n muhte\u015fem performanslar\u0131 ve \u015eile bezinin rit\u00fcelleriyle dolu etkinliklerle dolu bir program ger\u00e7ekle\u015fecek.<\/span><br \/>\n<span style=\"font-family: arial, helvetica, sans-serif; font-size: 14px;\">14 A\u011fustos Pazartesi g\u00fcnk\u00fc etkinler; saat 18.00&#8217;de Bezi Kolektif Tasar\u0131m Merkezi Lansman\u0131, saat 20.30&#8217;da Festival Korteji \/ Ta\u015f Mektep, saat 21.00&#8217;de Halk Oyunlar\u0131 G\u00f6sterisi, saat 22.00&#8217;de Emre Altu\u011f Konseri olarak olarak ger\u00e7ekle\u015fecek.<\/span><\/p>\n","protected":false},"excerpt":{"rendered":"<p>\u015eile bezinin de\u011ferini ve k\u00fclt\u00fcr\u00fcn\u00fc koruma misyonuyla ger\u00e7ekle\u015fen 34. Uluslararas\u0131 \u015eile Bezi K\u00fclt\u00fcr ve Sanat Festivali Pazartesi g\u00fcn\u00fc ba\u015fl\u0131yor. Tarihi<\/p>\n","protected":false},"author":3,"featured_media":13766,"comment_status":"open","ping_status":"open","sticky":false,"template":"","format":"standard","meta":{"colormag_page_container_layout":"default_layout","colormag_page_sidebar_layout":"default_layout","footnotes":""},"categories":[1,5,6],"tags":[],"class_list":["post-13764","post","type-post","status-publish","format-standard","has-post-thumbnail","hentry","category-genel","category-gundem","category-kultur-sanat"],"_links":{"self":[{"href":"https:\/\/marmarayerelhizmet.com\/index.php\/wp-json\/wp\/v2\/posts\/13764","targetHints":{"allow":["GET"]}}],"collection":[{"href":"https:\/\/marmarayerelhizmet.com\/index.php\/wp-json\/wp\/v2\/posts"}],"about":[{"href":"https:\/\/marmarayerelhizmet.com\/index.php\/wp-json\/wp\/v2\/types\/post"}],"author":[{"embeddable":true,"href":"https:\/\/marmarayerelhizmet.com\/index.php\/wp-json\/wp\/v2\/users\/3"}],"replies":[{"embeddable":true,"href":"https:\/\/marmarayerelhizmet.com\/index.php\/wp-json\/wp\/v2\/comments?post=13764"}],"version-history":[{"count":0,"href":"https:\/\/marmarayerelhizmet.com\/index.php\/wp-json\/wp\/v2\/posts\/13764\/revisions"}],"wp:featuredmedia":[{"embeddable":true,"href":"https:\/\/marmarayerelhizmet.com\/index.php\/wp-json\/wp\/v2\/media\/13766"}],"wp:attachment":[{"href":"https:\/\/marmarayerelhizmet.com\/index.php\/wp-json\/wp\/v2\/media?parent=13764"}],"wp:term":[{"taxonomy":"category","embeddable":true,"href":"https:\/\/marmarayerelhizmet.com\/index.php\/wp-json\/wp\/v2\/categories?post=13764"},{"taxonomy":"post_tag","embeddable":true,"href":"https:\/\/marmarayerelhizmet.com\/index.php\/wp-json\/wp\/v2\/tags?post=13764"}],"curies":[{"name":"wp","href":"https:\/\/api.w.org\/{rel}","templated":true}]}}