{"id":13620,"date":"2023-08-11T00:05:48","date_gmt":"2023-08-10T21:05:48","guid":{"rendered":"https:\/\/marmarayerelhizmet.com\/?p=13620"},"modified":"2023-08-10T22:48:49","modified_gmt":"2023-08-10T19:48:49","slug":"ankara-protokolu-kurtdereye-davet-edildi","status":"publish","type":"post","link":"https:\/\/marmarayerelhizmet.com\/index.php\/2023\/08\/11\/ankara-protokolu-kurtdereye-davet-edildi\/","title":{"rendered":"Ankara Protokol\u00fc Kurtdere&#8217;ye Davet Edildi"},"content":{"rendered":"<p><strong><span style=\"font-family: arial, helvetica, sans-serif; font-size: 14px;\">Geleneksel Kurtdereli Mehmet Pehlivan Ya\u011fl\u0131 G\u00fcre\u015fleri \u00f6ncesi Karesi Belediye Ba\u015fkan\u0131 Din\u00e7er Orkan, Ankara\u2019da bir dizi ziyarette bulunarak bakan, bakan yard\u0131mc\u0131lar\u0131, milletvekilleri, b\u00fcrokratlar, siyaset\u00e7iler ve y\u00f6neticileri k\u0131rm\u0131z\u0131 dipli mum ile g\u00fcre\u015flere davet etti. Ba\u015fkan Orkan ziyaretlerde Karesi\u2019nin talep ve ihtiya\u00e7lar\u0131 i\u00e7inde isti\u015farelerde bulundu.<\/span><\/strong><\/p>\n<p><span style=\"font-family: arial, helvetica, sans-serif; font-size: 14px;\">Bu y\u0131l 63\u2019nc\u00fcs\u00fc d\u00fczenlenecek olan Geleneksel Kurtdereli Mehmet Pehlivan Ya\u011fl\u0131 G\u00fcre\u015fleri, 1-2-3 Eyl\u00fcl tarihlerinde ger\u00e7ekle\u015ftirilecek. Yakla\u015f\u0131k binin \u00fczerinde g\u00fcre\u015f\u00e7inin er meydan\u0131na \u00e7\u0131kaca\u011f\u0131 g\u00fcre\u015fler \u00f6ncesi Karesi Belediye Ba\u015fkan\u0131 Din\u00e7er Orkan, Ankara\u2019da bir dizi ziyarette bulunarak, milletvekilleri, siyaset\u00e7iler ve y\u00f6neticileri k\u0131rm\u0131z\u0131 dipli mum ile g\u00fcre\u015flere davet etti. Ba\u015fkan Orkan ilk ziyareti Gen\u00e7lik ve Spor \u0130l M\u00fcd\u00fcr\u00fc Adem \u00d6zalp ile birlikte AK Parti Genel Ba\u015fkan Yard\u0131mc\u0131s\u0131 ve Bal\u0131kesir Milletvekili Belgin Uygur\u2019a ger\u00e7ekle\u015ftirdi. Ziyarette Belediye Ba\u015fkan Yard\u0131mc\u0131s\u0131 Muhiddin Diker\u2019de haz\u0131r bulundu. <\/span><br \/>\n<span style=\"font-family: arial, helvetica, sans-serif; font-size: 14px;\">Ba\u015fkan Orkan s\u0131ras\u0131yla AK Parti Yerel Y\u00f6netimler Ba\u015fkan\u0131 Yusuf Ziya Y\u0131lmaz\u2019\u0131 ve AK Parti Genel Sekreteri Fatih \u015eahin, AK Parti Genel Ba\u015fkan Yard\u0131mc\u0131lar\u0131 Te\u015fkilat Ba\u015f<\/span><span style=\"font-family: arial, helvetica, sans-serif; font-size: 14px;\">kan\u0131 Erkan Kandemir, Siyasi ve Hukuki \u0130\u015fler Ba\u015fkan\u0131 Hayati Yaz\u0131c\u0131, Tan\u0131t\u0131m ve Medya Ba\u015fkan\u0131 Hamza Da\u011f ve \u0130nsan Haklar\u0131 Ba\u015fkan\u0131 Mehmet Ali Zengin\u2019i ziyaret ederek k\u0131rm\u0131z\u0131 dipli mum ile siyaset\u00e7ileri g\u00fcre\u015flere davet etti.<br \/>\n<\/span><br \/>\n<strong><span style=\"font-family: arial, helvetica, sans-serif; font-size: 14px;\">BALIKES\u0130R HEYET\u0130NDEN AKAR\u2019A Z\u0130YARET<\/span><\/strong><br \/>\n<span style=\"font-family: arial, helvetica, sans-serif; font-size: 14px;\">Ba\u015fkan Orkan\u2019a sonraki ziyaretlerinde Ya\u011fl\u0131 G\u00fcre\u015f Birli\u011fi ve Bal\u0131kesir B\u00fcy\u00fck\u015fehir Belediye Ba\u015fkan\u0131 Y\u00fccel Y\u0131lmaz\u2019da e\u015flik etti. Ba\u015fkan Y\u0131lmaz ve Orkan, Bal\u0131kesir AK Parti Milletvekilleri \u0130smail Ok, Mustafa Canbey ve Ali Taylan \u00d6ztaylan\u2019\u0131 63. Geleneksel Kurtdereli Mehmet Pehlivan G\u00fcre\u015flerimize davet etti. <\/span><br \/>\n<span style=\"font-family: arial, helvetica, sans-serif; font-size: 14px;\">Daha sonras\u0131nda milletvekilleri Belgin Uygur, \u0130smail Ok, Mustafa Canbey, Ali Taylan \u00d6ztaylan, Bal\u0131kesir B\u00fcy\u00fck\u015fehir Belediye Ba\u015fkan\u0131 Y\u00fccel Y\u0131lmaz, Karesi Belediye Ba\u015fkan\u0131 Din\u00e7er Orkan ve Alt\u0131eyl\u00fcl Belediye Ba\u015fkan\u0131 Hasan Avc\u0131\u2019dan olu\u015fan heyet Milli Savunma Komisyonu Ba\u015fkan\u0131 Hulusi Akar\u2019\u0131 ziyaret ederek, g\u00fcre\u015f davetinde bulundular. <\/span><br \/>\n<span style=\"font-family: arial, helvetica, sans-serif; font-size: 14px;\">Son olarak ise Ba\u015fkan Orkan, AK Parti Genel Merkez Yerel Y\u00f6netimler Ba\u015fkan Yard\u0131mc\u0131lar\u0131 Ahmet Zenbilci ve Ay\u015fe Sula K\u00f6seo\u011flu ile bir araya gelerek 1-3 Eyl\u00fcl tarihlerinde Cihan Pehlivan\u0131 Kurtdereli Mehmet Pehlivan ad\u0131na bu y\u0131l 63.\u2019s\u00fcn\u00fc d\u00fczenlenecek olan g\u00fcre\u015flere davette bulundu.<\/span><br \/>\n<span style=\"font-family: arial, helvetica, sans-serif; font-size: 14px;\">Ba\u015fkan Orkan, Ankara ziyaretlerinin ikinci turuna ise Tar\u0131m ve Orman Bakan Yard\u0131mc\u0131m\u0131z Veysel Tiryaki\u2019yi ziyaret ederek ba\u015flad\u0131. Orkan daha sonra AK Parti Genel Ba\u015fkan Yard\u0131mc\u0131m\u0131z, D\u0131\u015f \u0130li\u015fkiler Ba\u015fkan\u0131m\u0131z, Zafer S\u0131rakaya\u2019y\u0131 ziyaret ederek g\u00fcre\u015flere davet etti. Ba\u015fkan Orkan\u2019a bu ziyaretlerinde Milletvekili Mustafa Canbey, Alt\u0131eyl\u00fcl Belediye Ba\u015fkan\u0131 Hasan Avc\u0131 ve Ba\u015fkan Yard\u0131mc\u0131s\u0131 Muhiddin Diker e\u015flik etti. Ziyaretlerde Karesi\u2019ye yap\u0131lacak yat\u0131r\u0131mlar ve hizmetler hakk\u0131nda da g\u00f6r\u00fc\u015f al\u0131\u015fveri\u015finde bulunuldu.<br \/>\n<\/span><br \/>\n<strong><span style=\"font-family: arial, helvetica, sans-serif; font-size: 14px;\">GEN\u00c7L\u0130K VE SPOR BAKANI BAK\u2019A Z\u0130YARET<\/span><\/strong><br \/>\n<span style=\"font-family: arial, helvetica, sans-serif; font-size: 14px;\">Karesi Belediye Ba\u015fkan\u0131 Din\u00e7er Orkan, Gen\u00e7lik ve Spor \u0130l M\u00fcd\u00fcr\u00fc Adem \u00d6zalp ve Ba\u015fkan Yard\u0131mc\u0131s\u0131 Muhiddin Diker, Ankara temaslar\u0131n\u0131n 2. g\u00fcn\u00fcnde Gen\u00e7lik ve Spor Bakan Yard\u0131mc\u0131lar\u0131 Hamza Yerlikaya ve Dr. Enes Emino\u011flu\u2019nu da ziyaret ederek g\u00fcre\u015flere davet etti. <\/span><br \/>\n<span style=\"font-family: arial, helvetica, sans-serif; font-size: 14px;\">Heyet daha sonra Gen\u00e7lik ve Spor Bakan\u0131 Osman A\u015fk\u0131n Bak&#8217;\u0131 ziyaret ederek, 63. Geleneksel Kurtdereli Mehmet Pehlivan Ya\u011fl\u0131 G\u00fcre\u015flerine k\u0131rm\u0131z\u0131 dipli mum ile davet ettiler. Ziyarette Karesi&#8217;de yap\u0131lmas\u0131 planlanan \u00e7al\u0131\u015fmalarla ilgili de g\u00f6r\u00fc\u015f al\u0131\u015fveri\u015finde bulunuldu.<br \/>\n<\/span><br \/>\n<strong><span style=\"font-family: arial, helvetica, sans-serif; font-size: 14px;\">\u201cATA SPORUMUZU GELECEK NES\u0130LLERE AKTARIYORUZ\u201d<\/span><\/strong><br \/>\n<span style=\"font-family: arial, helvetica, sans-serif; font-size: 14px;\">Karesi Belediye Ba\u015fkan\u0131 Din\u00e7er Orkan ziyaretler sonras\u0131nda yapt\u0131\u011f\u0131 a\u00e7\u0131klamada; \u201cAnkara\u2019da bir dizi ziyarette bulunduk. De\u011ferli siyaset\u00e7i ve y\u00f6neticilerimizi 1-3 Eyl\u00fcl tarihleri aras\u0131nda d\u00fczenleyece\u011fimiz Geleneksel Kurtdereli Mehmet Pehlivan G\u00fcre\u015fleri\u2019ne davet ettik. Cihan Pehlivan\u0131 Kurtdereli Mehmet Pehlivan\u2019\u0131n \u015fehri Karesimizde bu \u00f6nemli de\u011feri ya\u015fat\u0131p ata sporumuza sahip \u00e7\u0131karak gelecek nesillere aktarmaktan dolay\u0131 mutlu ve gururluyuz. Bizlere desteklerini esirgemeyen Y\u00fccel Y\u0131lmaz Ba\u015fkan\u0131m\u0131za da te\u015fekk\u00fcr ediyoruz\u201d dedi.<\/span><\/p>\n<p>&nbsp;<\/p>\n","protected":false},"excerpt":{"rendered":"<p>Geleneksel Kurtdereli Mehmet Pehlivan Ya\u011fl\u0131 G\u00fcre\u015fleri \u00f6ncesi Karesi Belediye Ba\u015fkan\u0131 Din\u00e7er Orkan, Ankara\u2019da bir dizi ziyarette bulunarak bakan, bakan yard\u0131mc\u0131lar\u0131,<\/p>\n","protected":false},"author":3,"featured_media":13622,"comment_status":"open","ping_status":"open","sticky":false,"template":"","format":"standard","meta":{"colormag_page_container_layout":"default_layout","colormag_page_sidebar_layout":"default_layout","footnotes":""},"categories":[1,5,8,9],"tags":[],"class_list":["post-13620","post","type-post","status-publish","format-standard","has-post-thumbnail","hentry","category-genel","category-gundem","category-siyaset","category-spor"],"_links":{"self":[{"href":"https:\/\/marmarayerelhizmet.com\/index.php\/wp-json\/wp\/v2\/posts\/13620","targetHints":{"allow":["GET"]}}],"collection":[{"href":"https:\/\/marmarayerelhizmet.com\/index.php\/wp-json\/wp\/v2\/posts"}],"about":[{"href":"https:\/\/marmarayerelhizmet.com\/index.php\/wp-json\/wp\/v2\/types\/post"}],"author":[{"embeddable":true,"href":"https:\/\/marmarayerelhizmet.com\/index.php\/wp-json\/wp\/v2\/users\/3"}],"replies":[{"embeddable":true,"href":"https:\/\/marmarayerelhizmet.com\/index.php\/wp-json\/wp\/v2\/comments?post=13620"}],"version-history":[{"count":0,"href":"https:\/\/marmarayerelhizmet.com\/index.php\/wp-json\/wp\/v2\/posts\/13620\/revisions"}],"wp:featuredmedia":[{"embeddable":true,"href":"https:\/\/marmarayerelhizmet.com\/index.php\/wp-json\/wp\/v2\/media\/13622"}],"wp:attachment":[{"href":"https:\/\/marmarayerelhizmet.com\/index.php\/wp-json\/wp\/v2\/media?parent=13620"}],"wp:term":[{"taxonomy":"category","embeddable":true,"href":"https:\/\/marmarayerelhizmet.com\/index.php\/wp-json\/wp\/v2\/categories?post=13620"},{"taxonomy":"post_tag","embeddable":true,"href":"https:\/\/marmarayerelhizmet.com\/index.php\/wp-json\/wp\/v2\/tags?post=13620"}],"curies":[{"name":"wp","href":"https:\/\/api.w.org\/{rel}","templated":true}]}}