{"id":13612,"date":"2023-08-10T19:56:48","date_gmt":"2023-08-10T16:56:48","guid":{"rendered":"https:\/\/marmarayerelhizmet.com\/?p=13612"},"modified":"2023-08-10T19:56:48","modified_gmt":"2023-08-10T16:56:48","slug":"canakkale-savasi-canlandirildi","status":"publish","type":"post","link":"https:\/\/marmarayerelhizmet.com\/index.php\/2023\/08\/10\/canakkale-savasi-canlandirildi\/","title":{"rendered":"\u00c7anakkale Sava\u015f\u0131 Canland\u0131r\u0131ld\u0131"},"content":{"rendered":"<p><strong><span style=\"font-family: arial, helvetica, sans-serif; font-size: 14px;\">\u00c7anakkale Kara Sava\u015flar\u0131\u2019nda d\u00fc\u015fmana ge\u00e7it vermeyerek tarih yazan kahraman Mehmet\u00e7i\u011fin siperlerdeki anlar\u0131n\u0131 anlatan &#8220;1915 Siper Canland\u0131rmas\u0131&#8221; t\u00f6renle ziyarete a\u00e7\u0131ld\u0131.<br \/>\n<\/span><\/strong><br \/>\n<span style=\"font-family: arial, helvetica, sans-serif; font-size: 14px;\">\u00c7anakkale Sava\u015flar\u0131 Gelibolu Tarihi Alan Ba\u015fkanl\u0131\u011f\u0131, \u00c7anakkale Sava\u015flar\u0131\u2019n\u0131n ya\u015fand\u0131\u011f\u0131 tarihi Gelibolu Yar\u0131madas\u0131\u2019na gelen ziyaret\u00e7ilere 108 y\u0131l \u00f6nce kahraman Mehmet\u00e7i\u011fin d\u00fc\u015fmana ge\u00e7it vermeyerek destan yazd\u0131\u011f\u0131 \u00c7anakkale ruhunu anlatmak i\u00e7in \u00e7al\u0131\u015fmalar\u0131na devam ediyor. Al\u00e7\u0131tepe k\u00f6y\u00fc 1915 Hilal-i Ahmer Hastane Sergisi arkas\u0131nda d\u00fczenlenen &#8220;1915 Siper Canland\u0131rmas\u0131&#8221;, Anafartalar Zaferi\u2019nin 108\u2019inci y\u0131ld\u00f6n\u00fcm\u00fcnde t\u00f6renle ziyarete a\u00e7\u0131ld\u0131. A\u00e7\u0131l\u0131\u015f t\u00f6renine \u00c7anakkale Valisi \u0130lhami Akta\u015f, Gelibolu 2. Kolordu Komutan\u0131 T\u00fcmgeneral Rasim Yald\u0131z, \u00c7anakkale Sava\u015flar\u0131 Gelibolu Tarihi Alan Ba\u015fkan\u0131 \u0130smail Ka\u015fdemir, askeri erkan, gaziler, daire m\u00fcd\u00fcrleri, protokol \u00fcyeleri ve \u00e7ok say\u0131da vatanda\u015f kat\u0131ld\u0131. Okunan duan\u0131n ard\u0131ndan 1915 Siper Canland\u0131rmas\u0131 ziyarete a\u00e7\u0131larak, protokol \u00fcyeleri siperleri gezdi.<\/span><br \/>\n<span style=\"font-family: arial, helvetica, sans-serif; font-size: 14px;\">1915 Siper Canland\u0131rmas\u0131 Projesi ile \u00c7anakkale Kara Sava\u015flar\u0131\u2019nda d\u00fc\u015fmana ge\u00e7it vermeyerek tarih yazan kahraman Mehmet\u00e7i\u011fin an\u0131, g\u00fcnl\u00fckleri ve d\u00f6nem foto\u011fraflar\u0131 ile siperlerdeki 1 g\u00fcn\u00fc anlat\u0131l\u0131yor. \u00c7anakkale Sava\u015flar\u0131\u2019ndan kalma g\u00f6rsel, foto\u011fraf, siper g\u00f6r\u00fcnt\u00fcleri ve harp ceride ve raporlar\u0131na bak\u0131larak olu\u015fturan senaryo \u00e7er\u00e7evesinde o d\u00f6nemin canland\u0131rmas\u0131 yap\u0131l\u0131yor. Canland\u0131rma siperleri 330 metre uzunlu\u011funda ve 12 b\u00f6l\u00fcmden olu\u015fuyor. Canland\u0131rma k\u0131sm\u0131nda g\u00f6zetleme, bekleyen askerler, makineli t\u00fcfek, dinlenen askerler, karargah, la\u011f\u0131m t\u00fcnel giri\u015fi, taarruza kalkan askerler, cephanelik, y\u0131k\u0131lan siperdeki \u015fehitler, ate\u015f a\u00e7an piyadeler ile karavanda \u00e7orba i\u00e7en askerler yer al\u0131yor.<\/span><\/p>\n","protected":false},"excerpt":{"rendered":"<p>\u00c7anakkale Kara Sava\u015flar\u0131\u2019nda d\u00fc\u015fmana ge\u00e7it vermeyerek tarih yazan kahraman Mehmet\u00e7i\u011fin siperlerdeki anlar\u0131n\u0131 anlatan &#8220;1915 Siper Canland\u0131rmas\u0131&#8221; t\u00f6renle ziyarete a\u00e7\u0131ld\u0131. \u00c7anakkale<\/p>\n","protected":false},"author":3,"featured_media":13614,"comment_status":"open","ping_status":"open","sticky":false,"template":"","format":"standard","meta":{"colormag_page_container_layout":"default_layout","colormag_page_sidebar_layout":"default_layout","footnotes":""},"categories":[1,5],"tags":[],"class_list":["post-13612","post","type-post","status-publish","format-standard","has-post-thumbnail","hentry","category-genel","category-gundem"],"_links":{"self":[{"href":"https:\/\/marmarayerelhizmet.com\/index.php\/wp-json\/wp\/v2\/posts\/13612","targetHints":{"allow":["GET"]}}],"collection":[{"href":"https:\/\/marmarayerelhizmet.com\/index.php\/wp-json\/wp\/v2\/posts"}],"about":[{"href":"https:\/\/marmarayerelhizmet.com\/index.php\/wp-json\/wp\/v2\/types\/post"}],"author":[{"embeddable":true,"href":"https:\/\/marmarayerelhizmet.com\/index.php\/wp-json\/wp\/v2\/users\/3"}],"replies":[{"embeddable":true,"href":"https:\/\/marmarayerelhizmet.com\/index.php\/wp-json\/wp\/v2\/comments?post=13612"}],"version-history":[{"count":0,"href":"https:\/\/marmarayerelhizmet.com\/index.php\/wp-json\/wp\/v2\/posts\/13612\/revisions"}],"wp:featuredmedia":[{"embeddable":true,"href":"https:\/\/marmarayerelhizmet.com\/index.php\/wp-json\/wp\/v2\/media\/13614"}],"wp:attachment":[{"href":"https:\/\/marmarayerelhizmet.com\/index.php\/wp-json\/wp\/v2\/media?parent=13612"}],"wp:term":[{"taxonomy":"category","embeddable":true,"href":"https:\/\/marmarayerelhizmet.com\/index.php\/wp-json\/wp\/v2\/categories?post=13612"},{"taxonomy":"post_tag","embeddable":true,"href":"https:\/\/marmarayerelhizmet.com\/index.php\/wp-json\/wp\/v2\/tags?post=13612"}],"curies":[{"name":"wp","href":"https:\/\/api.w.org\/{rel}","templated":true}]}}