{"id":13600,"date":"2023-08-10T15:25:03","date_gmt":"2023-08-10T12:25:03","guid":{"rendered":"https:\/\/marmarayerelhizmet.com\/?p=13600"},"modified":"2023-08-10T15:25:03","modified_gmt":"2023-08-10T12:25:03","slug":"ok-atisinda-hedefi-12den-vurdu","status":"publish","type":"post","link":"https:\/\/marmarayerelhizmet.com\/index.php\/2023\/08\/10\/ok-atisinda-hedefi-12den-vurdu\/","title":{"rendered":"Ok At\u0131\u015f\u0131nda Hedefi 12&#8217;den Vurdu"},"content":{"rendered":"<p><strong><span style=\"font-family: arial, helvetica, sans-serif; font-size: 14px;\">Esenler Belediyesi\u2019nde temizlik g\u00f6revlisi olarak \u00e7al\u0131\u015fan Erkan Kuru, ders aras\u0131nda spor salonunu temizlemek i\u00e7in alana geldi\u011finde &#8216;ilk kez&#8217; yapt\u0131\u011f\u0131 ok at\u0131\u015f\u0131nda hedefi 12&#8217;den vurdu. Temizlik g\u00f6revlisinin o anlar\u0131 salonun g\u00fcvenlik kameras\u0131 taraf\u0131ndan kaydedildi.<br \/>\n<\/span><\/strong><br \/>\n<span style=\"font-family: arial, helvetica, sans-serif; font-size: 14px;\">Esenler Belediyesi b\u00fcnyesinde \u00e7al\u0131\u015fan temizlik g\u00f6revlisi Erkan Kuru, her zaman oldu\u011fu gibi ders aras\u0131nda 15 Temmuz Millet Bah\u00e7esi\u2019nde bulunan spor salonunu temizlemek i\u00e7in alana girdi. Temizlik arac\u0131 ile salonda k\u0131sa bir tur atan Kuru, k\u00f6\u015fede duran oklar\u0131 g\u00f6r\u00fcnce oraya do\u011fru y\u00f6neldi. &#8216;\u0130lk at\u0131\u015f\u0131&#8217;nda hedefi 12&#8217;den vurdu. At\u0131\u015f s\u0131ras\u0131nda ise salona giren bir ba\u015fka \u00e7al\u0131\u015fan ise, Erkan Kuru\u2019nun at\u0131\u015flar\u0131nda sergiledi\u011fi ba\u015far\u0131ya \u015fa\u015fk\u0131nl\u0131kla \u015fahitlik ederken, o anlar\u0131 cep telefonu ile kayda alarak \u00f6l\u00fcms\u00fczle\u015ftirdi. O anlar ise spor salonunun g\u00fcvenlik kameras\u0131 taraf\u0131ndan anbean kaydedildi.<\/span><\/p>\n<p><strong><span style=\"font-family: arial, helvetica, sans-serif; font-size: 14px;\">\u201cOku elime al\u0131p 12\u2019den vurdum\u201d<\/span><\/strong><br \/>\n<span style=\"font-family: arial, helvetica, sans-serif; font-size: 14px;\">At\u0131\u015f\u0131 yapmadan \u00f6nce akl\u0131na Mete Gazoz\u2019un geldi\u011fini ve ondan ilham alarak at\u0131\u015f\u0131 ger\u00e7ekle\u015ftirdi\u011fin, ifade eden Erkan Kuru, \u201cyakla\u015f\u0131k 5 ayd\u0131r burada \u00e7al\u0131\u015f\u0131yorum. Temizlik personeliyim. Ders aras\u0131nda burada temizlik yap\u0131yordum. O esnada buran\u0131n da bo\u015f oldu\u011funu g\u00f6r\u00fcnce oku elime al\u0131p 12\u2019den vurdum. Mete Gazoz\u2019u takip edip videolar\u0131n\u0131 da izliyordum zaten. Ondan bir ilham alarak at\u0131\u015f\u0131 ger\u00e7ekle\u015ftirmi\u015f oldum\u201d dedi.<\/span><\/p>\n<p><strong><span style=\"font-family: arial, helvetica, sans-serif; font-size: 14px;\">\u201cAt\u0131\u015f\u0131n ard\u0131ndan duygular\u0131m kabard\u0131\u201d<\/span><\/strong><br \/>\n<span style=\"font-family: arial, helvetica, sans-serif; font-size: 14px;\">At\u0131\u015f\u0131 ger\u00e7ekle\u015ftirdikten sonra hedefi tam ortas\u0131ndan vurdu\u011funu ve bundan dolay\u0131 duygular\u0131n\u0131n kabard\u0131\u011f\u0131n\u0131 dile getiren Kuru, \u201ckendime bir g\u00fcven geldi. O esnada oklar\u0131 att\u0131m. 12\u2019den de vurdum. Bunu devam ettirmeye \u00e7al\u0131\u015faca\u011f\u0131m. Burada ki kursa da yaz\u0131lmak istiyorum. \u0130nanarak ve i\u00e7imden gelerek att\u0131m o at\u0131\u015f\u0131. Mete Gazoz\u2019u buradan tebrik ediyorum. Allah daima yolunu a\u00e7\u0131k etsin . Ba\u015far\u0131s\u0131na \u00e7ok sevindim. T\u00fcrkiye&#8217;nin gururu oldu. Bende \u00e7ok seviyordum zaten kendisini. Onun gibi gen\u00e7ler yeteneklerini gelsinler burada sergilesinler. Ben daha \u00f6nce bu sporu yapmad\u0131m ama, bir heves var i\u00e7imde. At\u0131\u015f\u0131n ard\u0131ndan da duygular\u0131m kabard\u0131\u201d ifadelerini kulland\u0131.<\/span><\/p>\n","protected":false},"excerpt":{"rendered":"<p>Esenler Belediyesi\u2019nde temizlik g\u00f6revlisi olarak \u00e7al\u0131\u015fan Erkan Kuru, ders aras\u0131nda spor salonunu temizlemek i\u00e7in alana geldi\u011finde &#8216;ilk kez&#8217; yapt\u0131\u011f\u0131 ok<\/p>\n","protected":false},"author":3,"featured_media":13602,"comment_status":"open","ping_status":"open","sticky":false,"template":"","format":"standard","meta":{"colormag_page_container_layout":"default_layout","colormag_page_sidebar_layout":"default_layout","footnotes":""},"categories":[1,5,8,9],"tags":[],"class_list":["post-13600","post","type-post","status-publish","format-standard","has-post-thumbnail","hentry","category-genel","category-gundem","category-siyaset","category-spor"],"_links":{"self":[{"href":"https:\/\/marmarayerelhizmet.com\/index.php\/wp-json\/wp\/v2\/posts\/13600","targetHints":{"allow":["GET"]}}],"collection":[{"href":"https:\/\/marmarayerelhizmet.com\/index.php\/wp-json\/wp\/v2\/posts"}],"about":[{"href":"https:\/\/marmarayerelhizmet.com\/index.php\/wp-json\/wp\/v2\/types\/post"}],"author":[{"embeddable":true,"href":"https:\/\/marmarayerelhizmet.com\/index.php\/wp-json\/wp\/v2\/users\/3"}],"replies":[{"embeddable":true,"href":"https:\/\/marmarayerelhizmet.com\/index.php\/wp-json\/wp\/v2\/comments?post=13600"}],"version-history":[{"count":0,"href":"https:\/\/marmarayerelhizmet.com\/index.php\/wp-json\/wp\/v2\/posts\/13600\/revisions"}],"wp:featuredmedia":[{"embeddable":true,"href":"https:\/\/marmarayerelhizmet.com\/index.php\/wp-json\/wp\/v2\/media\/13602"}],"wp:attachment":[{"href":"https:\/\/marmarayerelhizmet.com\/index.php\/wp-json\/wp\/v2\/media?parent=13600"}],"wp:term":[{"taxonomy":"category","embeddable":true,"href":"https:\/\/marmarayerelhizmet.com\/index.php\/wp-json\/wp\/v2\/categories?post=13600"},{"taxonomy":"post_tag","embeddable":true,"href":"https:\/\/marmarayerelhizmet.com\/index.php\/wp-json\/wp\/v2\/tags?post=13600"}],"curies":[{"name":"wp","href":"https:\/\/api.w.org\/{rel}","templated":true}]}}