{"id":13596,"date":"2023-08-10T15:21:46","date_gmt":"2023-08-10T12:21:46","guid":{"rendered":"https:\/\/marmarayerelhizmet.com\/?p=13596"},"modified":"2023-08-10T15:21:46","modified_gmt":"2023-08-10T12:21:46","slug":"muhalefete-kentsel-donusum-elestirisi","status":"publish","type":"post","link":"https:\/\/marmarayerelhizmet.com\/index.php\/2023\/08\/10\/muhalefete-kentsel-donusum-elestirisi\/","title":{"rendered":"Muhalefete Kentsel D\u00f6n\u00fc\u015f\u00fcm Ele\u015ftirisi"},"content":{"rendered":"<p><strong><span style=\"font-family: arial, helvetica, sans-serif; font-size: 14px;\">Cumhurba\u015fkan\u0131 Recep Tayyip Erdo\u011fan, 325 konteyner kentte 178 bin 350 konteynerin kuruldu\u011funu belirterek, &#8220;15 A\u011fustos\u2019a kadar in\u015fallah tesislerde ve \u00e7ad\u0131rlarda kalan az say\u0131da vatanda\u015f\u0131m\u0131z\u0131 konteynerlere yerle\u015ftirmi\u015f olaca\u011f\u0131z&#8221; dedi. Erdo\u011fan, kentsel d\u00f6n\u00fc\u015f\u00fcm konusunda muhalefeti de ele\u015ftirerek, &#8220;CHP ve \u015f\u00fcrek\u00e2s\u0131n\u0131n kentsel d\u00f6n\u00fc\u015f\u00fcm projelerine y\u00f6nelik sald\u0131rganl\u0131\u011f\u0131n\u0131n gerisinde i\u015f bilmezlik de\u011fil, halk d\u00fc\u015fmanl\u0131\u011f\u0131 vard\u0131r\u201d ifadelerini kulland\u0131.<br \/>\n<\/span><\/strong><br \/>\n<span style=\"font-family: arial, helvetica, sans-serif; font-size: 14px;\">Cumhurba\u015fkan\u0131 Recep Tayyip Erdo\u011fan, Cumhurba\u015fkanl\u0131\u011f\u0131 K\u00fclliyesi\u2019nden canl\u0131 ba\u011flant\u0131 ile Kahramanmara\u015f&#8217;taki kentsel d\u00f6n\u00fc\u015f\u00fcm toplu temel atma t\u00f6renine kat\u0131ld\u0131. Konu\u015fmas\u0131n\u0131n ba\u015f\u0131nda \u015fehit olan Mehmet\u00e7iklere rahmet, ailelerine ba\u015fsa\u011fl\u0131\u011f\u0131 dileyen Cumhurba\u015fkan\u0131 Erdo\u011fan, 6 \u015eubat depreminde hayat\u0131n\u0131 kaybedenlere de rahmet diledi. Depremlerin \u00fczerinden 6 aydan fazla s\u00fcre ge\u00e7ti\u011fini hat\u0131rlatan Erdo\u011fan, insanl\u0131k tarihinin en y\u0131k\u0131c\u0131 do\u011fal afetlerinden birinin ya\u015fand\u0131\u011f\u0131n\u0131 belirterek, \u201dSe\u00e7im d\u00f6neminde de deprem b\u00f6lgesinden elimizi hi\u00e7 \u00e7ekmedik. Sahada yap\u0131lan \u00e7al\u0131\u015fmalar\u0131, ihtiya\u00e7lar\u0131 bizzat takip ettik. En acil olandan ba\u015flamak suretiyle depremzedelerin ihtiya\u00e7lar\u0131n\u0131 s\u00fcratle giderdik\u201d diye konu\u015ftu.<br \/>\n<\/span><br \/>\n<span style=\"font-family: arial, helvetica, sans-serif; font-size: 14px;\">\u015eehirde yap\u0131lmas\u0131 gereken deprem konutu say\u0131s\u0131n\u0131n 19 bin 418 oldu\u011funu, k\u00f6y evleri ve ah\u0131rlarla birlikte bu rakam\u0131n 29 bin 47&#8217;ye ula\u015ft\u0131\u011f\u0131n\u0131 belirten Erdo\u011fan, deprem b\u00f6lgesinde ise toplam 680 bin konutun ve 170 bin ah\u0131r, depo, i\u015f yeri gibi ba\u011f\u0131ms\u0131z b\u00f6l\u00fcm\u00fcn in\u015fa edilmesi gerekti\u011fine dikkat \u00e7ekti. Erdo\u011fan, \u201dBu a\u011f\u0131r tablo kar\u015f\u0131s\u0131nda asla \u00fcmitsizli\u011fe kap\u0131lmad\u0131k. 325 konteyner kentte 178 bin 350 konteynerin kurulumu yap\u0131lm\u0131\u015ft\u0131r. 15 A\u011fustos\u2019a kadar in\u015fallah tesislerde ve \u00e7ad\u0131rlarda kalan az say\u0131da vatanda\u015f\u0131m\u0131z\u0131 konteynerlere yerle\u015ftirmi\u015f olaca\u011f\u0131z. Yakla\u015f\u0131k 180 bin konutun ihalesi ger\u00e7ekle\u015fti. Rezerv alanlarda in\u015faatlar h\u0131zla y\u00fckseliyor. Yerinde d\u00f6n\u00fc\u015f\u00fcm projesini ba\u015flatt\u0131k. Hibe ve \u00e7ok uygun \u015fartlarda kredi deste\u011fi i\u00e7eren projemiz deprem b\u00f6lgesinde tevecc\u00fchle kar\u015f\u0131land\u0131. \u015eimdiye kadar 160 binden fazla vatanda\u015f\u0131m\u0131z yerinde d\u00f6n\u00fc\u015f\u00fcm i\u00e7in ba\u015fvuru yapt\u0131. Yerinde d\u00f6n\u00fc\u015f\u00fcm projesiyle sadece in\u015faatlar h\u0131zlanmayacak, ekonomi canlanacak, yeni istihdam alanlar\u0131 olu\u015facak, konutlar daha az maliyetle hayata ge\u00e7irilecektir\u201d dedi.<\/span><br \/>\n<span style=\"font-family: arial, helvetica, sans-serif; font-size: 14px;\">Depremde hasar g\u00f6ren illerde \u015fehir meydanlar\u0131n\u0131 h\u00fck\u00fcmet olarak yapacaklar\u0131n\u0131 s\u00f6yleyen Erdo\u011fan, \u201dB\u00f6ylece her \u015fehrimize as\u0131rlar boyu ya\u015fayacak bir merkez kazand\u0131rm\u0131\u015f olaca\u011f\u0131z. Depremin y\u0131kt\u0131\u011f\u0131 \u015fehirlerimizi alt yap\u0131, \u00fcst yap\u0131s\u0131yla daha dayan\u0131kl\u0131, g\u00f6rkemli \u015fekilde in\u015fa edece\u011fiz\u201d ifadelerini kulland\u0131.<br \/>\n<\/span><br \/>\n<span style=\"font-family: arial, helvetica, sans-serif; font-size: 14px;\">Ya\u015fanan her felaketin al\u0131nmas\u0131 gereken tedbirleri hat\u0131rlatt\u0131\u011f\u0131n\u0131 s\u00f6yleyen Erdo\u011fan, bu \u00f6nlemlerin en ba\u015f\u0131nda kentsel d\u00f6n\u00fc\u015f\u00fcm\u00fcn geldi\u011fini aktard\u0131. Erdo\u011fan, \u201dB\u00fcy\u00fck\u015fehir ba\u015fkanl\u0131\u011f\u0131mdan beri bu meseleyi i\u015fledik, g\u00fcndeme ta\u015f\u0131d\u0131k. \u00c7arp\u0131k kentle\u015fmenin yayg\u0131n oldu\u011fu kentlerde tercihten \u00f6te zorunluluk oldu\u011funu ilan ettik. TOK\u0130 vas\u0131tas\u0131yla T\u00fcrkiye\u2019nin yap\u0131 stokunun yenilenmesi i\u00e7in \u00e7aba harcad\u0131k. TOK\u0130, 1 milyon 200 bin proje \u00fcretti. \u015eimdiye kadar TOK\u0130 ile ilgili hi\u00e7bir s\u0131k\u0131nt\u0131 ya\u015fanmad\u0131. Deprem felaketi \u00f6zellikle kentsel d\u00f6n\u00fc\u015f\u00fcm hamlelerinin ne kadar isabetli oldu\u011funu bir kez daha ortaya koymu\u015ftur. T\u00fcrkiye\u2019deki muhalefet anlay\u0131\u015f\u0131n\u0131n \u00fclkemize \u00f6dettiklerini g\u00f6rme f\u0131rsat\u0131 g\u00f6rd\u00fck. Bu istemez\u00fck\u00e7\u00fc ekip do\u011frudan insan hayat\u0131n\u0131 ilgilendiren bu meseleyi bile engellemeye kalkt\u0131. Bunun i\u00e7in her yalan\u0131 s\u00f6ylediler, her yolu denediler. \u00c7e\u015fitli illegal \u00f6rg\u00fctler vas\u0131tayla firmalar\u0131, m\u00fclk sahiplerini tehdit ettiler. Kendileriyle ayn\u0131 g\u00f6r\u00fc\u015fe sahip meslek kurulu\u015flar\u0131 ve odalar arac\u0131l\u0131\u011f\u0131yla projeleri mahkemeye g\u00f6t\u00fcrd\u00fcler. Kendileri hak g\u00f6rd\u00fckleri dayan\u0131kl\u0131 modern konutlar\u0131 benim Hatayl\u0131, \u0130stanbullu karde\u015fime l\u00fcks g\u00f6rd\u00fcler. Milletimizi sa\u011fl\u0131ks\u0131z yap\u0131larda ya\u015famaya mahkum etmek i\u00e7in s\u00f6ylenmedik yalan b\u0131rakmad\u0131lar. Biz bu tav\u0131rl\u0131lar\u0131n\u0131 uzun y\u0131llar beceriksizliklerine i\u015f bilmezliklerine yorduk. Ama son se\u00e7im s\u00fcrecinde meselenin masum olmad\u0131\u011f\u0131n\u0131 anlad\u0131k. CHP \u015f\u00fcrekas\u0131n\u0131n kentsel d\u00f6n\u00fc\u015f\u00fcm d\u00fc\u015fmanl\u0131\u011f\u0131n\u0131n gerisinde i\u015f bilmezlik de\u011fil, halk d\u00fc\u015fmanl\u0131\u011f\u0131 vard\u0131r. Sand\u0131ktan istedikleri netice \u00e7\u0131kmad\u0131 diye afetzedelerimize zulmedenlerin ger\u00e7ek y\u00fcz\u00fcn\u00fc de\u015fifre etmeyi s\u00fcrd\u00fcrece\u011fiz. Ne deprem b\u00f6lgesindeki karde\u015flerimizi ne de 85 milyonun di\u011fer fertlerini bunlar\u0131n insaf\u0131na asla b\u0131rakmayaca\u011f\u0131z\u201d dedi.<br \/>\n<\/span><br \/>\n<span style=\"font-family: arial, helvetica, sans-serif; font-size: 14px;\">Muhalefeti ele\u015ftiren Erdo\u011fan, \u201dBunlar vatanda\u015fa hizmet etmezler; vatanda\u015f\u0131n refah\u0131n\u0131n, hayat kalitesinin, ya\u015fam standard\u0131n\u0131n y\u00fckselmesini de istemezler. Bunlar\u0131n g\u00f6z\u00fcnde se\u00e7men ancak \u2018t\u0131p\u0131\u015f t\u0131p\u0131\u015f\u2019 oy verdi\u011fi, kendilerini kay\u0131ts\u0131z \u015farts\u0131z destekledi\u011fi zaman insand\u0131r. 4 May\u0131s \u00f6ncesinde millete bedava ev vadediyorlard\u0131, 15 May\u0131s sabah\u0131 ilk icraatlar\u0131 depremzedelerimizi s\u0131\u011f\u0131nd\u0131klar\u0131 yerlerden kap\u0131 d\u0131\u015far\u0131 etmek oldu. Oy tercihlerinden dolay\u0131 afetzedelerimize her t\u00fcrl\u00fc hakaretleri yapt\u0131lar. Y\u0131llar boyu utan\u00e7la hat\u0131rlanacak hoyratl\u0131\u011f\u0131, ahlaks\u0131zl\u0131\u011f\u0131 sergilemekten hicap duymad\u0131lar. 28 May\u0131s&#8217;tan sonra da \u00e7\u0131k\u0131p siyasi h\u0131rslar\u0131 sebebiyle ma\u011fdur ettikleri karde\u015flerimizden bir kez olsun \u00f6z\u00fcr dilemediler. Biz bunlar\u0131n hi\u00e7birini unutmad\u0131k ve unutmayaca\u011f\u0131z. Son 21 y\u0131lda kentsel d\u00f6n\u00fc\u015f\u00fcm projeleriyle \u00fclkenin d\u00f6rt bir yan\u0131nda 3,3 milyon konutun in\u015fas\u0131n\u0131 sa\u011flad\u0131k. B\u00f6ylece 20 milyona yak\u0131n insan\u0131m\u0131z\u0131 g\u00fcvenli yuvalara kavu\u015fturduk. T\u00fcrkiye genelinde 6,5 milyon konutu s\u00fcratle d\u00f6n\u00fc\u015ft\u00fcrmeyi hedefliyoruz. T\u00fcrkiye genelinde 6 bu\u00e7uk milyon konutu s\u00fcratle d\u00f6n\u00fc\u015ft\u00fcrmeyi planl\u0131yoruz. Bunlar tamamland\u0131\u011f\u0131nda \u015fehirlerimiz hem g\u00fczelle\u015fecek hem depreme haz\u0131rl\u0131kl\u0131 hale gelecektir. Kentsel d\u00f6n\u00fc\u015f\u00fcm projelerini bu vizyonumuzun bir par\u00e7as\u0131 olarak g\u00f6r\u00fcyoruz\u201d a\u00e7\u0131klamas\u0131n\u0131 yapt\u0131.<\/span><\/p>\n","protected":false},"excerpt":{"rendered":"<p>Cumhurba\u015fkan\u0131 Recep Tayyip Erdo\u011fan, 325 konteyner kentte 178 bin 350 konteynerin kuruldu\u011funu belirterek, &#8220;15 A\u011fustos\u2019a kadar in\u015fallah tesislerde ve \u00e7ad\u0131rlarda<\/p>\n","protected":false},"author":3,"featured_media":13598,"comment_status":"open","ping_status":"open","sticky":false,"template":"","format":"standard","meta":{"colormag_page_container_layout":"default_layout","colormag_page_sidebar_layout":"default_layout","footnotes":""},"categories":[1,5,8],"tags":[],"class_list":["post-13596","post","type-post","status-publish","format-standard","has-post-thumbnail","hentry","category-genel","category-gundem","category-siyaset"],"_links":{"self":[{"href":"https:\/\/marmarayerelhizmet.com\/index.php\/wp-json\/wp\/v2\/posts\/13596","targetHints":{"allow":["GET"]}}],"collection":[{"href":"https:\/\/marmarayerelhizmet.com\/index.php\/wp-json\/wp\/v2\/posts"}],"about":[{"href":"https:\/\/marmarayerelhizmet.com\/index.php\/wp-json\/wp\/v2\/types\/post"}],"author":[{"embeddable":true,"href":"https:\/\/marmarayerelhizmet.com\/index.php\/wp-json\/wp\/v2\/users\/3"}],"replies":[{"embeddable":true,"href":"https:\/\/marmarayerelhizmet.com\/index.php\/wp-json\/wp\/v2\/comments?post=13596"}],"version-history":[{"count":0,"href":"https:\/\/marmarayerelhizmet.com\/index.php\/wp-json\/wp\/v2\/posts\/13596\/revisions"}],"wp:featuredmedia":[{"embeddable":true,"href":"https:\/\/marmarayerelhizmet.com\/index.php\/wp-json\/wp\/v2\/media\/13598"}],"wp:attachment":[{"href":"https:\/\/marmarayerelhizmet.com\/index.php\/wp-json\/wp\/v2\/media?parent=13596"}],"wp:term":[{"taxonomy":"category","embeddable":true,"href":"https:\/\/marmarayerelhizmet.com\/index.php\/wp-json\/wp\/v2\/categories?post=13596"},{"taxonomy":"post_tag","embeddable":true,"href":"https:\/\/marmarayerelhizmet.com\/index.php\/wp-json\/wp\/v2\/tags?post=13596"}],"curies":[{"name":"wp","href":"https:\/\/api.w.org\/{rel}","templated":true}]}}