{"id":13584,"date":"2023-08-10T12:46:15","date_gmt":"2023-08-10T09:46:15","guid":{"rendered":"https:\/\/marmarayerelhizmet.com\/?p=13584"},"modified":"2023-08-10T12:46:15","modified_gmt":"2023-08-10T09:46:15","slug":"57-ile-yeni-vali-atandi","status":"publish","type":"post","link":"https:\/\/marmarayerelhizmet.com\/index.php\/2023\/08\/10\/57-ile-yeni-vali-atandi\/","title":{"rendered":"57 \u0130le Yeni Vali Atand\u0131"},"content":{"rendered":"<p><strong><span style=\"font-family: arial, helvetica, sans-serif; font-size: 14px;\">Resmi Gazete\u2019de yay\u0131mlanan Valiler Kararnamesine g\u00f6re 57 ile yeni vali atand\u0131. Aralar\u0131nda \u0130zmir, Adana ve Manisa\u2019n\u0131n da bulundu\u011fu 16 b\u00fcy\u00fck\u015fehrin valisi de\u011fi\u015fti.<br \/>\n<\/span><\/strong><br \/>\n<span style=\"font-family: arial, helvetica, sans-serif; font-size: 14px;\">Cumhurba\u015fkan\u0131 Recep Tayyip Erdo\u011fan\u2019\u0131n imzas\u0131yla yay\u0131mlanan atama kararlar\u0131na g\u00f6re 57 ile yeni vali atand\u0131. Aralar\u0131nda \u0130zmir, Adana ve Manisa\u2019n\u0131n da bulundu\u011fu 16 b\u00fcy\u00fck\u015fehrin valisi de\u011fi\u015fti. S\u00f6z konusu atama kararlar\u0131na g\u00f6re; Adana Valisi Yavuz Selim K\u00f6\u015fger, A\u011fr\u0131 Valisi Mustafa Ko\u00e7, Aksaray Valisi Mehmet Ali Kumbuzo\u011flu, Amasya Valisi Y\u0131lmaz Doruk, Antalya Valisi Hulusi \u015eahin, Ardahan Valisi Hayrettin \u00c7i\u00e7ek, Artvin Valisi Cengiz \u00dcnsal, Ayd\u0131n Valisi Yakup Canbolat,\u00a0Bal\u0131kesir\u00a0Valisi \u0130smail Ustao\u011flu, Bayburt Valisi Mustafa Eldivan, Bilecik Valisi \u015eefik Ayg\u00f6l, Bing\u00f6l Valisi Ahmet Hamdi Usta, Bitlis Valisi Erol Kara\u00f6mero\u011flu, Burdur Valisi T\u00fcrker \u00d6ks\u00fcz, Bursa Valisi Mahmut Demirta\u015f, \u00c7ank\u0131r\u0131 Valisi Mustafa F\u0131rat Ta\u015folar, \u00c7orum Valisi Z\u00fclkif Da\u011fl\u0131, Denizli Valisi \u00d6mer Faruk \u00c7o\u015fkun, D\u00fczce Valisi Sel\u00e7uk Aslan, Edirne Valisi Yunus Sezer, Erzincan Valisi Hamza Aydo\u011fdu, Erzurum Valisi Mustafa \u00c7ift\u00e7i, Eski\u015fehir Valisi H\u00fcseyin Aksoy, Giresun Valisi Mehmet Fatih Serdenge\u00e7ti, G\u00fcm\u00fc\u015fhane Valisi Alper Tanr\u0131sever, Hakkari Valisi Ali \u00c7elik, I\u011fd\u0131r Valisi Ercan Turan, \u0130zmir Valisi S\u00fcleyman Elban, Kahramanmara\u015f Valisi M\u00fckerrem \u00dcnl\u00fcer, Karab\u00fck Valisi Mustafa Yavuz, Karaman Valisi H\u00fcseyin Engin Sar\u0131ibrahim, K\u0131r\u0131kkale Valisi Mehmet Makas, Kilis Valisi Tahir \u015eahin, K\u00fctahya Valisi Musa I\u015f\u0131n, Malatya Valisi Ersin Yaz\u0131c\u0131, Manisa Valisi Enver \u00dcnl\u00fc, Mardin Valisi Tuncay Akkoyun, Mu\u011fla Valisi \u0130dris Akb\u0131y\u0131k, Mu\u015f Valisi Avni \u00c7ak\u0131r, Nev\u015fehir Valisi Ali Fidan, Ordu Valisi Muammer Erol, Rize Valisi \u0130hsan Selim Bayda\u015f, Sakarya Valisi Ya\u015far Karadeniz, Samsun Valisi Orhan Tavl\u0131, Siirt Valisi Kemal K\u0131z\u0131lkaya, Sinop Valisi Mustafa \u00d6zarslan, \u015eanl\u0131urfa Valisi, Hasan \u015e\u0131ldak, \u015e\u0131rnak Valisi Cevdet Atay, Tekirda\u011f Valisi Recep Soyt\u00fcrk, Trabzon Valisi Aziz Y\u0131ld\u0131r\u0131m, Tunceli Valisi B\u00fclent Tekb\u0131y\u0131ko\u011flu, Yalova Valisi H\u00fclya Kaya, Yozgat Valisi Mehmet Ali \u00d6zkan ve Zonguldak Valisi Osman Hac\u0131bekta\u015fo\u011flu oldu.<\/span><\/p>\n","protected":false},"excerpt":{"rendered":"<p>Resmi Gazete\u2019de yay\u0131mlanan Valiler Kararnamesine g\u00f6re 57 ile yeni vali atand\u0131. Aralar\u0131nda \u0130zmir, Adana ve Manisa\u2019n\u0131n da bulundu\u011fu 16 b\u00fcy\u00fck\u015fehrin<\/p>\n","protected":false},"author":3,"featured_media":13586,"comment_status":"open","ping_status":"open","sticky":false,"template":"","format":"standard","meta":{"colormag_page_container_layout":"default_layout","colormag_page_sidebar_layout":"default_layout","footnotes":""},"categories":[1,5,8],"tags":[],"class_list":["post-13584","post","type-post","status-publish","format-standard","has-post-thumbnail","hentry","category-genel","category-gundem","category-siyaset"],"_links":{"self":[{"href":"https:\/\/marmarayerelhizmet.com\/index.php\/wp-json\/wp\/v2\/posts\/13584","targetHints":{"allow":["GET"]}}],"collection":[{"href":"https:\/\/marmarayerelhizmet.com\/index.php\/wp-json\/wp\/v2\/posts"}],"about":[{"href":"https:\/\/marmarayerelhizmet.com\/index.php\/wp-json\/wp\/v2\/types\/post"}],"author":[{"embeddable":true,"href":"https:\/\/marmarayerelhizmet.com\/index.php\/wp-json\/wp\/v2\/users\/3"}],"replies":[{"embeddable":true,"href":"https:\/\/marmarayerelhizmet.com\/index.php\/wp-json\/wp\/v2\/comments?post=13584"}],"version-history":[{"count":0,"href":"https:\/\/marmarayerelhizmet.com\/index.php\/wp-json\/wp\/v2\/posts\/13584\/revisions"}],"wp:featuredmedia":[{"embeddable":true,"href":"https:\/\/marmarayerelhizmet.com\/index.php\/wp-json\/wp\/v2\/media\/13586"}],"wp:attachment":[{"href":"https:\/\/marmarayerelhizmet.com\/index.php\/wp-json\/wp\/v2\/media?parent=13584"}],"wp:term":[{"taxonomy":"category","embeddable":true,"href":"https:\/\/marmarayerelhizmet.com\/index.php\/wp-json\/wp\/v2\/categories?post=13584"},{"taxonomy":"post_tag","embeddable":true,"href":"https:\/\/marmarayerelhizmet.com\/index.php\/wp-json\/wp\/v2\/tags?post=13584"}],"curies":[{"name":"wp","href":"https:\/\/api.w.org\/{rel}","templated":true}]}}