{"id":13572,"date":"2023-08-10T12:40:49","date_gmt":"2023-08-10T09:40:49","guid":{"rendered":"https:\/\/marmarayerelhizmet.com\/?p=13572"},"modified":"2023-08-10T12:40:49","modified_gmt":"2023-08-10T09:40:49","slug":"sazlibosna-baraji-alarm-veriyor","status":"publish","type":"post","link":"https:\/\/marmarayerelhizmet.com\/index.php\/2023\/08\/10\/sazlibosna-baraji-alarm-veriyor\/","title":{"rendered":"Sazl\u0131bosna Baraj\u0131 Alarm Veriyor"},"content":{"rendered":"<p><strong><span style=\"font-family: arial, helvetica, sans-serif; font-size: 14px;\">\u0130stanbul\u2019un su ihtiyac\u0131n\u0131 kar\u015f\u0131layan barajlar\u0131n doluluk oranlar\u0131 artan s\u0131cakl\u0131k ve ya\u015fanan kurakl\u0131kla ciddi oranda azald\u0131. \u0130stanbul Su ve Kanalizasyon \u0130daresi\u2019nin (\u0130SK\u0130) internet sitesindeki verilerine g\u00f6re barajlarda son dokuz y\u0131l\u0131n ayn\u0131 d\u00f6nemlere bak\u0131ld\u0131\u011f\u0131nda doluluk oranlar\u0131nda en d\u00fc\u015f\u00fck oran bu y\u0131l g\u00f6r\u00fcl\u00fcyor. Sazl\u0131bosna Baraj\u0131\u2019nda doluluk oran\u0131 %18,66\u2019ya geriledi. Baraj\u0131n baz\u0131 noktalar\u0131nda g\u00f6l\u00fcn tamamen kurudu\u011fu ve eskiden baraj suyu olan yerlerde \u015fuanda vatanda\u015flar\u0131n piknik yapt\u0131\u011f\u0131 g\u00f6r\u00fcld\u00fc.<br \/>\n<\/span><\/strong><br \/>\n<span style=\"font-family: arial, helvetica, sans-serif; font-size: 14px;\">\u0130stanbul\u2019da Temmuz ay\u0131nda hava s\u0131cakl\u0131\u011f\u0131n\u0131n mevsim normalleri \u00fczerinde seyretmesi nedeniyle barajlar\u0131n doluluk oran\u0131nda ciddi azalmalar ger\u00e7ekle\u015fti. \u0130stanbul Su ve Kanalizasyon \u0130daresi\u2019nin (\u0130SK\u0130) internet sitesindeki verilerine g\u00f6re barajlarda son dokuz y\u0131l\u0131n ayn\u0131 d\u00f6nemlere bak\u0131ld\u0131\u011f\u0131nda doluluk oranlar\u0131nda en d\u00fc\u015f\u00fck oran bu y\u0131l g\u00f6r\u00fcl\u00fcyorken \u0130stanbul genelinde barajlar\u0131n doluluk oranlar\u0131 %34,81\u2019e gerilerken bu oran Sazl\u0131bosna Baraj\u0131\u2019nda %18,66\u2019ya geriledi. Sazl\u0131bosna Baraj\u0131\u2019nda dron ile \u00e7ekilen g\u00f6r\u00fcnt\u00fclerde \u00f6nceden baraj suyuyla dolu olan noktalarda vatanda\u015flar\u0131n piknik yapt\u0131\u011f\u0131 ve baz\u0131 noktalarda iki k\u0131y\u0131n\u0131n birle\u015fti\u011fi g\u00f6r\u00fcld\u00fc.<\/span><\/p>\n<p><strong><span style=\"font-family: arial, helvetica, sans-serif; font-size: 14px;\">\u201cBurada baya su vard\u0131 bende g\u00f6r\u00fcnce \u015fa\u015f\u0131rd\u0131m\u201d<\/span><\/strong><br \/>\n<span style=\"font-family: arial, helvetica, sans-serif; font-size: 14px;\">Sazl\u0131bosna Baraj\u0131\u2019nda zaman zaman bal\u0131k tutan Murat Can ya\u015fanan kurakl\u0131klar ile ilgili, \u201cBen bal\u0131k tutmaya geliyorum buraya hafta sonlar\u0131. Burada baya su vard\u0131 bende g\u00f6r\u00fcnce \u015fa\u015f\u0131rd\u0131m en son 2 ay \u00f6nce gelmi\u015ftim ve bu \u015fekilde de\u011fildi. Ben Kayaba\u015f\u0131 taraf\u0131nda geliyordum orada su yok diye bu tarafa geldim ancak buras\u0131 daha fazla kurumu\u015f. \u0130nsanlar\u0131m\u0131z\u0131n biraz daha duyarl\u0131 olmas\u0131 gerekiyor.\u201d \u0130fadelerini kulland\u0131.<br \/>\n<\/span><br \/>\n<strong><span style=\"font-family: arial, helvetica, sans-serif; font-size: 14px;\">\u201cBuray\u0131 g\u00f6rm\u00fc\u015f olsalar daha dikkat edeceklerini d\u00fc\u015f\u00fcn\u00fcyorum\u201d<\/span><\/strong><br \/>\n<span style=\"font-family: arial, helvetica, sans-serif; font-size: 14px;\">\u015eehir d\u0131\u015f\u0131ndan gelen ve Sazl\u0131bosna\u2019daki kurakl\u0131\u011f\u0131 g\u00f6ren Mustafa \u015eahin K\u0131r\u0131k , \u201cbizi \u00e7ok \u015fa\u015f\u0131rtt\u0131 ben misafirim buralar\u0131n komple su oldu\u011fu s\u00f6yleniyor yok denilecek kadar az bal\u0131k tutmaya geldik bal\u0131kta yok. Bana daha b\u00fcy\u00fck oldu\u011fu ve \u015fuan oturdu\u011fumuz yerlerin bile su oldu\u011funu s\u00f6ylediler asl\u0131nda. Biraz daha suda tasarrufa gitmek laz\u0131m, buray\u0131 g\u00f6rm\u00fc\u015f olsalar daha dikkat edeceklerini d\u00fc\u015f\u00fcn\u00fcyorum zaten\u201d \u015feklinde konu\u015ftu.<\/span><\/p>\n","protected":false},"excerpt":{"rendered":"<p>\u0130stanbul\u2019un su ihtiyac\u0131n\u0131 kar\u015f\u0131layan barajlar\u0131n doluluk oranlar\u0131 artan s\u0131cakl\u0131k ve ya\u015fanan kurakl\u0131kla ciddi oranda azald\u0131. \u0130stanbul Su ve Kanalizasyon \u0130daresi\u2019nin<\/p>\n","protected":false},"author":3,"featured_media":13574,"comment_status":"open","ping_status":"open","sticky":false,"template":"","format":"standard","meta":{"colormag_page_container_layout":"default_layout","colormag_page_sidebar_layout":"default_layout","footnotes":""},"categories":[1,5],"tags":[],"class_list":["post-13572","post","type-post","status-publish","format-standard","has-post-thumbnail","hentry","category-genel","category-gundem"],"_links":{"self":[{"href":"https:\/\/marmarayerelhizmet.com\/index.php\/wp-json\/wp\/v2\/posts\/13572","targetHints":{"allow":["GET"]}}],"collection":[{"href":"https:\/\/marmarayerelhizmet.com\/index.php\/wp-json\/wp\/v2\/posts"}],"about":[{"href":"https:\/\/marmarayerelhizmet.com\/index.php\/wp-json\/wp\/v2\/types\/post"}],"author":[{"embeddable":true,"href":"https:\/\/marmarayerelhizmet.com\/index.php\/wp-json\/wp\/v2\/users\/3"}],"replies":[{"embeddable":true,"href":"https:\/\/marmarayerelhizmet.com\/index.php\/wp-json\/wp\/v2\/comments?post=13572"}],"version-history":[{"count":0,"href":"https:\/\/marmarayerelhizmet.com\/index.php\/wp-json\/wp\/v2\/posts\/13572\/revisions"}],"wp:featuredmedia":[{"embeddable":true,"href":"https:\/\/marmarayerelhizmet.com\/index.php\/wp-json\/wp\/v2\/media\/13574"}],"wp:attachment":[{"href":"https:\/\/marmarayerelhizmet.com\/index.php\/wp-json\/wp\/v2\/media?parent=13572"}],"wp:term":[{"taxonomy":"category","embeddable":true,"href":"https:\/\/marmarayerelhizmet.com\/index.php\/wp-json\/wp\/v2\/categories?post=13572"},{"taxonomy":"post_tag","embeddable":true,"href":"https:\/\/marmarayerelhizmet.com\/index.php\/wp-json\/wp\/v2\/tags?post=13572"}],"curies":[{"name":"wp","href":"https:\/\/api.w.org\/{rel}","templated":true}]}}