{"id":13564,"date":"2023-08-10T01:08:42","date_gmt":"2023-08-09T22:08:42","guid":{"rendered":"https:\/\/marmarayerelhizmet.com\/?p=13564"},"modified":"2023-08-10T01:08:42","modified_gmt":"2023-08-09T22:08:42","slug":"fidana-devlet-ustun-hizmet-madalyasi-berati","status":"publish","type":"post","link":"https:\/\/marmarayerelhizmet.com\/index.php\/2023\/08\/10\/fidana-devlet-ustun-hizmet-madalyasi-berati\/","title":{"rendered":"Fidan\u2019a &#8216;Devlet \u00dcst\u00fcn Hizmet Madalyas\u0131 Berat\u0131&#8217;"},"content":{"rendered":"<p><strong><span style=\"font-family: arial, helvetica, sans-serif; font-size: 14px;\">Cumhurba\u015fkan\u0131 Recep Tayyip Erdo\u011fan, Milli G\u00fcvenlik Kurulu (MGK) toplant\u0131s\u0131na son kez kat\u0131lan komutanlara hediye, Milli \u0130stihbarat Ba\u015fkanl\u0131\u011f\u0131\u2019ndaki (M\u0130T) g\u00f6revlerinden dolay\u0131 D\u0131\u015fi\u015fleri Bakan\u0131 Hakan Fidan\u2019a ise &#8216;Devlet \u00dcst\u00fcn Hizmet Madalyas\u0131 Berat\u0131&#8217; takdim etti.<br \/>\n<\/span><\/strong><br \/>\n<span style=\"font-family: arial, helvetica, sans-serif; font-size: 14px;\">Cumhurba\u015fkan\u0131 Erdo\u011fan ba\u015fkanl\u0131\u011f\u0131ndaki MGK, Cumhurba\u015fkanl\u0131\u011f\u0131 K\u00fclliyesi&#8217;nde topland\u0131. Son kez MGK toplant\u0131s\u0131na kat\u0131lan ve 30 A\u011fustos&#8217;ta emekliye ayr\u0131lacak olan Kara Kuvvetleri Komutan\u0131 Orgeneral Musa Avsever, Hava Kuvvetleri Komutan\u0131 Orgeneral Atilla G\u00fclan ve MGK Genel Sekreter Yard\u0131mc\u0131s\u0131 Tu\u011fgeneral Alper Eser&#8217;e Cumhurba\u015fkan\u0131 Erdo\u011fan taraf\u0131ndan saat ve \u00e7ini hediye edildi. Konu\u015fmas\u0131nda askerli\u011fe 1971 y\u0131l\u0131nda ba\u015flad\u0131\u011f\u0131n\u0131 s\u00f6yleyen Avsever, bir askerin gelebilece\u011fi en \u00fcst seviyeye geldi\u011fini, bu \u015fura ile emekliye ayr\u0131ld\u0131\u011f\u0131n\u0131 belirterek, Erdo\u011fan\u2019a te\u015fekk\u00fcr etti. Konu\u015fmas\u0131 s\u0131ras\u0131nda duygulanan Avsever\u2019e sar\u0131lan Erdo\u011fan, &#8220;Kendisi duyguland\u0131, biz de duyguland\u0131k. Sa\u011f ol&#8221; ifadelerini kulland\u0131.<\/span><br \/>\n<span style=\"font-family: arial, helvetica, sans-serif; font-size: 14px;\">Orgeneral Atilla G\u00fclan ise T\u00fcrk Silahl\u0131 Kuvvetleri\u2019ne (TSK) 47 sene hizmet verdi\u011fini, Avsever\u2019in kendisinden daha fazla hizmetinin oldu\u011funu dile getirerek, g\u00f6revini en \u00fcst d\u00fczeyde b\u0131rakt\u0131\u011f\u0131 i\u00e7in onurlu ve gururlu oldu\u011funu kaydetti. G\u00fclan, destekleri i\u00e7in Cumhurba\u015fkan\u0131 Erdo\u011fan&#8217;a te\u015fekk\u00fcr etti.<\/span><\/p>\n<p><strong><span style=\"font-family: arial, helvetica, sans-serif; font-size: 14px;\">Bakan Fidan\u2019a &#8216;Devlet \u00dcst\u00fcn Hizmet Madalyas\u0131 Berat\u0131&#8217;<\/span><\/strong><br \/>\n<span style=\"font-family: arial, helvetica, sans-serif; font-size: 14px;\">Cumhurba\u015fkan\u0131 Erdo\u011fan, komutanlara hediye takdiminin ard\u0131ndan M\u0130T\u2019teki 13 y\u0131ll\u0131k hizmetlerinden \u00f6t\u00fcr\u00fc D\u0131\u015fi\u015fleri Bakan\u0131 Hakan Fidan&#8217;a &#8220;Devlet \u00dcst\u00fcn Hizmet Madalyas\u0131 Berat\u0131&#8221; verdi. Bakan Fidan, &#8220;Ben bu madalyay\u0131 benimle beraber g\u00f6rev yaparken Libya&#8217;da, Karaba\u011f&#8217;da, Suriye&#8217;de, Irak&#8217;ta sizin emirlerinizi hayata ge\u00e7irmek i\u00e7in \u015fehit olan arkada\u015flar\u0131m ad\u0131na al\u0131yorum&#8221; derken, Erdo\u011fan ise, &#8220;Rabbim mekanlar\u0131n\u0131 cennet eylesin&#8221; duas\u0131nda bulundu.<\/span><\/p>\n","protected":false},"excerpt":{"rendered":"<p>Cumhurba\u015fkan\u0131 Recep Tayyip Erdo\u011fan, Milli G\u00fcvenlik Kurulu (MGK) toplant\u0131s\u0131na son kez kat\u0131lan komutanlara hediye, Milli \u0130stihbarat Ba\u015fkanl\u0131\u011f\u0131\u2019ndaki (M\u0130T) g\u00f6revlerinden dolay\u0131<\/p>\n","protected":false},"author":3,"featured_media":13566,"comment_status":"open","ping_status":"open","sticky":false,"template":"","format":"standard","meta":{"colormag_page_container_layout":"default_layout","colormag_page_sidebar_layout":"default_layout","footnotes":""},"categories":[1,5,8],"tags":[],"class_list":["post-13564","post","type-post","status-publish","format-standard","has-post-thumbnail","hentry","category-genel","category-gundem","category-siyaset"],"_links":{"self":[{"href":"https:\/\/marmarayerelhizmet.com\/index.php\/wp-json\/wp\/v2\/posts\/13564","targetHints":{"allow":["GET"]}}],"collection":[{"href":"https:\/\/marmarayerelhizmet.com\/index.php\/wp-json\/wp\/v2\/posts"}],"about":[{"href":"https:\/\/marmarayerelhizmet.com\/index.php\/wp-json\/wp\/v2\/types\/post"}],"author":[{"embeddable":true,"href":"https:\/\/marmarayerelhizmet.com\/index.php\/wp-json\/wp\/v2\/users\/3"}],"replies":[{"embeddable":true,"href":"https:\/\/marmarayerelhizmet.com\/index.php\/wp-json\/wp\/v2\/comments?post=13564"}],"version-history":[{"count":0,"href":"https:\/\/marmarayerelhizmet.com\/index.php\/wp-json\/wp\/v2\/posts\/13564\/revisions"}],"wp:featuredmedia":[{"embeddable":true,"href":"https:\/\/marmarayerelhizmet.com\/index.php\/wp-json\/wp\/v2\/media\/13566"}],"wp:attachment":[{"href":"https:\/\/marmarayerelhizmet.com\/index.php\/wp-json\/wp\/v2\/media?parent=13564"}],"wp:term":[{"taxonomy":"category","embeddable":true,"href":"https:\/\/marmarayerelhizmet.com\/index.php\/wp-json\/wp\/v2\/categories?post=13564"},{"taxonomy":"post_tag","embeddable":true,"href":"https:\/\/marmarayerelhizmet.com\/index.php\/wp-json\/wp\/v2\/tags?post=13564"}],"curies":[{"name":"wp","href":"https:\/\/api.w.org\/{rel}","templated":true}]}}