{"id":13527,"date":"2023-08-09T09:54:31","date_gmt":"2023-08-09T06:54:31","guid":{"rendered":"https:\/\/marmarayerelhizmet.com\/?p=13527"},"modified":"2023-08-09T09:54:31","modified_gmt":"2023-08-09T06:54:31","slug":"karavanlar-tepkilere-neden-oldu","status":"publish","type":"post","link":"https:\/\/marmarayerelhizmet.com\/index.php\/2023\/08\/09\/karavanlar-tepkilere-neden-oldu\/","title":{"rendered":"Karavanlar Tepkilere Neden Oldu"},"content":{"rendered":"<p><strong><span style=\"font-family: arial, helvetica, sans-serif; font-size: 14px;\">\u00c7anakkale&#8217;nin Ayvac\u0131k il\u00e7esinde \u00f6nemli turizm merkezlerinden biri olan Assos Kad\u0131rga Koyu karavanc\u0131lar\u0131n g\u00f6zdesi oldu. Sahil boyunca s\u0131ralanan karavanlar, otelcilerin ve tatilcilerin tepkisine neden oldu.<\/span><\/strong><\/p>\n<p><span style=\"font-family: arial, helvetica, sans-serif; font-size: 14px;\">T\u00fcrkiye\u2019nin \u00fcnl\u00fc Assos\u2019un Kad\u0131rga Koyu son zamanlarda karavanlar\u0131n g\u00f6zdesi oldu. Koyda sahil boyunca park edilmi\u015f karavanlar ise, b\u00f6lge halk\u0131n\u0131n yan\u0131 s\u0131ra, otel sahipleri ile yerli ve yabanc\u0131 turistlerin de tepkisini \u00e7ekiyor. B\u00f6lge esnaf\u0131, karavanlar\u0131n g\u00f6r\u00fcnt\u00fc kirlili\u011fi ve plajlara ge\u00e7i\u015flerde engel \u00e7\u0131kard\u0131\u011f\u0131n\u0131 s\u00f6yledi. Kad\u0131rga Koyu\u2019na turizm tesisi i\u015fletmecili\u011fi yapan Bet\u00fcl \u00c7ift\u00e7i, Assos\u2019ta karavanlar\u0131n b\u00fcy\u00fck s\u0131k\u0131nt\u0131lara yol a\u00e7t\u0131\u011f\u0131n\u0131 belirterek, \u201cHer y\u0131l ya\u015fad\u0131\u011f\u0131m\u0131z problemlerin ba\u015f\u0131nda karavanlar geliyor. Karavanlar\u0131n belirli bir alanda toplanma yerleri yok ama karavan park alanlar\u0131 var. Yerel i\u015fletmeler var. Kamp ve karavan yerleri var. Onlara girmek yerine karavanlar sahil kesimine ara\u00e7lar\u0131n\u0131 park ediyor ve konakl\u0131yor. Hem burada g\u00f6r\u00fcnt\u00fc kirlili\u011fine sebep oluyorlar hem de kendi \u00e7\u00f6plerini ve kirliliklerini olduklar\u0131 yere b\u0131rak\u0131p gidiyorlar. Biz i\u015fletmeler olarak geride kalan \u00e7\u00f6pleri toplamak zorunda kal\u0131yoruz. Assos \u00e7ok de\u011ferli bir turizm b\u00f6lgesi. Turizm b\u00f6lgemizin bu karavanlar y\u00fcz\u00fcnden yok olup gitmesini istemiyoruz. Onlara i\u00e7in belirli bir b\u00f6lge olu\u015fturulmas\u0131n\u0131 istiyoruz. Geli\u015fi g\u00fczel park edilen karavan olmamas\u0131n istiyoruz. Yol kenarlar\u0131na da koyulmas\u0131n ara\u00e7lar. Burada sadece bizler de\u011fil bu koyda yer alan b\u00fct\u00fcn i\u015fletmeler bu durumdan rahats\u0131z. Bu duruma kesin bir \u00e7\u00f6z\u00fcm bulunsun istiyoruz. K\u0131y\u0131 kenar kanununda da bu k\u0131y\u0131lara ara\u00e7 durdurmak s\u0131k\u0131nt\u0131l\u0131. Bazen bu karavanlar sahilin i\u00e7erisine kadar giriyor. Sahil kenar\u0131nda park edildiklerinde \u015femsiye ve \u015fenzonglarla bu ara\u00e7lar dip dibe oluyor. Bundan dolay\u0131 da misafirlerimiz de rahats\u0131z oluyorlar. \u0130n\u015fallah kesin bir \u00e7\u00f6z\u00fcme kavu\u015fur\u201d dedi.<\/span><\/p>\n<p><span style=\"font-family: arial, helvetica, sans-serif; font-size: 14px;\">B\u00f6lgeye tatil i\u00e7in gelen Orbay Hazar ise karavan park alanlar\u0131 varken bu karavanlar\u0131n turizm tesislerinin \u00f6nlerinde park etmesinin yanl\u0131\u015f oldu\u011funu ifade ederek, tatilcilerin de bu durumdan b\u00fcy\u00fck rahats\u0131zl\u0131k duydu\u011funu ifade etti. Hazar, \u201cBu y\u0131l yo\u011fun miktarda karavan var bu b\u00f6lgede. Karavan parklar\u0131na park etmeyip sahilde konumland\u0131r\u0131lmamas\u0131 gerekiyor\u201d diye konu\u015ftu.<\/span><br \/>\n<span style=\"font-family: arial, helvetica, sans-serif; font-size: 14px;\">B\u00f6lgede tatil i\u00e7in Almanya\u2019dan gelen Carolin Ceyisakar ise, \u201cAssos\u2019u \u00e7ok be\u011feniyoruz ama maalesef bu b\u00f6lgede konumland\u0131r\u0131lm\u0131\u015f karavanlar hem denizi g\u00f6rmemizi engelleyip manzaralar\u0131m\u0131z\u0131 kesiyor hem de \u00e7\u00f6plerini sahile b\u0131rak\u0131yorlar. Biraz ilerde karavan parklar\u0131 var oraya ge\u00e7sinler istiyoruz. Sahilde bu ara\u00e7lar\u0131n durdurulmas\u0131n\u0131 yanl\u0131\u015f oluyor\u201d \u015feklinde konu\u015ftu.<\/span><\/p>\n","protected":false},"excerpt":{"rendered":"<p>\u00c7anakkale&#8217;nin Ayvac\u0131k il\u00e7esinde \u00f6nemli turizm merkezlerinden biri olan Assos Kad\u0131rga Koyu karavanc\u0131lar\u0131n g\u00f6zdesi oldu. Sahil boyunca s\u0131ralanan karavanlar, otelcilerin ve<\/p>\n","protected":false},"author":3,"featured_media":13529,"comment_status":"open","ping_status":"open","sticky":false,"template":"","format":"standard","meta":{"colormag_page_container_layout":"default_layout","colormag_page_sidebar_layout":"default_layout","footnotes":""},"categories":[1,5],"tags":[],"class_list":["post-13527","post","type-post","status-publish","format-standard","has-post-thumbnail","hentry","category-genel","category-gundem"],"_links":{"self":[{"href":"https:\/\/marmarayerelhizmet.com\/index.php\/wp-json\/wp\/v2\/posts\/13527","targetHints":{"allow":["GET"]}}],"collection":[{"href":"https:\/\/marmarayerelhizmet.com\/index.php\/wp-json\/wp\/v2\/posts"}],"about":[{"href":"https:\/\/marmarayerelhizmet.com\/index.php\/wp-json\/wp\/v2\/types\/post"}],"author":[{"embeddable":true,"href":"https:\/\/marmarayerelhizmet.com\/index.php\/wp-json\/wp\/v2\/users\/3"}],"replies":[{"embeddable":true,"href":"https:\/\/marmarayerelhizmet.com\/index.php\/wp-json\/wp\/v2\/comments?post=13527"}],"version-history":[{"count":0,"href":"https:\/\/marmarayerelhizmet.com\/index.php\/wp-json\/wp\/v2\/posts\/13527\/revisions"}],"wp:featuredmedia":[{"embeddable":true,"href":"https:\/\/marmarayerelhizmet.com\/index.php\/wp-json\/wp\/v2\/media\/13529"}],"wp:attachment":[{"href":"https:\/\/marmarayerelhizmet.com\/index.php\/wp-json\/wp\/v2\/media?parent=13527"}],"wp:term":[{"taxonomy":"category","embeddable":true,"href":"https:\/\/marmarayerelhizmet.com\/index.php\/wp-json\/wp\/v2\/categories?post=13527"},{"taxonomy":"post_tag","embeddable":true,"href":"https:\/\/marmarayerelhizmet.com\/index.php\/wp-json\/wp\/v2\/tags?post=13527"}],"curies":[{"name":"wp","href":"https:\/\/api.w.org\/{rel}","templated":true}]}}