{"id":13502,"date":"2023-08-09T09:20:29","date_gmt":"2023-08-09T06:20:29","guid":{"rendered":"https:\/\/marmarayerelhizmet.com\/?p=13502"},"modified":"2023-08-09T09:27:11","modified_gmt":"2023-08-09T06:27:11","slug":"kareside-ulasim-konforlu-hale-geliyor","status":"publish","type":"post","link":"https:\/\/marmarayerelhizmet.com\/index.php\/2023\/08\/09\/kareside-ulasim-konforlu-hale-geliyor\/","title":{"rendered":"Karesi\u2019de Ula\u015f\u0131m Konforlu Hale Geliyor"},"content":{"rendered":"<p><strong><span style=\"font-family: arial, helvetica, sans-serif; font-size: 14px;\">Karesi Belediyesi il\u00e7e genelinde parke yol, kald\u0131r\u0131m ve asfalt yama \u00e7al\u0131\u015fmalar\u0131na devam ediyor.<br \/>\n<\/span><\/strong><br \/>\n<span style=\"font-family: arial, helvetica, sans-serif; font-size: 14px;\">Karesi Belediyesi il\u00e7e genelinde yol, kald\u0131r\u0131m ve asfalt \u00e7al\u0131\u015fmalar\u0131na devam ediyor. Belediye ekipleri, gerek k\u0131rsaldaki gerekse \u015fehir merkezindeki yollar\u0131n modernizasyon \u00e7al\u0131\u015fmalar\u0131n\u0131 h\u0131zla devam ettiriyor. \u0130l\u00e7edeki vatanda\u015flar\u0131n daha rahat ve sa\u011fl\u0131kl\u0131 \u015fartlarda ya\u015famlar\u0131n\u0131 devam ettirebilmeleri i\u00e7in gece g\u00fcnd\u00fcz \u00e7al\u0131\u015fan ekipler bir \u00e7ok mahallede ise stabilize yol d\u00fczenleme \u00e7al\u0131\u015fmalar\u0131 s\u00fcr\u00fcyor.<\/span><br \/>\n<span style=\"font-family: arial, helvetica, sans-serif; font-size: 14px;\">Karesi Belediyesi Fen \u0130\u015fleri M\u00fcd\u00fcrl\u00fc\u011f\u00fc ekipleri, anl\u0131k olu\u015fan sorunlara h\u0131zl\u0131 bir \u015fekilde m\u00fcdahale ederken, merkez mahalleler ve k\u0131rsalda ise planlanan \u00e7al\u0131\u015fmalar\u0131n\u0131 devam ettiriyor. Ekipler ayr\u0131ca mahallelerde olu\u015fan \u00e7ukur, g\u00f6\u00e7me gibi sorunlarla ilgili \u00e7al\u0131\u015fmalar\u0131n\u0131 da s\u00fcrd\u00fcr\u00fcyor. Bunlar\u0131n yan\u0131nda mahallelerdeki yol, kald\u0131r\u0131m ve parke ta\u015f\u0131 onar\u0131mlar\u0131 da yap\u0131l\u0131yor.<br \/>\n<\/span><br \/>\n<strong><span style=\"font-family: arial, helvetica, sans-serif; font-size: 14px;\">Ula\u015f\u0131m konforlu hale geliyor<\/span><\/strong><br \/>\n<span style=\"font-family: arial, helvetica, sans-serif; font-size: 14px;\">Karesi Belediyesi\u2019nin yol yap\u0131m \u00e7al\u0131\u015fmalar\u0131n\u0131 h\u0131zland\u0131rd\u0131\u011f\u0131n\u0131 s\u00f6yleyen Ba\u015fkan Din\u00e7er Orkan, \u201cVatanda\u015flar\u0131m\u0131z\u0131n isteklerini birebir dinliyor, elimizden geldi\u011fi \u00f6l\u00e7\u00fcde talepleri yerine getirmeye \u00e7al\u0131\u015f\u0131yoruz. Karesi\u2019de daha geni\u015f ve g\u00fcvenli bir ula\u015f\u0131m a\u011f\u0131 sistemi i\u00e7in gerekenleri yap\u0131yoruz. Burada Fen \u0130\u015fleri m\u00fcd\u00fcrl\u00fc\u011f\u00fcm\u00fcz \u00e7al\u0131\u015fmalar\u0131n\u0131 h\u0131zland\u0131rd\u0131. Mevcut yollar\u0131 ve k\u0131rsal mahallelerimiz sokak yollar\u0131n\u0131 yenileyerek ula\u015f\u0131m\u0131 daha konforlu hale getirece\u011fiz. Program dahilinde t\u00fcm mahallelerimizde de\u011fi\u015fim, d\u00f6n\u00fc\u015f\u00fcm \u00e7al\u0131\u015fmalar\u0131 h\u0131zla s\u00fcrecek. Amac\u0131m\u0131z, Karesi sakinlerine yak\u0131\u015f\u0131r bir il\u00e7e haz\u0131rlayarak, vatanda\u015flar\u0131m\u0131z\u0131n daha mutlu ve daha huzurlu bir \u015fekilde her t\u00fcrl\u00fc konforu hizmetlerine sunmakt\u0131r\u201d dedi.<\/span><\/p>\n","protected":false},"excerpt":{"rendered":"<p>Karesi Belediyesi il\u00e7e genelinde parke yol, kald\u0131r\u0131m ve asfalt yama \u00e7al\u0131\u015fmalar\u0131na devam ediyor. Karesi Belediyesi il\u00e7e genelinde yol, kald\u0131r\u0131m ve<\/p>\n","protected":false},"author":3,"featured_media":13504,"comment_status":"open","ping_status":"open","sticky":false,"template":"","format":"standard","meta":{"colormag_page_container_layout":"default_layout","colormag_page_sidebar_layout":"default_layout","footnotes":""},"categories":[1,5,8],"tags":[],"class_list":["post-13502","post","type-post","status-publish","format-standard","has-post-thumbnail","hentry","category-genel","category-gundem","category-siyaset"],"_links":{"self":[{"href":"https:\/\/marmarayerelhizmet.com\/index.php\/wp-json\/wp\/v2\/posts\/13502","targetHints":{"allow":["GET"]}}],"collection":[{"href":"https:\/\/marmarayerelhizmet.com\/index.php\/wp-json\/wp\/v2\/posts"}],"about":[{"href":"https:\/\/marmarayerelhizmet.com\/index.php\/wp-json\/wp\/v2\/types\/post"}],"author":[{"embeddable":true,"href":"https:\/\/marmarayerelhizmet.com\/index.php\/wp-json\/wp\/v2\/users\/3"}],"replies":[{"embeddable":true,"href":"https:\/\/marmarayerelhizmet.com\/index.php\/wp-json\/wp\/v2\/comments?post=13502"}],"version-history":[{"count":0,"href":"https:\/\/marmarayerelhizmet.com\/index.php\/wp-json\/wp\/v2\/posts\/13502\/revisions"}],"wp:featuredmedia":[{"embeddable":true,"href":"https:\/\/marmarayerelhizmet.com\/index.php\/wp-json\/wp\/v2\/media\/13504"}],"wp:attachment":[{"href":"https:\/\/marmarayerelhizmet.com\/index.php\/wp-json\/wp\/v2\/media?parent=13502"}],"wp:term":[{"taxonomy":"category","embeddable":true,"href":"https:\/\/marmarayerelhizmet.com\/index.php\/wp-json\/wp\/v2\/categories?post=13502"},{"taxonomy":"post_tag","embeddable":true,"href":"https:\/\/marmarayerelhizmet.com\/index.php\/wp-json\/wp\/v2\/tags?post=13502"}],"curies":[{"name":"wp","href":"https:\/\/api.w.org\/{rel}","templated":true}]}}