{"id":13487,"date":"2023-08-08T14:10:37","date_gmt":"2023-08-08T11:10:37","guid":{"rendered":"https:\/\/marmarayerelhizmet.com\/?p=13487"},"modified":"2023-08-08T14:10:37","modified_gmt":"2023-08-08T11:10:37","slug":"kurtulusun-kadinlari-beyaz-perdede","status":"publish","type":"post","link":"https:\/\/marmarayerelhizmet.com\/index.php\/2023\/08\/08\/kurtulusun-kadinlari-beyaz-perdede\/","title":{"rendered":"Kurtulu\u015fun Kad\u0131nlar\u0131 Beyaz Perdede"},"content":{"rendered":"<p><span style=\"font-family: arial, helvetica, sans-serif; font-size: 14px;\"><strong>K\u00fclt\u00fcr ve Turizm Bakanl\u0131\u011f\u0131 Sinema Genel M\u00fcd\u00fcrl\u00fc\u011f\u00fc ile Bursa Ticaret ve Sanayi Odas\u0131 (BTSO) katk\u0131lar\u0131yla, Ehli Sanat Sinema ve K\u00fct\u00fcr Derne\u011fi taraf\u0131ndan d\u00fczenlenen 10. Uluslararas\u0131 Yed-i Velayet 7 Vilayet K\u0131sa Film Festivali kapsam\u0131ndaki 10. Do\u011fal Plato \u00c7ekim G\u00fcnleri Bursa\u2019da ba\u015flad\u0131.<br \/>\n<\/strong><br \/>\nBursa\u2019n\u0131n tarihi ve do\u011fal mekanlar\u0131nda Anadolu\u2019nun Kurtulu\u015f Sava\u015f\u0131&#8217;nda tarihe ge\u00e7mi\u015f kad\u0131n karakterleri sinemaya ta\u015f\u0131n\u0131yor. \u00c7ekimlerde, Halide Edip Ad\u0131var, G\u00f6rdesli Makbule, Halime \u00c7avu\u015f, Haf\u0131z Selman \u0130zbeli, Tayyar Rahmiye, Kara Fatma ve \u00c7ete Emir Ay\u015fe\u2019yi konu alan filmler izleyenleri Kurtulu\u015f Sava\u015f\u0131&#8217;ndaki kahraman kad\u0131nlar\u0131m\u0131z\u0131n hikayelerine g\u00f6t\u00fcrecek.<\/p>\n<p><strong>\u00c7ekimler Bursa\u2019da devam ediyor<\/strong><br \/>\nBu y\u0131l 2 \u015fehri sinemaya ta\u015f\u0131yan festivalin \u00e7ekim g\u00fcnleri etkinli\u011finde, Halide Edip Ad\u0131var temas\u0131nda birincilik kazanan \u2018Ate\u015ften G\u00f6mlek\u2019 senaryosunun \u00e7ekimleri, Mudanya M\u00fctareke Evi ve Atat\u00fcrk Evi M\u00fczesi\u2019nde; G\u00f6rdesli Makbule temas\u0131nda birincilik kazanan G\u00f6rdes&#8217;in Y\u00fcre\u011fi isimli film; Orhangazi G\u00fcrle k\u00f6y\u00fc, Da\u011fyenice ve Ya\u015fam Evi M\u00fczesi\u2019nde; asker ile omuz omuza \u00e7at\u0131\u015fmak i\u00e7in erkek k\u0131l\u0131\u011f\u0131na giren Halime \u00c7avu\u015f temas\u0131nda birincilik kazanan \u2018Mustafam\u2019 isimli senaryonun \u00e7ekimlerini Yeni\u015fehir Alayl\u0131 k\u00f6y\u00fc, \u0130l K\u00fclt\u00fcr M\u00fcd\u00fcrl\u00fc\u011f\u00fc Tarihi Bina ve Da\u011fyenice G\u00f6l kenar\u0131nda; tarihte ilk kez 3 bin kad\u0131n ile Mudafa-i Hukuk Kad\u0131nlar Cemiyetini kuran Haf\u0131z Selman \u0130zbeli temas\u0131nda birincilik kazanan \u2018\u00d6nc\u00fc\u2019 isimli senaryonun \u00e7ekimleri Bursa B\u00fcy\u00fck\u015fehir Belediyesi Ya\u015fam Evi M\u00fczesi ve Botanik Parkta; Osmaniyeli olan ve Frans\u0131zlar ile \u00e7at\u0131\u015f\u0131rken \u015fehit d\u00fc\u015fen Tayyar Rahmiye temas\u0131nda en iyi senaryo se\u00e7ilen \u2018Kur\u015funu Y\u00fcre\u011fi\u2019 Kestel Aksu k\u00f6y\u00fc ve Uluda\u011f\u2019da; Kara Fatma temal\u0131 Dev Y\u00fcrekli Kad\u0131n senaryosu Aksaray Ortak\u00f6y&#8217;de ve Ayd\u0131n\u2019\u0131n kurtulu\u015funda \u00f6nemli rol \u00fcstlenen \u00c7ete Emir Ay\u015fe\u2019nin tema birincili\u011fi kazanan senaryosu \u2018Efelerin Efesi\u2019 Aksaray Ozanc\u0131k k\u00f6y\u00fcnde film haline getiriliyor.<\/p>\n<p><strong>&#8220;Kurtulu\u015fun Kad\u0131nlar\u0131&#8221; beyaz perdede<\/strong><br \/>\n\u00c7ekimlerin 10 A\u011fustos&#8217;a kadar devam edece\u011fini s\u00f6yleyen festival ba\u015fkan\u0131 ve Ehli Sanat Sinema ve K\u00fclt\u00fcr Derne\u011fi Ba\u015fkan\u0131 Eda S\u00fcrmeli, \u201cBu y\u0131l Cumhuriyetimizin kurulu\u015funun 100. y\u0131l\u0131 ve bizim festivalimizin ise 10. y\u0131l\u0131. Bu anlaml\u0131 tarih birle\u015fmesini festivalimizi Kurtulu\u015fun Kad\u0131nlar\u0131na adayarak, onlara olan ahde vefam\u0131z\u0131 g\u00f6stermek istedik. Onlar bizim ana kahramanlar\u0131m\u0131z, kurtulu\u015f m\u00fccadelemizde b\u00fcy\u00fck pay\u0131 olan Anadolu kad\u0131nlar\u0131d\u0131r. Kimimizin kulak a\u015final\u0131\u011f\u0131 olan, kimimizin ise ismini bile bilmedi\u011fimiz, bu vatan\u0131 bor\u00e7lu oldu\u011fumuz kad\u0131nlar. Bu koca y\u00fcrekli 7 kad\u0131n\u0131 beyazperdeye ta\u015f\u0131man\u0131n onuru ile senaryo yar\u0131\u015fmam\u0131zda kahraman T\u00fcrk kad\u0131nlar\u0131n\u0131 yazan senaristlerimize, t\u00fcm hassasiyetini i\u015fine yans\u0131tan ekip arkada\u015flar\u0131m\u0131za, bize destek veren K\u00fclt\u00fcr Bakanl\u0131\u011f\u0131m\u0131za, Sinema Genel M\u00fcd\u00fcrl\u00fc\u011f\u00fcm\u00fcze, Bursa \u0130l K\u00fclt\u00fcr ve Turizm M\u00fcd\u00fcrl\u00fc\u011f\u00fcm\u00fcze, Bursa Ticaret ve Sanayi Odas\u0131na, Bursa B\u00fcy\u00fck\u015fehir Belediyemize t\u00fcm kurum ve kurulu\u015flara bu g\u00f6n\u00fcl borcumuzu bir nebze \u00f6dememize vesile olduklar\u0131 i\u00e7in te\u015fekk\u00fcr ediyorum. Filmlerimiz Eyl\u00fcl ay\u0131nda seyirci ile bulu\u015ftu\u011funda onlar\u0131n hikayesini daha iyi anlayacak ve onlar\u0131 bir kez daha rahmetle anaca\u011f\u0131z\u201d dedi.<\/span><\/p>\n","protected":false},"excerpt":{"rendered":"<p>K\u00fclt\u00fcr ve Turizm Bakanl\u0131\u011f\u0131 Sinema Genel M\u00fcd\u00fcrl\u00fc\u011f\u00fc ile Bursa Ticaret ve Sanayi Odas\u0131 (BTSO) katk\u0131lar\u0131yla, Ehli Sanat Sinema ve K\u00fct\u00fcr<\/p>\n","protected":false},"author":3,"featured_media":13489,"comment_status":"open","ping_status":"open","sticky":false,"template":"","format":"standard","meta":{"colormag_page_container_layout":"default_layout","colormag_page_sidebar_layout":"default_layout","footnotes":""},"categories":[1,5,6],"tags":[],"class_list":["post-13487","post","type-post","status-publish","format-standard","has-post-thumbnail","hentry","category-genel","category-gundem","category-kultur-sanat"],"_links":{"self":[{"href":"https:\/\/marmarayerelhizmet.com\/index.php\/wp-json\/wp\/v2\/posts\/13487","targetHints":{"allow":["GET"]}}],"collection":[{"href":"https:\/\/marmarayerelhizmet.com\/index.php\/wp-json\/wp\/v2\/posts"}],"about":[{"href":"https:\/\/marmarayerelhizmet.com\/index.php\/wp-json\/wp\/v2\/types\/post"}],"author":[{"embeddable":true,"href":"https:\/\/marmarayerelhizmet.com\/index.php\/wp-json\/wp\/v2\/users\/3"}],"replies":[{"embeddable":true,"href":"https:\/\/marmarayerelhizmet.com\/index.php\/wp-json\/wp\/v2\/comments?post=13487"}],"version-history":[{"count":0,"href":"https:\/\/marmarayerelhizmet.com\/index.php\/wp-json\/wp\/v2\/posts\/13487\/revisions"}],"wp:featuredmedia":[{"embeddable":true,"href":"https:\/\/marmarayerelhizmet.com\/index.php\/wp-json\/wp\/v2\/media\/13489"}],"wp:attachment":[{"href":"https:\/\/marmarayerelhizmet.com\/index.php\/wp-json\/wp\/v2\/media?parent=13487"}],"wp:term":[{"taxonomy":"category","embeddable":true,"href":"https:\/\/marmarayerelhizmet.com\/index.php\/wp-json\/wp\/v2\/categories?post=13487"},{"taxonomy":"post_tag","embeddable":true,"href":"https:\/\/marmarayerelhizmet.com\/index.php\/wp-json\/wp\/v2\/tags?post=13487"}],"curies":[{"name":"wp","href":"https:\/\/api.w.org\/{rel}","templated":true}]}}