{"id":13467,"date":"2023-08-07T23:14:48","date_gmt":"2023-08-07T20:14:48","guid":{"rendered":"https:\/\/marmarayerelhizmet.com\/?p=13467"},"modified":"2023-08-07T23:14:48","modified_gmt":"2023-08-07T20:14:48","slug":"erkin-koray-hayatini-kaybetti","status":"publish","type":"post","link":"https:\/\/marmarayerelhizmet.com\/index.php\/2023\/08\/07\/erkin-koray-hayatini-kaybetti\/","title":{"rendered":"Erkin Koray Hayat\u0131n\u0131 Kaybetti"},"content":{"rendered":"<p><strong><span style=\"font-family: arial, helvetica, sans-serif; font-size: 14px;\">Kanada&#8217;da ya\u015fayan Anadolu rock m\u00fczi\u011fin efsane ismi Erkin Koray hayat\u0131n\u0131 kaybetti.<br \/>\n<\/span><\/strong><br \/>\n<span style=\"font-family: arial, helvetica, sans-serif; font-size: 14px;\">T\u00fcrk rock m\u00fczi\u011finin efsanevi ismi 82 ya\u015f\u0131ndaki Erkin Koray, uzun s\u00fcredir ya\u015fad\u0131\u011f\u0131 Kanada\u2019n\u0131n Toronto \u015fehrinde kald\u0131r\u0131ld\u0131\u011f\u0131 hastanede hayat\u0131n\u0131 kaybetti. Usta sanat\u00e7\u0131n\u0131n akci\u011fer rahats\u0131zl\u0131\u011f\u0131n\u0131n yan\u0131 s\u0131ra ya\u015fl\u0131l\u0131\u011fa ba\u011fl\u0131 sa\u011fl\u0131k sorunlar\u0131 ya\u015fad\u0131\u011f\u0131 \u00f6\u011frenildi. Koray&#8217;\u0131n \u00f6l\u00fcm haberini k\u0131z\u0131 Damla Koray duyurdu.<\/span><\/p>\n<p><strong><span style=\"font-family: arial, helvetica, sans-serif; font-size: 14px;\">Erken Koray kimdir?<\/span><\/strong><br \/>\n<span style=\"font-family: arial, helvetica, sans-serif; font-size: 14px;\">T\u00fcrk rock sanat\u00e7\u0131s\u0131 Erkin Koray, 24 Haziran 1941 tarihinde \u0130stanbul\u2019da do\u011fdu. K\u00fc\u00e7\u00fck ya\u015flarda piyano \u00f6\u011fretmeni olan annesi Vecihe Koray\u2019dan piyano \u00f6\u011frendi, daha sonra gitar \u00e7almaya ba\u015flad\u0131. \u0130stanbul Alman Lisesi\u2019nde e\u011fitim g\u00f6rd\u00fc\u011f\u00fc 50\u2019li y\u0131llar\u0131n ikinci yar\u0131s\u0131nda arkada\u015flar\u0131 ile kurdu\u011fu Erkin Koray ve Ritimcileri adl\u0131 topluluk ile d\u00f6nemin g\u00fcncel par\u00e7alar\u0131n\u0131 \u00e7almaya ba\u015flad\u0131. Lise e\u011fitiminin ard\u0131ndan 60\u2019l\u0131 y\u0131llar\u0131n ba\u015f\u0131na dek \u00e7al\u0131\u015fmalar\u0131n\u0131 yar\u0131 amat\u00f6r, yar\u0131 profesyonel olarak s\u00fcrd\u00fcrd\u00fc. \u00d6zg\u00fcn \u00e7al\u0131\u015fmalar\u0131, do\u011fu ve bat\u0131 m\u00fcziklerinde yapt\u0131\u011f\u0131 \u00e7al\u0131\u015fmalarla bir\u00e7ok m\u00fczisyeni etkiledi. Cemalim, K\u00f6pr\u00fcden Ge\u00e7ti Gelin gibi \u00e7al\u0131\u015fmalar\u0131 ile T\u00fcrk halk m\u00fczi\u011fi, Nihans\u0131n Dideden, K\u0131skan\u0131r\u0131m gibi par\u00e7alar ile T\u00fcrk sanat m\u00fczi\u011fi eserlerini yorumlayarak Anadolu rock tarz\u0131n\u0131n en \u00f6nemli eserlerini vermi\u015ftir. \u015ea\u015fk\u0131n (Ala Ain Moulayiteen) (Dabke), Estarabim, \u00c7\u00f6p\u00e7\u00fcler, Fesuphanallah gibi geni\u015f kitlelerin be\u011fenisini kazanan Arabesk-rock par\u00e7alar\u0131n yan\u0131nda, Mesafeler, Ya\u011fmur gibi psychedelic rocka uzanan ve Krallar, Akrebin G\u00f6zleri, \u00d6fke gibi metal m\u00fczik olarak nitelendirilebilen bir\u00e7ok \u00f6nemli \u00e7al\u0131\u015fmaya imza att\u0131.<\/span><\/p>\n","protected":false},"excerpt":{"rendered":"<p>Kanada&#8217;da ya\u015fayan Anadolu rock m\u00fczi\u011fin efsane ismi Erkin Koray hayat\u0131n\u0131 kaybetti. T\u00fcrk rock m\u00fczi\u011finin efsanevi ismi 82 ya\u015f\u0131ndaki Erkin Koray,<\/p>\n","protected":false},"author":3,"featured_media":13469,"comment_status":"open","ping_status":"open","sticky":false,"template":"","format":"standard","meta":{"colormag_page_container_layout":"default_layout","colormag_page_sidebar_layout":"default_layout","footnotes":""},"categories":[1,5,6],"tags":[],"class_list":["post-13467","post","type-post","status-publish","format-standard","has-post-thumbnail","hentry","category-genel","category-gundem","category-kultur-sanat"],"_links":{"self":[{"href":"https:\/\/marmarayerelhizmet.com\/index.php\/wp-json\/wp\/v2\/posts\/13467","targetHints":{"allow":["GET"]}}],"collection":[{"href":"https:\/\/marmarayerelhizmet.com\/index.php\/wp-json\/wp\/v2\/posts"}],"about":[{"href":"https:\/\/marmarayerelhizmet.com\/index.php\/wp-json\/wp\/v2\/types\/post"}],"author":[{"embeddable":true,"href":"https:\/\/marmarayerelhizmet.com\/index.php\/wp-json\/wp\/v2\/users\/3"}],"replies":[{"embeddable":true,"href":"https:\/\/marmarayerelhizmet.com\/index.php\/wp-json\/wp\/v2\/comments?post=13467"}],"version-history":[{"count":0,"href":"https:\/\/marmarayerelhizmet.com\/index.php\/wp-json\/wp\/v2\/posts\/13467\/revisions"}],"wp:featuredmedia":[{"embeddable":true,"href":"https:\/\/marmarayerelhizmet.com\/index.php\/wp-json\/wp\/v2\/media\/13469"}],"wp:attachment":[{"href":"https:\/\/marmarayerelhizmet.com\/index.php\/wp-json\/wp\/v2\/media?parent=13467"}],"wp:term":[{"taxonomy":"category","embeddable":true,"href":"https:\/\/marmarayerelhizmet.com\/index.php\/wp-json\/wp\/v2\/categories?post=13467"},{"taxonomy":"post_tag","embeddable":true,"href":"https:\/\/marmarayerelhizmet.com\/index.php\/wp-json\/wp\/v2\/tags?post=13467"}],"curies":[{"name":"wp","href":"https:\/\/api.w.org\/{rel}","templated":true}]}}