{"id":13463,"date":"2023-08-07T23:12:45","date_gmt":"2023-08-07T20:12:45","guid":{"rendered":"https:\/\/marmarayerelhizmet.com\/?p=13463"},"modified":"2023-08-07T23:12:45","modified_gmt":"2023-08-07T20:12:45","slug":"turk-yemekleri-sergisi","status":"publish","type":"post","link":"https:\/\/marmarayerelhizmet.com\/index.php\/2023\/08\/07\/turk-yemekleri-sergisi\/","title":{"rendered":"T\u00fcrk Yemekleri Sergisi"},"content":{"rendered":"<p><strong><span style=\"font-family: arial, helvetica, sans-serif; font-size: 14px;\">Bu y\u0131l 24\u2019\u00fcnc\u00fcs\u00fc d\u00fczenlenen Uluslararas\u0131 \u0130stanbul B\u00fcy\u00fck\u00e7ekmece K\u00fclt\u00fcr ve Sanat Festivali \u00e7er\u00e7evesinde ger\u00e7ekle\u015ftirilen \u2018\u2019T\u00fcrk Yemekleri Sergisi\u2019\u2019 100 \u00fclkeden gelen gen\u00e7ler taraf\u0131ndan yo\u011fun ilgi g\u00f6rd\u00fc.<br \/>\n<\/span><\/strong><br \/>\n<span style=\"font-family: arial, helvetica, sans-serif; font-size: 14px;\">T\u00fcrk misafirperverli\u011fini ve mutfa\u011f\u0131n\u0131 t\u00fcm d\u00fcnyaya tan\u0131tmak amac\u0131yla bu y\u0131l 24\u2019\u00fcnc\u00fcs\u00fc d\u00fczenlenen d\u00fczenlenen T\u00fcrk Yemekleri Sergisi\u2019nde B\u00fcy\u00fck\u00e7ekmeceli kad\u0131nlar\u0131n haz\u0131rlad\u0131\u011f\u0131 \u00e7e\u015fit \u00e7e\u015fit muhte\u015fem lezzetli yemekler d\u00fcnyan\u0131n d\u00f6rt bir yan\u0131ndan gelen konuklara ikram edildi. Farkl\u0131 \u00fclkelerden gelen ve burada T\u00fcrk lezzetlerini tadan gen\u00e7ler keyifli vakit ge\u00e7irdi. 24. Uluslararas\u0131 \u0130stanbul B\u00fcy\u00fck\u00e7ekmece K\u00fclt\u00fcr ve Sanat Festivali \u00e7er\u00e7evesinde d\u00fczenlenen T\u00fcrk Yemekleri Sergisi\u2019nde T\u00fcrk mutfa\u011f\u0131ndan lezzetlerle dolu stantlarda uzun kuyruklar olu\u015ftu. Yabanc\u0131 konuklar ilk kez tatt\u0131klar\u0131 yiyecekleri b\u00fcy\u00fck bir be\u011feniyle yedi. K\u00fclt\u00fcr ve sanat el\u00e7ileri olan farkl\u0131 \u00fclkeden gelen misafirler T\u00fcrk yemeklerini \u00e7ok sevdiklerini aktard\u0131.<\/span><\/p>\n<p><strong><span style=\"font-family: arial, helvetica, sans-serif; font-size: 14px;\">&#8220;Mutfa\u011f\u0131m\u0131z\u0131n g\u00fczellikleri o gelen sanat el\u00e7ileri i\u00e7in \u00e7ok \u00f6nemli\u2019\u2019<\/span><\/strong><br \/>\n<span style=\"font-family: arial, helvetica, sans-serif; font-size: 14px;\">24. Uluslararas\u0131 \u0130stanbul B\u00fcy\u00fck\u00e7ekmece K\u00fclt\u00fcr ve Sanat Festivali\u2019nin en anlaml\u0131 etkinliklerinden biri olan T\u00fcrk Yemekleri Sergisi\u2019nde B\u00fcy\u00fck\u00e7ekmece Belediye Ba\u015fkan\u0131 Dr. Hasan Akg\u00fcn, \u2018\u2019T\u00fcrk mutfa\u011f\u0131n\u0131 tan\u0131tma g\u00fcn\u00fcndeyiz. 100 \u00fclkenin 1700\u2019e yak\u0131n sanat el\u00e7isi \u015fu anda B\u00fcy\u00fck\u00e7ekmece kad\u0131nlar\u0131n\u0131n kendi elleriyle yap\u0131p kendi elleriyle sunmakta olduklar\u0131 T\u00fcrk mutfa\u011f\u0131n\u0131n \u00e7e\u015fitli yemeklerini tad\u0131yorlar. \u0130\u015fte Uluslararas\u0131 B\u00fcy\u00fck\u00e7ekmece K\u00fclt\u00fcr ve Sanat Festivali\u2019nin \u00fclkemiz ad\u0131na en g\u00fczel anlar\u0131ndan, en anlaml\u0131 dakikalar\u0131ndan bir tanesi de buras\u0131. \u00c7\u00fcnk\u00fc mutfa\u011f\u0131m\u0131z\u0131n g\u00fczellikleri o gelen sanat el\u00e7ileri i\u00e7in \u00e7ok \u00f6nemli. Bu 100 \u00fclkenin gen\u00e7leri buraya ilk defa geldi. Belki de son defa geldiler ama bizim festival devam etti\u011fi i\u00e7in onlar\u0131n bir\u00e7o\u011fu s\u00fcrekli gelecekler. \u00d6zellikle yurt d\u0131\u015f\u0131ndan gelenlerin bug\u00fcne kadar bu sergiye \u00e7ok \u00f6nem vermi\u015f olmalar\u0131, be\u011feniyle T\u00fcrk mutfa\u011f\u0131n\u0131n tan\u0131t\u0131lmas\u0131na puan vermi\u015f olmalar\u0131 bizi T\u00fcrk mutfa\u011f\u0131n\u0131n tan\u0131t\u0131m\u0131nda daha da ileriye ta\u015f\u0131m\u0131\u015ft\u0131r. \u015eu anda ne kadar y\u00f6remiz varsa o y\u00f6relerin tamam\u0131ndan burada arad\u0131\u011f\u0131n her \u015feyi bulursun. Karalahanas\u0131ndan hamsili pilav\u0131na kadar. G\u00f6zlemesinden bamyas\u0131na kadar. Herkese afiyet olsun\u2019\u2019 dedi.<\/span><\/p>\n<p><strong><span style=\"font-family: arial, helvetica, sans-serif; font-size: 14px;\">&#8220;T\u00fcrk yemeklerini \u00e7ok seviyorum\u2019\u2019<\/span><\/strong><br \/>\n<span style=\"font-family: arial, helvetica, sans-serif; font-size: 14px;\">Ba\u015fkurdistan\u2019dan gelen Elina Bak\u0131rova, \u2018\u2019Yakla\u015f\u0131k 6 senedir T\u00fcrkiye\u2019ye gelip gidiyorum. T\u00fcrk yemeklerini \u00e7ok seviyorum. Zaten yakla\u015f\u0131k 10 y\u0131ld\u0131r kendi ba\u015f\u0131ma evde T\u00fcrk yemekleri yap\u0131yorum. Genel olarak T\u00fcrkiye\u2019yi \u00e7ok sevdi\u011fim i\u00e7in T\u00fcrk yemeklerini \u00e7ok deneme f\u0131rsat\u0131m oldu. \u0130stanbul\u2019a geldi\u011fimizden beri de s\u00fcrekli T\u00fcrk yemeklerini deniyoruz. Bizim yemeklerimize \u00e7ok benziyor Ba\u015fkurdistan\u2019daki yemeklerimize baz\u0131 yemekler. O y\u00fczden kebap olsun di\u011fer yemekler olsun \u00e7ok be\u011fendim. \u00d6zellikle tatl\u0131lar puding ve s\u00fctla\u00e7 da ayr\u0131ca favorilerimden\u201d diye konu\u015ftu.<\/span><br \/>\n<span style=\"font-family: arial, helvetica, sans-serif; font-size: 14px;\">\u201cBir\u00e7ok farkl\u0131 yemek tatt\u0131k\u201d<\/span><br \/>\n<span style=\"font-family: arial, helvetica, sans-serif; font-size: 14px;\">Rusya\u2019dan gelen Olesia Nikolaichuk ise, \u2018\u2019Bug\u00fcn burada T\u00fcrk yemeklerini tad\u0131yor olmaktan \u00e7ok b\u00fcy\u00fck mutluluk duyuyorum. Daha \u00f6nce T\u00fcrk yemekleri hakk\u0131nda fazla fikrim yoktu. Ho\u015f ve ayn\u0131 zamanda de\u011fi\u015fik oldu\u011funu d\u00fc\u015f\u00fcn\u00fcyorum. Bir\u00e7ok farkl\u0131 yemek tatt\u0131k. Ger\u00e7ekten \u00e7ok de\u011fi\u015fik \u00e7e\u015fitler vard\u0131. Hepsini tatma imkan\u0131m olmad\u0131 \u2018\u2019 \u015feklinde konu\u015ftu.<\/span><\/p>\n","protected":false},"excerpt":{"rendered":"<p>Bu y\u0131l 24\u2019\u00fcnc\u00fcs\u00fc d\u00fczenlenen Uluslararas\u0131 \u0130stanbul B\u00fcy\u00fck\u00e7ekmece K\u00fclt\u00fcr ve Sanat Festivali \u00e7er\u00e7evesinde ger\u00e7ekle\u015ftirilen \u2018\u2019T\u00fcrk Yemekleri Sergisi\u2019\u2019 100 \u00fclkeden gelen gen\u00e7ler<\/p>\n","protected":false},"author":3,"featured_media":13465,"comment_status":"open","ping_status":"open","sticky":false,"template":"","format":"standard","meta":{"colormag_page_container_layout":"default_layout","colormag_page_sidebar_layout":"default_layout","footnotes":""},"categories":[1,5,6,8],"tags":[],"class_list":["post-13463","post","type-post","status-publish","format-standard","has-post-thumbnail","hentry","category-genel","category-gundem","category-kultur-sanat","category-siyaset"],"_links":{"self":[{"href":"https:\/\/marmarayerelhizmet.com\/index.php\/wp-json\/wp\/v2\/posts\/13463","targetHints":{"allow":["GET"]}}],"collection":[{"href":"https:\/\/marmarayerelhizmet.com\/index.php\/wp-json\/wp\/v2\/posts"}],"about":[{"href":"https:\/\/marmarayerelhizmet.com\/index.php\/wp-json\/wp\/v2\/types\/post"}],"author":[{"embeddable":true,"href":"https:\/\/marmarayerelhizmet.com\/index.php\/wp-json\/wp\/v2\/users\/3"}],"replies":[{"embeddable":true,"href":"https:\/\/marmarayerelhizmet.com\/index.php\/wp-json\/wp\/v2\/comments?post=13463"}],"version-history":[{"count":0,"href":"https:\/\/marmarayerelhizmet.com\/index.php\/wp-json\/wp\/v2\/posts\/13463\/revisions"}],"wp:featuredmedia":[{"embeddable":true,"href":"https:\/\/marmarayerelhizmet.com\/index.php\/wp-json\/wp\/v2\/media\/13465"}],"wp:attachment":[{"href":"https:\/\/marmarayerelhizmet.com\/index.php\/wp-json\/wp\/v2\/media?parent=13463"}],"wp:term":[{"taxonomy":"category","embeddable":true,"href":"https:\/\/marmarayerelhizmet.com\/index.php\/wp-json\/wp\/v2\/categories?post=13463"},{"taxonomy":"post_tag","embeddable":true,"href":"https:\/\/marmarayerelhizmet.com\/index.php\/wp-json\/wp\/v2\/tags?post=13463"}],"curies":[{"name":"wp","href":"https:\/\/api.w.org\/{rel}","templated":true}]}}