{"id":13457,"date":"2023-08-07T18:00:16","date_gmt":"2023-08-07T15:00:16","guid":{"rendered":"https:\/\/marmarayerelhizmet.com\/?p=13457"},"modified":"2023-08-07T18:00:16","modified_gmt":"2023-08-07T15:00:16","slug":"esenyurttan-genclik-kampi","status":"publish","type":"post","link":"https:\/\/marmarayerelhizmet.com\/index.php\/2023\/08\/07\/esenyurttan-genclik-kampi\/","title":{"rendered":"Esenyurt&#8217;tan Gen\u00e7lik Kamp\u0131"},"content":{"rendered":"<p><strong><span style=\"font-family: arial, helvetica, sans-serif; font-size: 14px;\">Esenyurtlu gen\u00e7lerle Ku\u015fadas\u0131 Gen\u00e7lik Kamp\u0131\u2019nda bulu\u015fan Esenyurt Belediye Ba\u015fkan\u0131 Kemal Deniz Bozkurt, \u201c\u00c7ok g\u00fczel bir g\u00fcn ge\u00e7irdik. Umuyorum siz de bu duyguyu tatt\u0131n\u0131z. Ben sizin elinizi tutmaktan asla vazge\u00e7meyece\u011fim, siz de l\u00fctfen birbirinizin elini b\u0131rakmay\u0131n\u201d dedi.<br \/>\n<\/span><\/strong><br \/>\n<span style=\"font-family: arial, helvetica, sans-serif; font-size: 14px;\">Esenyurt Belediyesi\u2019nin, il\u00e7edeki gen\u00e7ler i\u00e7in d\u00fczenledi\u011fi Gen\u00e7lik Kamp\u0131\u2019n\u0131n 2\u2019ncisi bu y\u0131l Ayd\u0131n Ku\u015fadas\u0131\u2019nda ger\u00e7ekle\u015fti. Esenyurt Belediye Ba\u015fkan\u0131 Kemal Deniz Bozkurt\u2019un gen\u00e7lerle bir araya geldi\u011fi kampta, sportif aktivitelerin yan\u0131 s\u0131ra kentin tarihi ve turistik yerleri de gezildi. Esenyurtlu gen\u00e7ler, kampta voleybol, basketbol gibi aktivitelerle doyas\u0131ya e\u011flenirken, turistik gezilerle yeni yerler g\u00f6rme imkan\u0131 buldu. Ayd\u0131n Kad\u0131kalesi Anaia Antik Kenti ve \u0130zmir\u2019deki Efes Antik Kenti\u2019ni Ba\u015fkan Bozkurt\u2019la birlikte gezen gen\u00e7ler, ard\u0131ndan d\u00fczenlenen tekne turunda dal\u0131\u015f yaparak Ege\u2019nin serin sular\u0131n\u0131n tad\u0131n\u0131 \u00e7\u0131kard\u0131. Ak\u015famlar\u0131 kumsalda toplanan gen\u00e7ler \u015fark\u0131lar, t\u00fcrk\u00fcler s\u00f6yleyerek ve halay \u00e7ekerek e\u011flendi.<\/span><\/p>\n<p><strong><span style=\"font-family: arial, helvetica, sans-serif; font-size: 14px;\">\u201cEsenyurt d\u00fcnyan\u0131n en g\u00fczel yeri\u201d<\/span><\/strong><br \/>\n<span style=\"font-family: arial, helvetica, sans-serif; font-size: 14px;\">Kampta gen\u00e7lerle birlikte \u00e7ok e\u011flendi\u011fini ifade eden Ba\u015fkan Bozkurt, \u201cHerkes Esenyurt\u2019un k\u00f6t\u00fc yan\u0131n\u0131 g\u00f6stermeye \u00e7al\u0131\u015f\u0131yor ama ger\u00e7ek Esenyurt bu. Kim ne derse desin Esenyurt bence d\u00fcnyan\u0131n en g\u00fczel yeri. Benim i\u00e7in \u00f6yle, sizin i\u00e7inde \u00f6yledir diye d\u00fc\u015f\u00fcn\u00fcyorum ama bunu daha g\u00fczel yapmak i\u00e7in daha fazla \u00e7aba sarf edece\u011fiz. Ne zaman ki birbirimizi oldu\u011fumuz gibi kabul ettik, ne zaman ki birbirimizin ac\u0131lar\u0131ndan y\u00fcre\u011fimiz s\u0131zlad\u0131, ne zaman ki birbirimizin elini tuttuk o zaman d\u00fcnya g\u00fczel oluyor\u201d dedi.<\/span><\/p>\n<p><strong><span style=\"font-family: arial, helvetica, sans-serif; font-size: 14px;\">\u201c\u00c7ok g\u00fczel bir kamp\u201d<\/span><\/strong><br \/>\n<span style=\"font-family: arial, helvetica, sans-serif; font-size: 14px;\">Kampta t\u00fcm y\u0131l\u0131n stresini att\u0131\u011f\u0131n\u0131 s\u00f6yleyen Yakup Do\u011fru, \u201cBu sene hep beraber s\u0131nava haz\u0131rland\u0131k. Bir y\u0131l boyunca \u00e7abalad\u0131k ve sonunda hak etti\u011fimiz \u00f6d\u00fcl\u00fc ald\u0131k. Belediyemiz, bizi Ayd\u0131n Ku\u015fadas\u0131\u2019na getirdi. \u00c7ok g\u00fczel bir kamp d\u00fczenlediler. \u00c7ok g\u00fczel yerleri gezdik. Ne istiyorsak yapt\u0131k. \u00c7ok e\u011flendik. Bunun i\u00e7in Belediye Ba\u015fkan\u0131m\u0131za te\u015fekk\u00fcr ediyoruz. Onu \u00e7ok seviyoruz. \u0130n\u015fallah ikinci d\u00f6nemde de g\u00f6r\u00fc\u015fece\u011fiz\u201d diye konu\u015ftu.<\/span><br \/>\n<span style=\"font-family: arial, helvetica, sans-serif; font-size: 14px;\">\u201cG\u00fczel bir \u00f6d\u00fcl oldu\u201d<\/span><br \/>\n<span style=\"font-family: arial, helvetica, sans-serif; font-size: 14px;\">Birbirinden renkli etkinliklerle e\u011flenceli bir kamp ge\u00e7irdiklerini belirten Sude Naz Y\u0131lmaz ise, \u201cBelediye ba\u015fkan\u0131m\u0131zla beraber kampta bulu\u015ftuk. Tekne turu, voleybol oynama gibi bir\u00e7ok etkinlik yapt\u0131k ve bunlarda \u00e7ok fazla e\u011flendik. Bu da bizim i\u00e7in g\u00fczel bir \u00f6d\u00fcl oldu\u201d ifadelerini kulland\u0131.<\/span><\/p>\n","protected":false},"excerpt":{"rendered":"<p>Esenyurtlu gen\u00e7lerle Ku\u015fadas\u0131 Gen\u00e7lik Kamp\u0131\u2019nda bulu\u015fan Esenyurt Belediye Ba\u015fkan\u0131 Kemal Deniz Bozkurt, \u201c\u00c7ok g\u00fczel bir g\u00fcn ge\u00e7irdik. Umuyorum siz de<\/p>\n","protected":false},"author":3,"featured_media":13459,"comment_status":"open","ping_status":"open","sticky":false,"template":"","format":"standard","meta":{"colormag_page_container_layout":"default_layout","colormag_page_sidebar_layout":"default_layout","footnotes":""},"categories":[1,5,6,8],"tags":[],"class_list":["post-13457","post","type-post","status-publish","format-standard","has-post-thumbnail","hentry","category-genel","category-gundem","category-kultur-sanat","category-siyaset"],"_links":{"self":[{"href":"https:\/\/marmarayerelhizmet.com\/index.php\/wp-json\/wp\/v2\/posts\/13457","targetHints":{"allow":["GET"]}}],"collection":[{"href":"https:\/\/marmarayerelhizmet.com\/index.php\/wp-json\/wp\/v2\/posts"}],"about":[{"href":"https:\/\/marmarayerelhizmet.com\/index.php\/wp-json\/wp\/v2\/types\/post"}],"author":[{"embeddable":true,"href":"https:\/\/marmarayerelhizmet.com\/index.php\/wp-json\/wp\/v2\/users\/3"}],"replies":[{"embeddable":true,"href":"https:\/\/marmarayerelhizmet.com\/index.php\/wp-json\/wp\/v2\/comments?post=13457"}],"version-history":[{"count":0,"href":"https:\/\/marmarayerelhizmet.com\/index.php\/wp-json\/wp\/v2\/posts\/13457\/revisions"}],"wp:featuredmedia":[{"embeddable":true,"href":"https:\/\/marmarayerelhizmet.com\/index.php\/wp-json\/wp\/v2\/media\/13459"}],"wp:attachment":[{"href":"https:\/\/marmarayerelhizmet.com\/index.php\/wp-json\/wp\/v2\/media?parent=13457"}],"wp:term":[{"taxonomy":"category","embeddable":true,"href":"https:\/\/marmarayerelhizmet.com\/index.php\/wp-json\/wp\/v2\/categories?post=13457"},{"taxonomy":"post_tag","embeddable":true,"href":"https:\/\/marmarayerelhizmet.com\/index.php\/wp-json\/wp\/v2\/tags?post=13457"}],"curies":[{"name":"wp","href":"https:\/\/api.w.org\/{rel}","templated":true}]}}