{"id":13453,"date":"2023-08-07T17:54:55","date_gmt":"2023-08-07T14:54:55","guid":{"rendered":"https:\/\/marmarayerelhizmet.com\/?p=13453"},"modified":"2023-08-08T14:12:31","modified_gmt":"2023-08-08T11:12:31","slug":"13453","status":"publish","type":"post","link":"https:\/\/marmarayerelhizmet.com\/index.php\/2023\/08\/07\/13453\/","title":{"rendered":"Alt\u0131eyl\u00fcl&#8217;de Yaz Okulu \u015eenlik Havas\u0131nda"},"content":{"rendered":"<p><strong><span style=\"font-family: arial, helvetica, sans-serif; font-size: 14px;\">Alt\u0131eyl\u00fcl Belediyesi, Gen\u00e7lik Spor \u0130l M\u00fcd\u00fcrl\u00fc\u011f\u00fc ve Gen\u00e7lik ve Spor \u0130l\u00e7e M\u00fcd\u00fcrl\u00fc\u011f\u00fc ile ortakla\u015fa ger\u00e7ekle\u015ftirilen Yaz Spor Okullar\u0131 faaliyetleri \u015fenlik havas\u0131nda ge\u00e7ti. Sultan Alparslan K\u00fclt\u00fcr Evi\u2019nde yap\u0131lan \u015fenlikte \u00e7ocuklar doyas\u0131ya spor, doyas\u0131ya e\u011flenme f\u0131rsat\u0131 buldu. Alt\u0131eyl\u00fcl Belediye Ba\u015fkan\u0131 Hasan Avc\u0131: \u201cBiz gen\u00e7lerimize de\u011fer veriyoruz. Gen\u00e7lerimiz kendilerini daha iyi yeti\u015ftirsin diye var g\u00fcc\u00fcm\u00fczle \u00e7al\u0131\u015f\u0131yor ve gen\u00e7lerimize yat\u0131r\u0131m yap\u0131yoruz. \u00c7\u00fcnk\u00fc yar\u0131nlar\u0131m\u0131z gelece\u011fimiz bu memleketin gelece\u011fi \u00e7ocuklard\u0131r.\u201d<br \/>\n<\/span><\/strong><br \/>\n<strong><span style=\"font-family: arial, helvetica, sans-serif; font-size: 14px;\">\u00c7ocuklar hem spor yap\u0131yor hem de yeteneklerini ke\u015ffediyor<\/span><\/strong><br \/>\n<span style=\"font-family: arial, helvetica, sans-serif; font-size: 14px;\">Alt\u0131eyl\u00fcll\u00fc \u00e7ocuklar\u0131n ve gen\u00e7lerin e\u011fitim ve ki\u015fisel geli\u015fimine katk\u0131 sa\u011flamay\u0131, sosyalle\u015fmeleri i\u00e7in aktivite alanlar\u0131 olu\u015fturmay\u0131, yeteneklerini geli\u015ftirmeyi ve spor yapmaya te\u015fvik etmek i\u00e7in Alt\u0131eyl\u00fcl Belediyesi, yaz aylar\u0131n\u0131n gelmesiyle Sultan Alparslan K\u00fclt\u00fcr Evi\u2019nde yaz okullar\u0131 a\u00e7\u0131yor. Bal\u0131kesir Gen\u00e7lik Spor \u0130l M\u00fcd\u00fcrl\u00fc\u011f\u00fc ile birlikte ortakla\u015fa a\u00e7\u0131lan Yaz Spor Okullar\u0131\u2019nda \u00e7ocuklar spor faaliyetleriyle yeteneklerini ke\u015ffediyor. \u00c7ocuklar\u0131n spora al\u0131\u015ft\u0131r\u0131lmas\u0131, spor bran\u015flar\u0131yla hayatlar\u0131na y\u00f6n \u00e7izmeleri i\u00e7in faaliyetlerde Alt\u0131eyl\u00fcl Belediyesi\u2019ne ba\u011fl\u0131 Sultan Alparslan K\u00fclt\u00fcr Evi\u2019nde Judo, Teakwando, Atletizm, Y\u00fczme ve Jimnastik kurslar\u0131yla tatil zamanlar\u0131n\u0131 de\u011ferlendirmi\u015f oluyor.<\/span><br \/>\n<span style=\"font-family: arial, helvetica, sans-serif; font-size: 14px;\">\u00dccretsiz olarak ger\u00e7ekle\u015ftirilen spor faaliyetlerine kat\u0131lan \u00e7ocuklar hem spor yap\u0131yor, hem de bo\u015f vakitlerini de\u011ferlendirmi\u015f oluyor. 3 Temmuz Per\u015fembe g\u00fcn\u00fc ba\u015flayan Yaz Spor Okullar\u0131 30 A\u011fustos \u00c7ar\u015famba g\u00fcn\u00fc son bulacak.<br \/>\n<\/span><br \/>\n<strong><span style=\"font-family: arial, helvetica, sans-serif; font-size: 14px;\">Ba\u015fkan Avc\u0131: \u00c7ocuklar\u0131m\u0131z bir\u00e7ok bran\u015fta spor yap\u0131yor<\/span><\/strong><br \/>\n<span style=\"font-family: arial, helvetica, sans-serif; font-size: 14px;\">Alt\u0131eyl\u00fcl Belediye Ba\u015fkan\u0131 Hasan Avc\u0131 konu\u015fmas\u0131nda, \u201cBelediyemize ba\u011fl\u0131 Sultan Alparslan K\u00fclt\u00fcr Evi\u2019nde ger\u00e7ekle\u015ftirdi\u011fimiz spor aktivitelerine y\u00fczlerce \u00e7ocu\u011fumuz kat\u0131l\u0131m sa\u011flad\u0131. Yaz\u0131n ba\u015f\u0131nda \u2018Spor Yapmayan \u00c7ocu\u011fumuz Kalmas\u0131n\u2019 slogan\u0131yla Teakwando, Atletizm, Y\u00fczme ve Jimnastik bran\u015flar\u0131nda \u00e7ocuklar\u0131m\u0131za e\u011fitim verdik. Valilik, Kaymakaml\u0131\u011f\u0131m\u0131z ve \u0130l Gen\u00e7lik M\u00fcd\u00fcrl\u00fc\u011f\u00fcm\u00fcz koordinesinde ger\u00e7ekle\u015ftirmi\u015f oldu\u011fumuz spor bran\u015flar\u0131yla \u00e7ocuklar\u0131m\u0131z e\u011fitim g\u00f6r\u00fcyor\u201d dedi.<br \/>\n<\/span><br \/>\n<strong><span style=\"font-family: arial, helvetica, sans-serif; font-size: 14px;\">Ba\u015fkan Avc\u0131: 810 \u00e7ocu\u011fumuz burada e\u011fitim g\u00f6r\u00fcyor<\/span><\/strong><br \/>\n<span style=\"font-family: arial, helvetica, sans-serif; font-size: 14px;\">Ba\u015fkan Avc\u0131 konu\u015fmas\u0131n\u0131 \u015f\u00f6yle s\u00fcrd\u00fcrd\u00fc: \u201cAlt\u0131eyl\u00fcl Belediyesi olarak Valili\u011fimiz koordinesinde Valili\u011fimiz, Kaymakaml\u0131\u011f\u0131m\u0131z, Gen\u00e7lik Spor M\u00fcd\u00fcrl\u00fc\u011f\u00fcm\u00fcz il\u00e7e m\u00fcd\u00fcrl\u00fc\u011f\u00fcm\u00fcz ile birlikte G\u00fcndo\u011fan s\u0131n\u0131rlar\u0131 i\u00e7erisinde kalan Sultan Alparslan K\u00fclt\u00fcr Evi\u2019nde 810 \u00e7ocu\u011fumuz spor e\u011fitimi g\u00f6r\u00fcyorlar. \u00c7ocuklar\u0131m\u0131z mutlu g\u00f6rmek bizleri de mutlu ediyor. Biz gen\u00e7lerimize de\u011fer veriyoruz. Gen\u00e7lerimiz kendilerini daha iyi yeti\u015ftirsin diye var g\u00fcc\u00fcm\u00fczle \u00e7al\u0131\u015f\u0131yoruz. \u00d6zellikle Gen\u00e7lik Spor \u0130l M\u00fcd\u00fcrl\u00fc\u011f\u00fcm\u00fcz, Al\u0131teyl\u00fcl \u0130l\u00e7e M\u00fcd\u00fcrl\u00fc\u011f\u00fcm\u00fczle gen\u00e7lerimize yat\u0131r\u0131m yap\u0131yoruz. \u00c7\u00fcnk\u00fc yar\u0131nlar\u0131m\u0131z gelece\u011fimiz bu memleketin gelece\u011fi \u00e7ocuklar.\u201d<br \/>\n<\/span><br \/>\n<strong><span style=\"font-family: arial, helvetica, sans-serif; font-size: 14px;\">Kaymakam Bilgin: Sultan Alparslan K\u00fclt\u00fcr Evi\u2019nde \u00e7ocuklar\u0131m\u0131z spor yap\u0131yor<\/span><\/strong><br \/>\n<span style=\"font-family: arial, helvetica, sans-serif; font-size: 14px;\">Alt\u0131eyl\u00fcl Kaymakam\u0131 Turgay Hakan Bilgin, \u201c\u00d6ncelikle gen\u00e7lerimizin co\u015fkusunu g\u00f6rmekten mutluyuz. Alt\u0131eyl\u00fcl il\u00e7emizde Gen\u00e7lik Spor \u0130l m\u00fcd\u00fcrl\u00fc\u011f\u00fcm\u00fcz ve belediyemizin destekleriyle yaz dolu dolu ge\u00e7iyor. Gen\u00e7lerimiz spor aktivitelerine devam ediyorlar. Sultan Alparslan K\u00fclt\u00fcr Evi\u2019nde \u00e7ocuklar\u0131m\u0131z spor yap\u0131yorlar. Y\u00fczlerce \u00f6\u011frencimiz farkl\u0131 bran\u015flarda spor yapm\u0131\u015f oluyorlar. Ben bu faaliyetlerdeki desteklerinden dolay\u0131 Alt\u0131eyl\u00fcl Belediye Ba\u015fkan\u0131m\u0131z Hasan Avc\u0131\u2019ya, Gen\u00e7lik Spor \u0130l M\u00fcd\u00fcr\u00fcm\u00fcz Adem \u00d6zal\u2019a te\u015fekk\u00fcr ediyorum\u201d diye konu\u015ftu.<br \/>\n<\/span><br \/>\n<strong><span style=\"font-family: arial, helvetica, sans-serif; font-size: 14px;\">Spor \u0130l M\u00fcd\u00fcr\u00fc \u00d6zalp: Alt\u0131eyl\u00fcl Belediyesi ile faaliyetlerimiz devam edecek<\/span><\/strong><br \/>\n<span style=\"font-family: arial, helvetica, sans-serif; font-size: 14px;\">Bal\u0131kesir Gen\u00e7lik Spor \u0130l M\u00fcd\u00fcr\u00fc Adem \u00d6zalp, \u201cSezon ba\u015f\u0131nda yaza hareketli giriyoruz slogan\u0131yla valili\u011fimiz koordinesinde, b\u00fcy\u00fck\u015fehir il\u00e7e belediyelerimiz ve kaymakamlar\u0131m\u0131z koordinesinde faaliyetlere ba\u015flad\u0131k. Alt\u0131eyl\u00fcl Belediyemiz bize yer g\u00f6sterdi bizlerde y\u00fczme ve di\u011fer faaliyetlerde spor yapt\u0131rma \u015fans\u0131 bulduk. \u00d6zellikle Alt\u0131eyl\u00fcl Belediye Ba\u015fkan\u0131m\u0131z Hasan Avc\u0131\u2019ya, Kaymakam\u0131m\u0131z Turgay Hakan Bilgin\u2019e te\u015fekk\u00fcr ediyorum \u201ddedi.<\/span><\/p>\n","protected":false},"excerpt":{"rendered":"<p>Alt\u0131eyl\u00fcl Belediyesi, Gen\u00e7lik Spor \u0130l M\u00fcd\u00fcrl\u00fc\u011f\u00fc ve Gen\u00e7lik ve Spor \u0130l\u00e7e M\u00fcd\u00fcrl\u00fc\u011f\u00fc ile ortakla\u015fa ger\u00e7ekle\u015ftirilen Yaz Spor Okullar\u0131 faaliyetleri \u015fenlik<\/p>\n","protected":false},"author":3,"featured_media":13455,"comment_status":"open","ping_status":"open","sticky":false,"template":"","format":"standard","meta":{"colormag_page_container_layout":"default_layout","colormag_page_sidebar_layout":"default_layout","footnotes":""},"categories":[1,5,8,9],"tags":[],"class_list":["post-13453","post","type-post","status-publish","format-standard","has-post-thumbnail","hentry","category-genel","category-gundem","category-siyaset","category-spor"],"_links":{"self":[{"href":"https:\/\/marmarayerelhizmet.com\/index.php\/wp-json\/wp\/v2\/posts\/13453","targetHints":{"allow":["GET"]}}],"collection":[{"href":"https:\/\/marmarayerelhizmet.com\/index.php\/wp-json\/wp\/v2\/posts"}],"about":[{"href":"https:\/\/marmarayerelhizmet.com\/index.php\/wp-json\/wp\/v2\/types\/post"}],"author":[{"embeddable":true,"href":"https:\/\/marmarayerelhizmet.com\/index.php\/wp-json\/wp\/v2\/users\/3"}],"replies":[{"embeddable":true,"href":"https:\/\/marmarayerelhizmet.com\/index.php\/wp-json\/wp\/v2\/comments?post=13453"}],"version-history":[{"count":0,"href":"https:\/\/marmarayerelhizmet.com\/index.php\/wp-json\/wp\/v2\/posts\/13453\/revisions"}],"wp:featuredmedia":[{"embeddable":true,"href":"https:\/\/marmarayerelhizmet.com\/index.php\/wp-json\/wp\/v2\/media\/13455"}],"wp:attachment":[{"href":"https:\/\/marmarayerelhizmet.com\/index.php\/wp-json\/wp\/v2\/media?parent=13453"}],"wp:term":[{"taxonomy":"category","embeddable":true,"href":"https:\/\/marmarayerelhizmet.com\/index.php\/wp-json\/wp\/v2\/categories?post=13453"},{"taxonomy":"post_tag","embeddable":true,"href":"https:\/\/marmarayerelhizmet.com\/index.php\/wp-json\/wp\/v2\/tags?post=13453"}],"curies":[{"name":"wp","href":"https:\/\/api.w.org\/{rel}","templated":true}]}}