{"id":13440,"date":"2023-08-07T10:54:06","date_gmt":"2023-08-07T07:54:06","guid":{"rendered":"https:\/\/marmarayerelhizmet.com\/?p=13440"},"modified":"2023-08-07T10:54:06","modified_gmt":"2023-08-07T07:54:06","slug":"100-zeytin-fidani-dikti","status":"publish","type":"post","link":"https:\/\/marmarayerelhizmet.com\/index.php\/2023\/08\/07\/100-zeytin-fidani-dikti\/","title":{"rendered":"100 Zeytin Fidan\u0131 Dikti"},"content":{"rendered":"<p><strong><span style=\"font-family: arial, helvetica, sans-serif; font-size: 14px;\">24. Uluslararas\u0131 \u0130stanbul B\u00fcy\u00fck\u00e7ekmece K\u00fclt\u00fcr ve Sanat Festivali\u2019ne 100 \u00fclkeden kat\u0131lan 1550 k\u00fclt\u00fcr ve sanat el\u00e7isi d\u00fcnya bar\u0131\u015f\u0131 i\u00e7in 100 zeytin a\u011fac\u0131n\u0131 toprakla bulu\u015fturdu.<br \/>\n<\/span><\/strong><br \/>\n<span style=\"font-family: arial, helvetica, sans-serif; font-size: 14px;\">D\u00fcnyan\u0131n d\u00f6rt bir yan\u0131ndan gelen sanat el\u00e7isi gen\u00e7lerin geleneksel kost\u00fcmleri ve bayraklar\u0131 ile kat\u0131ld\u0131klar\u0131 zeytin dikim t\u00f6reninde konu\u015fan B\u00fcy\u00fck\u00e7ekmece Belediye Ba\u015fkan\u0131 Dr. Hasan Akg\u00fcn, \u201cT\u00fcm d\u00fcnyada bar\u0131\u015f\u0131 ve sevgiyi ebedi k\u0131lmak i\u00e7in Gazi Mustafa Kemal Atat\u00fcrk\u2019\u00fcn bize emanet etti\u011fi Cumhuriyetimizin 100\u2019\u00fcnc\u00fc y\u0131l\u0131nda bar\u0131\u015f\u0131n ve dostlu\u011fun simgesi olan 100 zeytin a\u011fac\u0131n\u0131n toprakla bulu\u015ftu\u011fu b\u00f6lgenin ad\u0131 \u2018\u2019Bar\u0131\u015f Zeytinli\u011fi\u2019\u2019 olarak tarihe ge\u00e7ti\u201d ifadesini kulland\u0131.<\/span><\/p>\n<p><strong><span style=\"font-family: arial, helvetica, sans-serif; font-size: 14px;\">\u201cD\u00fcnya bar\u0131\u015f\u0131 sonsuza dek ya\u015fas\u0131n\u201d<\/span><\/strong><br \/>\n<span style=\"font-family: arial, helvetica, sans-serif; font-size: 14px;\">Cumhuriyetin 100\u2019\u00fcnc\u00fc y\u0131l\u0131 ve d\u00fcnya bar\u0131\u015f\u0131 ad\u0131na B\u00fcy\u00fck\u00e7ekmece Belediye Ba\u015fkan\u0131 Dr. Hasan Akg\u00fcn ve 24. Uluslararas\u0131 \u0130stanbul B\u00fcy\u00fck\u00e7ekmece K\u00fclt\u00fcr ve Sanat Festivali\u2019ne 100 \u00fclkeden kat\u0131lan sanat el\u00e7ileri ile birlikte 100 zeytin a\u011fac\u0131 dikildi. Cumhuriyetin 100\u2019\u00fcnc\u00fc ya\u015f\u0131 ve d\u00fcnya bar\u0131\u015f\u0131 ad\u0131na zeytin a\u011fa\u00e7lar\u0131n\u0131 toprakla bulu\u015fturduklar\u0131n\u0131 ifade eden Ba\u015fkan Akg\u00fcn \u015funlar\u0131 s\u00f6yledi:<\/span><br \/>\n<span style=\"font-family: arial, helvetica, sans-serif; font-size: 14px;\">\u201c100 \u00fclkenin temsilcileri \u015fu anda hepsi zeytin a\u011fa\u00e7lar\u0131n\u0131n ba\u015f\u0131nda. Hepimiz burada demokrasi ad\u0131na ama \u00f6zellikle bar\u0131\u015f ad\u0131na 100 zeytin a\u011fac\u0131n\u0131 toprakla bulu\u015fturuyoruz. Bu festivali ayn\u0131 zamanda Cumhuriyetimizin 100\u2019\u00fcnc\u00fc y\u0131l kutlama etkinliklerinin de bir par\u00e7as\u0131 olarak de\u011ferlendirmi\u015ftik. Bu nedenle bu 100 zeytin a\u011fac\u0131 ayn\u0131 zamanda Cumhuriyetimizin kurucusu Gazi Mustafa Kemal Atat\u00fcrk\u2019\u00fcn bize emanet etmi\u015f oldu\u011fu bu muhte\u015fem Cumhuriyetimizin 100\u2019\u00fcnc\u00fc y\u0131l an\u0131s\u0131na dikiliyor ve \u00fczerine kap\u0131dan girerken \u015fu yaz\u0131l\u0131yor; &#8216;Bar\u0131\u015f Zeytinli\u011fi&#8217; Hay\u0131rl\u0131 olsun. D\u00fcnya bar\u0131\u015f\u0131 sonsuza dek ya\u015fas\u0131n. Bir \u015feyi daha ifade etmem laz\u0131m. 24. Uluslararas\u0131 \u0130stanbul B\u00fcy\u00fck\u00e7ekmece K\u00fclt\u00fcr ve Sanat Festivali\u2019ndeyiz ama ilk g\u00fcnden bug\u00fcne kadar bizim festivalin ana temas\u0131 \u2018Sevgi Birbirimize Bar\u0131\u015f Hepimize\u2019 olarak bilinir b\u00fct\u00fcn d\u00fcnya taraf\u0131ndan. Hem demokrasi ad\u0131na bu zeytinler toprakla bulu\u015fuyor hem de sevgi, bar\u0131\u015f, mutluluk ad\u0131na, d\u00fcnya bar\u0131\u015f\u0131 ad\u0131na bulu\u015fuyor. Kutlu olsun, hay\u0131rl\u0131 olsun. Cumhuriyetimizin 100\u2019\u00fcnc\u00fc y\u0131l\u0131 ebedi olarak kutlu olsun ve sonsuzlu\u011fa dek devam etsin.\u2019\u2019<\/span><\/p>\n<p><strong><span style=\"font-family: arial, helvetica, sans-serif; font-size: 14px;\">\u201cD\u00fcnya bar\u0131\u015f\u0131 i\u00e7in bir \u015fey yapt\u0131\u011f\u0131m i\u00e7in \u00e7ok mutlu hissediyorum\u2019\u2019<\/span><\/strong><br \/>\n<span style=\"font-family: arial, helvetica, sans-serif; font-size: 14px;\">24. Uluslararas\u0131 \u0130stanbul B\u00fcy\u00fck\u00e7ekmece K\u00fclt\u00fcr ve Sanat Festivali\u2019ne kat\u0131lan 100 \u00fclkeden Afrika ve \u015eili\u2019den gelen k\u00fclt\u00fcr ve sanat el\u00e7ileri bar\u0131\u015f ad\u0131na b\u00f6yle bir etkinlikte bulunmaktan mutluk duyduklar\u0131n\u0131 belirtti.<\/span><br \/>\n<span style=\"font-family: arial, helvetica, sans-serif; font-size: 14px;\">\u015eili&#8217;den gelen Branco Henriquez Huerta, \u2018\u2019Benim i\u00e7in \u00e7ok y\u00fcceltici bir his oldu. \u00dclke bar\u0131\u015f\u0131 i\u00e7in bir \u015fey yapt\u0131\u011f\u0131m i\u00e7in \u00e7ok mutlu hissediyorum. B\u00fcy\u00fck\u00e7ekmece\u2019de bu etkinli\u011fin bir par\u00e7as\u0131 olmak bir gen\u00e7 olarak beni \u00e7ok mutlu etti&#8221; dedi.<\/span><br \/>\n<span style=\"font-family: arial, helvetica, sans-serif; font-size: 14px;\">G\u00fcney Afrika&#8217;dan gelen Kholeka Ntombela ise, \u2018\u2019Kendimde zaten evde b\u00f6yle bar\u0131\u015f ile u\u011fra\u015ft\u0131\u011f\u0131m i\u00e7in ve ayn\u0131 zamanda tar\u0131mla da u\u011fra\u015ft\u0131\u011f\u0131m i\u00e7in bunu \u00e7ok bar\u0131\u015fsal ve huzursal hissediyorum. \u00c7ok mutluyum \u015fu an\u2019\u2019 diye konu\u015ftu.<\/span><\/p>\n","protected":false},"excerpt":{"rendered":"<p>24. Uluslararas\u0131 \u0130stanbul B\u00fcy\u00fck\u00e7ekmece K\u00fclt\u00fcr ve Sanat Festivali\u2019ne 100 \u00fclkeden kat\u0131lan 1550 k\u00fclt\u00fcr ve sanat el\u00e7isi d\u00fcnya bar\u0131\u015f\u0131 i\u00e7in 100<\/p>\n","protected":false},"author":3,"featured_media":13443,"comment_status":"open","ping_status":"open","sticky":false,"template":"","format":"standard","meta":{"colormag_page_container_layout":"default_layout","colormag_page_sidebar_layout":"default_layout","footnotes":""},"categories":[1,5,8],"tags":[],"class_list":["post-13440","post","type-post","status-publish","format-standard","has-post-thumbnail","hentry","category-genel","category-gundem","category-siyaset"],"_links":{"self":[{"href":"https:\/\/marmarayerelhizmet.com\/index.php\/wp-json\/wp\/v2\/posts\/13440","targetHints":{"allow":["GET"]}}],"collection":[{"href":"https:\/\/marmarayerelhizmet.com\/index.php\/wp-json\/wp\/v2\/posts"}],"about":[{"href":"https:\/\/marmarayerelhizmet.com\/index.php\/wp-json\/wp\/v2\/types\/post"}],"author":[{"embeddable":true,"href":"https:\/\/marmarayerelhizmet.com\/index.php\/wp-json\/wp\/v2\/users\/3"}],"replies":[{"embeddable":true,"href":"https:\/\/marmarayerelhizmet.com\/index.php\/wp-json\/wp\/v2\/comments?post=13440"}],"version-history":[{"count":0,"href":"https:\/\/marmarayerelhizmet.com\/index.php\/wp-json\/wp\/v2\/posts\/13440\/revisions"}],"wp:featuredmedia":[{"embeddable":true,"href":"https:\/\/marmarayerelhizmet.com\/index.php\/wp-json\/wp\/v2\/media\/13443"}],"wp:attachment":[{"href":"https:\/\/marmarayerelhizmet.com\/index.php\/wp-json\/wp\/v2\/media?parent=13440"}],"wp:term":[{"taxonomy":"category","embeddable":true,"href":"https:\/\/marmarayerelhizmet.com\/index.php\/wp-json\/wp\/v2\/categories?post=13440"},{"taxonomy":"post_tag","embeddable":true,"href":"https:\/\/marmarayerelhizmet.com\/index.php\/wp-json\/wp\/v2\/tags?post=13440"}],"curies":[{"name":"wp","href":"https:\/\/api.w.org\/{rel}","templated":true}]}}