{"id":13436,"date":"2023-08-07T10:42:12","date_gmt":"2023-08-07T07:42:12","guid":{"rendered":"https:\/\/marmarayerelhizmet.com\/?p=13436"},"modified":"2023-08-07T10:42:12","modified_gmt":"2023-08-07T07:42:12","slug":"akvaryum-koyunda-saat-krizi","status":"publish","type":"post","link":"https:\/\/marmarayerelhizmet.com\/index.php\/2023\/08\/07\/akvaryum-koyunda-saat-krizi\/","title":{"rendered":"Akvaryum Koyunda Saat Krizi"},"content":{"rendered":"<p><strong><span style=\"font-family: arial, helvetica, sans-serif; font-size: 14px;\">\u00c7anakkale&#8217;nin Kuzey Ege Denizi\u2019ndeki turizm merkezi Bozcaada il\u00e7esinde d\u00fcnyaca \u00fcnl\u00fc Akvaryum Koyu\u2019nda 2 kez ya\u015fanan kap\u0131 krizi ve giri\u015f \u00fccreti krizinin ard\u0131ndan bu kez de Akvaryum Koyu&#8217;na ula\u015fan yola m\u00fclk sahibi taraf\u0131ndan demir kap\u0131 ile koya giri\u015f-\u00e7\u0131k\u0131\u015f saati koymas\u0131 kriz ya\u015fan\u0131yor. D\u00fcn saat 19.00&#8217;da koydan \u00e7\u0131kar\u0131lmak istenen tatilciler Jandarma&#8217;y\u0131 \u00e7a\u011f\u0131rd\u0131. Koya gelen Jandarma tatilcilere, \u2018\u015eah\u0131s arazisi oldu\u011fu i\u00e7in kapatma hakk\u0131 var\u2019 uyar\u0131s\u0131nda bulundu. Tatilciler ise, duruma \u2018saat 9\u2019a kadar buraday\u0131m \u00e7\u0131km\u0131yorum\u2019 diyerek, tepki g\u00f6sterdi.<br \/>\n<\/span><\/strong><br \/>\n<span style=\"font-family: arial, helvetica, sans-serif; font-size: 14px;\">Bozcaada&#8217;da 2015 y\u0131l\u0131nda, d\u00fcnyaca \u00fcnl\u00fc Akvaryum Koyu\u2019na giden tek yol, koyun gerisindeki arazinin sahibi taraf\u0131ndan demir kap\u0131 konularak kapat\u0131lm\u0131\u015ft\u0131. Denize girmek i\u00e7in gelen turistler kapal\u0131 kap\u0131y\u0131 g\u00f6r\u00fcnce b\u00fcy\u00fck \u015fok ya\u015fam\u0131\u015ft\u0131. Akvaryum Koyu\u2019na ula\u015f\u0131m\u0131n sa\u011fland\u0131\u011f\u0131 tek yolda 2018 y\u0131l\u0131nda ikinci kez kap\u0131 krizi ya\u015fanm\u0131\u015ft\u0131. Aradan ge\u00e7en 5 y\u0131l i\u00e7inde Akvaryum Koyu\u2019nda 2 kez ya\u015fanan kap\u0131 krizinin ard\u0131ndan 1 ay \u00f6nce de giri\u015f \u00fccreti krizi ya\u015fanm\u0131\u015ft\u0131. Kuzey Ege\u2019nin turizm merkezi Bozcaada il\u00e7esine 9 g\u00fcnl\u00fck Kurban Bayram\u0131 tatili i\u00e7in gelen tatilciler, Akvaryum Koyu\u2019nda denize girmek istemi\u015f. Koyun giri\u015fine gelen tatilciler, yol \u00fczerinde bariyer g\u00f6r\u00fcnce b\u00fcy\u00fck \u015fa\u015fk\u0131nl\u0131k ya\u015fam\u0131\u015ft\u0131. Arazi sahibi Naci Erdo\u011fan taraf\u0131ndan koya girmek isteyen tatilcilerden 150 TL \u00fccret al\u0131nmas\u0131 tepki \u00e7ekerken, tatilciler durumu, Kaymakaml\u0131k ve belediyeye bildirmi\u015fti. 1 ay \u00f6nce koya giri\u015fte al\u0131nan 150 TL \u00fccret al\u0131m\u0131 Belediye taraf\u0131ndan faaliyetin izinsiz oldu\u011fu nedeniyle durduruldu.<\/span><\/p>\n<p><strong><span style=\"font-family: arial, helvetica, sans-serif; font-size: 14px;\">Kap\u0131 ve giri\u015f \u00fccreti krizinin ard\u0131ndan giri\u015f \u00e7\u0131k\u0131\u015f saati krizi ya\u015fan\u0131yor<\/span><\/strong><br \/>\n<span style=\"font-family: arial, helvetica, sans-serif; font-size: 14px;\">Kuzey Ege Denizi\u2019ndeki turizm merkezi Bozcaada il\u00e7esinde d\u00fcnyaca \u00fcnl\u00fc Akvaryum Koyu\u2019nda 2 kez ya\u015fanan kap\u0131 krizi ve giri\u015f \u00fccreti krizinin ard\u0131ndan Akvaryum Koyu&#8217;na ula\u015fan yolun m\u00fclk sahibi bu kez de demir kap\u0131 ile koya giri\u015f-\u00e7\u0131k\u0131\u015f saati koymas\u0131yla kriz ya\u015fand\u0131. Ge\u00e7ti\u011fimiz y\u0131llarda b\u00f6lgenin imara a\u00e7\u0131lmas\u0131n\u0131 savunan, ge\u00e7en y\u0131l ise b\u00f6lgede ekoturizm yapmak isteyen, ancak meclis taraf\u0131ndan reddedilen projenin ard\u0131ndan Akvaryum Koyu&#8217;nun m\u00fclk sahibi yolun giri\u015fine koydu\u011fu kap\u0131n\u0131n ard\u0131ndan ge\u00e7en ay bariyer sistemi eklemi\u015f ve giri\u015flerden 150 TL \u00fccret almaya ba\u015flam\u0131\u015ft\u0131. Yasal olmad\u0131\u011f\u0131 gerek\u00e7esi ile belediye taraf\u0131ndan durdurulan faaliyetin ard\u0131ndan bu kez m\u00fclk sahibi koya giri\u015fleri-\u00e7\u0131k\u0131\u015flar\u0131 s\u0131n\u0131rland\u0131rd\u0131. D\u00fcnyaca Akvaryum Koyu&#8217;na giri\u015fler sabah 10.00&#8217;da. 19.00&#8217;da ise \u00e7\u0131k\u0131\u015f yap\u0131l\u0131yor. Saat 19.00&#8217;a yakla\u015f\u0131rken bir g\u00f6revli denizde ve kumda g\u00fcne\u015flenenlere \u2018Saat 19.00\u2019da kapanacak uyar\u0131s\u0131nda bulunuyor.<\/span><br \/>\n<span style=\"font-family: arial, helvetica, sans-serif; font-size: 14px;\">Bu duruma itiraz eden tatilciler durumu jandarmaya bildirdi. B\u00f6lgeye gelen ekipler, duruma tepki g\u00f6steren tatilcilere, k\u0131y\u0131dan 50 metreye kadar devletin, kimsenin kar\u0131\u015famayaca\u011f\u0131n\u0131, 50 metreden sonra kalan k\u0131sm\u0131n ise \u015fahsa ait oldu\u011funu belirtti. Tatilciler ise, duruma \u2018saat 9\u2019a kadar buraday\u0131m \u00e7\u0131km\u0131yorum\u2019 diyerek, tepki g\u00f6sterdi.<\/span><br \/>\n<span style=\"font-family: arial, helvetica, sans-serif; font-size: 14px;\">Akvaryum Koyu\u2019nun d\u00fcnyaca bir koy olarak bildiklerini belirten tatilciler ise, \u201cBu koya ikinci geli\u015fimiz. \u0130kinci sefer de ayn\u0131 muamele ile kar\u015f\u0131la\u015f\u0131yoruz. \u0130\u00e7eriye al\u0131n\u0131yoruz sonra belli bir saat sonra ara\u00e7lar\u0131m\u0131z\u0131 buradan almam\u0131z gerekiyor. Denize girmeye devam edebilirsiniz. Ama kap\u0131y\u0131 kapataca\u011f\u0131z. Ara\u00e7lar\u0131n\u0131z\u0131 yoksa i\u00e7eri de kal\u0131yor diyorlar. B\u00f6yle bir tehditten sonra da insanlar koyu terk ediyor. Biz biliyoruz ki, bu plajlar, deniz bizim. Bunu yapmaya nereden hak buluyorlar merak ediyoruz. Bu konuda yetkililer neden bir m\u00fcdahale etmiyorlar. Bunu sorguluyoruz. \u015ea\u015fk\u0131n bir \u015fekilde bekliyoruz. Gitmeyi de d\u00fc\u015f\u00fcnm\u00fcyoruz. Ara\u00e7lar\u0131m\u0131z\u0131 isterlerse gelsinler, \u00e7ekicilerle \u00e7ektirsinler. Biz burada kal\u0131yoruz ve Akvaryum Koyu bizim. B\u00f6yle bir muameleyi de hak etmiyoruz. Bozcaada b\u00f6yle bir \u015feyi hak etmiyor\u201d diye konu\u015ftu.<\/span><br \/>\n<span style=\"font-family: arial, helvetica, sans-serif; font-size: 14px;\">Tatilciler, ayr\u0131ca Bozcaada Belediyesine seslenerek, turizm b\u00f6lgesi olan Bozcaada il\u00e7esinde kamula\u015ft\u0131rma yap\u0131lmas\u0131n\u0131 ve belediye meclis \u00fcyelerini g\u00f6reve davet etti.<\/span><\/p>\n","protected":false},"excerpt":{"rendered":"<p>\u00c7anakkale&#8217;nin Kuzey Ege Denizi\u2019ndeki turizm merkezi Bozcaada il\u00e7esinde d\u00fcnyaca \u00fcnl\u00fc Akvaryum Koyu\u2019nda 2 kez ya\u015fanan kap\u0131 krizi ve giri\u015f \u00fccreti<\/p>\n","protected":false},"author":3,"featured_media":13438,"comment_status":"open","ping_status":"open","sticky":false,"template":"","format":"standard","meta":{"colormag_page_container_layout":"default_layout","colormag_page_sidebar_layout":"default_layout","footnotes":""},"categories":[1,5],"tags":[],"class_list":["post-13436","post","type-post","status-publish","format-standard","has-post-thumbnail","hentry","category-genel","category-gundem"],"_links":{"self":[{"href":"https:\/\/marmarayerelhizmet.com\/index.php\/wp-json\/wp\/v2\/posts\/13436","targetHints":{"allow":["GET"]}}],"collection":[{"href":"https:\/\/marmarayerelhizmet.com\/index.php\/wp-json\/wp\/v2\/posts"}],"about":[{"href":"https:\/\/marmarayerelhizmet.com\/index.php\/wp-json\/wp\/v2\/types\/post"}],"author":[{"embeddable":true,"href":"https:\/\/marmarayerelhizmet.com\/index.php\/wp-json\/wp\/v2\/users\/3"}],"replies":[{"embeddable":true,"href":"https:\/\/marmarayerelhizmet.com\/index.php\/wp-json\/wp\/v2\/comments?post=13436"}],"version-history":[{"count":0,"href":"https:\/\/marmarayerelhizmet.com\/index.php\/wp-json\/wp\/v2\/posts\/13436\/revisions"}],"wp:featuredmedia":[{"embeddable":true,"href":"https:\/\/marmarayerelhizmet.com\/index.php\/wp-json\/wp\/v2\/media\/13438"}],"wp:attachment":[{"href":"https:\/\/marmarayerelhizmet.com\/index.php\/wp-json\/wp\/v2\/media?parent=13436"}],"wp:term":[{"taxonomy":"category","embeddable":true,"href":"https:\/\/marmarayerelhizmet.com\/index.php\/wp-json\/wp\/v2\/categories?post=13436"},{"taxonomy":"post_tag","embeddable":true,"href":"https:\/\/marmarayerelhizmet.com\/index.php\/wp-json\/wp\/v2\/tags?post=13436"}],"curies":[{"name":"wp","href":"https:\/\/api.w.org\/{rel}","templated":true}]}}