{"id":13408,"date":"2023-08-06T12:40:53","date_gmt":"2023-08-06T09:40:53","guid":{"rendered":"https:\/\/marmarayerelhizmet.com\/?p=13408"},"modified":"2023-08-06T12:40:53","modified_gmt":"2023-08-06T09:40:53","slug":"festivalin-finali-muhtesem-oldu","status":"publish","type":"post","link":"https:\/\/marmarayerelhizmet.com\/index.php\/2023\/08\/06\/festivalin-finali-muhtesem-oldu\/","title":{"rendered":"Festivalin Finali Muhte\u015fem Oldu"},"content":{"rendered":"<p><strong><span style=\"font-family: arial, helvetica, sans-serif; font-size: 14px;\">\u0130stanbul&#8217;da 100 \u00fclkeden bin 550 k\u00fclt\u00fcr ve sanat el\u00e7isinin kat\u0131m\u0131yla 26 Temmuz&#8217;da ba\u015flayan 24. Uluslararas\u0131 \u0130stanbul B\u00fcy\u00fck\u00e7ekmece K\u00fclt\u00fcr ve Sanat Festivali, g\u00f6rkemli bir sahne \u015fovu ile son buldu.<br \/>\n<\/span><\/strong><br \/>\n<span style=\"font-family: arial, helvetica, sans-serif; font-size: 14px;\">D\u00fcnya Festivaller Birli\u011fi taraf\u0131ndan 8 kez \u00fcst \u00fcste \u201cD\u00fcnyan\u0131n En \u0130yi K\u00fclt\u00fcr ve Sanat Festivali\u201d \u00f6d\u00fcl\u00fcne lay\u0131k g\u00f6r\u00fclen ve 24 y\u0131ld\u0131r devam eden Uluslararas\u0131 \u0130stanbul B\u00fcy\u00fck\u00e7ekmece K\u00fclt\u00fcr ve Sanat Festivali, bu y\u0131l \u00e7ok daha renkli ve co\u015fkulu etkinliklere ev sahipli\u011fi yapt\u0131. Cumhuriyet&#8217;in 100&#8217;\u00fcnc\u00fc y\u0131l kutlamalar\u0131 \u00e7evresinde festivale 100 \u00fclkeden bin 550 k\u00fclt\u00fcr ve sanat el\u00e7isi kat\u0131ld\u0131. Festival Uluslararas\u0131 Heykel Sempozyumu, Uluslararas\u0131 Foto\u011fraf Yar\u0131\u015fmas\u0131, Uluslararas\u0131 Alt\u0131nk\u00f6pr\u00fc Halk Danslar\u0131 Yar\u0131\u015fmas\u0131, Uluslararas\u0131 El Sanatlar\u0131 \u00c7al\u0131\u015ftay\u0131, Uluslararas\u0131 \u00c7ocuk El Sanatlar\u0131 At\u00f6lyesi, Uluslararas\u0131 Mozaik \u00c7al\u0131\u015ftay\u0131 ve Uluslararas\u0131 Kukla Sergisi gibi etkinlilere de ev sahipli\u011fi yapt\u0131.<\/span><br \/>\n<span style=\"font-family: arial, helvetica, sans-serif; font-size: 14px;\">Final gecesinde sahnelenen Uluslararas\u0131 Alt\u0131nk\u00f6pr\u00fc Halk Danslar\u0131 ortak projesi olan \u201cY\u00fczy\u0131l\u0131n Destan\u0131\u201d kapan\u0131\u015f \u00f6zel g\u00f6sterisi amfi tiyatroyu dolduran binlerce izleyici taraf\u0131ndan b\u00fcy\u00fck be\u011feni toplad\u0131. G\u00f6sterinin ard\u0131ndan Uluslararas\u0131 Alt\u0131nk\u00f6pr\u00fc Halk Danslar\u0131 Yar\u0131\u015fmas\u0131&#8217;nda k\u0131yas\u0131ya m\u00fccadele eden \u00fclkelerin \u00f6d\u00fcl t\u00f6renine ge\u00e7ildi. Dans gruplar\u0131n\u0131n k\u0131yas\u0131ya m\u00fccadele etti\u011fi yar\u0131\u015fmada Bulgaristan birinci, \u015eili ikinci, G\u00fcney Afrika ise \u00fc\u00e7\u00fcnc\u00fc oldu. Yar\u0131\u015fmada \u00f6d\u00fcl kazanan gruplar\u0131n sevin\u00e7 g\u00f6sterileri final gecesine ayr\u0131 bir renk katt\u0131.<\/span><\/p>\n<p><strong><span style=\"font-family: arial, helvetica, sans-serif; font-size: 14px;\">\u201cFelsefemiz Cumhuriyetin kurucusu Atat\u00fcrk&#8217;\u00fcn felsefesidir\u201d<\/span><\/strong><br \/>\n<span style=\"font-family: arial, helvetica, sans-serif; font-size: 14px;\">B\u00fcy\u00fck\u00e7ekmece Belediye Ba\u015fkan\u0131 Hasan Akg\u00fcn, Cumhuriyet&#8217;in 100&#8217;\u00fcnc\u00fc y\u0131l\u0131nda bu y\u0131l festivale 100 \u00fclkenin davet etti\u011fini belirterek, \u201cCumhuriyetimizin 100 ya\u015f\u0131na girdi\u011fi 2023 y\u0131l\u0131nda 100 \u00fclkenin sanat el\u00e7ileriyle B\u00fcy\u00fck\u00e7ekmece&#8217;de tarihi k\u00f6pr\u00fc \u00fczerinde \u0130stanbul&#8217;da halk\u0131 selamlamak ve k\u00fclt\u00fcr ziyafeti sunmak, k\u00fclt\u00fcrel faaliyetleri ortaya koymak bizim i\u00e7in b\u00fcy\u00fck bir keyif ve zevktir. 24. Uluslararas\u0131 \u0130stanbul B\u00fcy\u00fck\u00e7ekmece K\u00fclt\u00fcr ve Sanat Festivali&#8217;ne kat\u0131lan bin 550 sanat el\u00e7isine ve j\u00fcri \u00fcyelerimize \u00e7ok te\u015fekk\u00fcr ediyorum. Felsefemiz Cumhuriyetin kurucusu Mustafa Kemal Atat\u00fcrk&#8217;\u00fcn felsefesidir; yurtta bar\u0131\u015f d\u00fcnyada bar\u0131\u015f. Bu festivalin ana temas\u0131 buradan \u00e7\u0131km\u0131\u015ft\u0131r\u201d dedi.<\/span><\/p>\n","protected":false},"excerpt":{"rendered":"<p>\u0130stanbul&#8217;da 100 \u00fclkeden bin 550 k\u00fclt\u00fcr ve sanat el\u00e7isinin kat\u0131m\u0131yla 26 Temmuz&#8217;da ba\u015flayan 24. Uluslararas\u0131 \u0130stanbul B\u00fcy\u00fck\u00e7ekmece K\u00fclt\u00fcr ve Sanat<\/p>\n","protected":false},"author":3,"featured_media":13414,"comment_status":"open","ping_status":"open","sticky":false,"template":"","format":"standard","meta":{"colormag_page_container_layout":"default_layout","colormag_page_sidebar_layout":"default_layout","footnotes":""},"categories":[1,5,6,8],"tags":[],"class_list":["post-13408","post","type-post","status-publish","format-standard","has-post-thumbnail","hentry","category-genel","category-gundem","category-kultur-sanat","category-siyaset"],"_links":{"self":[{"href":"https:\/\/marmarayerelhizmet.com\/index.php\/wp-json\/wp\/v2\/posts\/13408","targetHints":{"allow":["GET"]}}],"collection":[{"href":"https:\/\/marmarayerelhizmet.com\/index.php\/wp-json\/wp\/v2\/posts"}],"about":[{"href":"https:\/\/marmarayerelhizmet.com\/index.php\/wp-json\/wp\/v2\/types\/post"}],"author":[{"embeddable":true,"href":"https:\/\/marmarayerelhizmet.com\/index.php\/wp-json\/wp\/v2\/users\/3"}],"replies":[{"embeddable":true,"href":"https:\/\/marmarayerelhizmet.com\/index.php\/wp-json\/wp\/v2\/comments?post=13408"}],"version-history":[{"count":0,"href":"https:\/\/marmarayerelhizmet.com\/index.php\/wp-json\/wp\/v2\/posts\/13408\/revisions"}],"wp:featuredmedia":[{"embeddable":true,"href":"https:\/\/marmarayerelhizmet.com\/index.php\/wp-json\/wp\/v2\/media\/13414"}],"wp:attachment":[{"href":"https:\/\/marmarayerelhizmet.com\/index.php\/wp-json\/wp\/v2\/media?parent=13408"}],"wp:term":[{"taxonomy":"category","embeddable":true,"href":"https:\/\/marmarayerelhizmet.com\/index.php\/wp-json\/wp\/v2\/categories?post=13408"},{"taxonomy":"post_tag","embeddable":true,"href":"https:\/\/marmarayerelhizmet.com\/index.php\/wp-json\/wp\/v2\/tags?post=13408"}],"curies":[{"name":"wp","href":"https:\/\/api.w.org\/{rel}","templated":true}]}}