{"id":13401,"date":"2023-08-06T08:21:32","date_gmt":"2023-08-06T05:21:32","guid":{"rendered":"https:\/\/marmarayerelhizmet.com\/?p=13401"},"modified":"2023-08-06T11:23:42","modified_gmt":"2023-08-06T08:23:42","slug":"son-kez-kapilarini-cocuklara-acti","status":"publish","type":"post","link":"https:\/\/marmarayerelhizmet.com\/index.php\/2023\/08\/06\/son-kez-kapilarini-cocuklara-acti\/","title":{"rendered":"Son Kez Kap\u0131lar\u0131n\u0131 \u00c7ocuklara A\u00e7t\u0131"},"content":{"rendered":"<p><span style=\"font-family: arial, helvetica, sans-serif; font-size: 14px;\"><strong>Bal\u0131kesir&#8217;in Burhaniye il\u00e7esinde, Tayl\u0131eli Mahallesi\u2019nde 12 y\u0131ldan bu yana imece usul\u00fcyle d\u00fczenlenen \u00e7ocuk \u015fenli\u011fi son kez izleyicilerine kap\u0131lar\u0131n\u0131 a\u00e7t\u0131. Pazar g\u00fcn\u00fc sona erecek \u015fenli\u011fin a\u00e7\u0131l\u0131\u015f\u0131nda konu\u015fan Uluslararas\u0131 Elim Sende \u00c7ocuk Sanat \u0130mece \u015eenli\u011fini d\u00fczenleyen Tiyatro Sanat\u00e7\u0131s\u0131 Eftal G\u00fclbudak, Dayan\u0131\u015fmay\u0131 yeterince b\u00fcy\u00fctemediklerini a\u00e7\u0131klay\u0131p, etkinli\u011fin son kez \u00e7ocuklarla ve halkla bulu\u015ftu\u011funu s\u00f6yledi. Bu habere en \u00e7ok \u00e7ocuklar \u00fcz\u00fcld\u00fc.<br \/>\n<\/strong><\/span><br \/>\n<span style=\"font-family: arial, helvetica, sans-serif; font-size: 14px;\">Burhaniye\u2019de, Tiyatrocu Eftal G\u00fclbudak ve \u00dcmran \u0130nceo\u011flu 12 y\u0131l \u00f6nce, Tayl\u0131eli Mahallesi\u2019nde T\u00fcrkiye\u2019de ender rastlanan bir olay\u0131 ba\u015flat\u0131p, imece usul\u00fcyle bir \u00e7ocuk \u015fenli\u011fini hayata ge\u00e7irdi. \u2018K\u00f6y\u00fcm\u00fczde \u015eenlik Var\u2019 temas\u0131yla ba\u015flat\u0131lan etkinli\u011fe, sanat\u00e7\u0131lar, mahalle halk\u0131, esnaf ve baz\u0131 kurumlar destek verdi. Tiyatro gruplar\u0131, sanat\u00e7\u0131lar, m\u00fczisyenler, hi\u00e7bir \u00fccret talep etmeden etkinli\u011fe katk\u0131 sundu. Mahalle halk\u0131, evinde pi\u015firdi\u011fi yiyecekleri sanat\u00e7\u0131larla payla\u015ft\u0131, 12 y\u0131ldan bu yana s\u00fcrd\u00fcr\u00fclen bu etkinlik d\u00fcn son kez kap\u0131lar\u0131n\u0131 \u00e7ocuklara ve sanatseverlere a\u00e7t\u0131. \u00c7ocuk \u015fenli\u011fi, Saat 19.30\u2019da \u00c7anakkale Bandosu\u2019nun insan\u0131n i\u00e7ini k\u0131p\u0131r k\u0131p\u0131r eden m\u00fczi\u011fi ile ba\u015flad\u0131. Tahtabacaklar, \u00c7anakkale Bandosunun m\u00fczi\u011fi e\u015fli\u011finde \u00e7ocuklara unutulmaz anlar ya\u015fatt\u0131. Mahalle meydan\u0131ndaki etkinli\u011fin ard\u0131ndan \u015fenlik korteji bando e\u015fli\u011finde y\u00fcr\u00fcyerek g\u00f6sterilerin yap\u0131ld\u0131\u011f\u0131 Tarla Zanaat Merkezi\u2019ne geldi. A\u00e7\u0131l\u0131\u015f konu\u015fmas\u0131nda Eftal G\u00fclbudak, \u0130mece \u015fenli\u011finin 12\u2019inci ve son kez yap\u0131ld\u0131\u011f\u0131n\u0131 a\u00e7\u0131klarken, kendilerine destek olan ki\u015fi ve kurumlara te\u015fekk\u00fcr etti. Bu habere en \u00e7ok \u00e7ocuklar \u00fcz\u00fcld\u00fc. Etkinlik masal anlat\u0131m\u0131yla s\u00fcrd\u00fc.<\/span><\/p>\n","protected":false},"excerpt":{"rendered":"<p>Bal\u0131kesir&#8217;in Burhaniye il\u00e7esinde, Tayl\u0131eli Mahallesi\u2019nde 12 y\u0131ldan bu yana imece usul\u00fcyle d\u00fczenlenen \u00e7ocuk \u015fenli\u011fi son kez izleyicilerine kap\u0131lar\u0131n\u0131 a\u00e7t\u0131. Pazar<\/p>\n","protected":false},"author":3,"featured_media":13403,"comment_status":"open","ping_status":"open","sticky":false,"template":"","format":"standard","meta":{"colormag_page_container_layout":"default_layout","colormag_page_sidebar_layout":"default_layout","footnotes":""},"categories":[1,5,6],"tags":[],"class_list":["post-13401","post","type-post","status-publish","format-standard","has-post-thumbnail","hentry","category-genel","category-gundem","category-kultur-sanat"],"_links":{"self":[{"href":"https:\/\/marmarayerelhizmet.com\/index.php\/wp-json\/wp\/v2\/posts\/13401","targetHints":{"allow":["GET"]}}],"collection":[{"href":"https:\/\/marmarayerelhizmet.com\/index.php\/wp-json\/wp\/v2\/posts"}],"about":[{"href":"https:\/\/marmarayerelhizmet.com\/index.php\/wp-json\/wp\/v2\/types\/post"}],"author":[{"embeddable":true,"href":"https:\/\/marmarayerelhizmet.com\/index.php\/wp-json\/wp\/v2\/users\/3"}],"replies":[{"embeddable":true,"href":"https:\/\/marmarayerelhizmet.com\/index.php\/wp-json\/wp\/v2\/comments?post=13401"}],"version-history":[{"count":0,"href":"https:\/\/marmarayerelhizmet.com\/index.php\/wp-json\/wp\/v2\/posts\/13401\/revisions"}],"wp:featuredmedia":[{"embeddable":true,"href":"https:\/\/marmarayerelhizmet.com\/index.php\/wp-json\/wp\/v2\/media\/13403"}],"wp:attachment":[{"href":"https:\/\/marmarayerelhizmet.com\/index.php\/wp-json\/wp\/v2\/media?parent=13401"}],"wp:term":[{"taxonomy":"category","embeddable":true,"href":"https:\/\/marmarayerelhizmet.com\/index.php\/wp-json\/wp\/v2\/categories?post=13401"},{"taxonomy":"post_tag","embeddable":true,"href":"https:\/\/marmarayerelhizmet.com\/index.php\/wp-json\/wp\/v2\/tags?post=13401"}],"curies":[{"name":"wp","href":"https:\/\/api.w.org\/{rel}","templated":true}]}}