{"id":13397,"date":"2023-08-06T11:20:07","date_gmt":"2023-08-06T08:20:07","guid":{"rendered":"https:\/\/marmarayerelhizmet.com\/?p=13397"},"modified":"2023-08-06T11:20:07","modified_gmt":"2023-08-06T08:20:07","slug":"pehlivanlar-er-meydanina-cikti","status":"publish","type":"post","link":"https:\/\/marmarayerelhizmet.com\/index.php\/2023\/08\/06\/pehlivanlar-er-meydanina-cikti\/","title":{"rendered":"Pehlivanlar Er Meydan\u0131na \u00c7\u0131kt\u0131"},"content":{"rendered":"<p><strong><span style=\"font-family: arial, helvetica, sans-serif; font-size: 14px;\">Ata sporlar\u0131n\u0131n ya\u015fat\u0131lmas\u0131na b\u00fcy\u00fck \u00f6zen g\u00f6steren Bursa B\u00fcy\u00fck\u015fehir Belediyesi\u2019nin, g\u00fcre\u015fi b\u0131rakt\u0131\u011f\u0131 1822 y\u0131l\u0131na kadar Osmanl\u0131 saray\u0131n\u0131n ba\u015fpehlivan\u0131 olarak ad\u0131n\u0131 tarihe alt\u0131n harflerle yazd\u0131ran Softao\u011flu Mehmed Pehlivan an\u0131s\u0131na d\u00fczenlendi\u011fi ya\u011fl\u0131 g\u00fcre\u015flerde pehlivanlar er meydan\u0131na \u00e7\u0131kt\u0131. Olduk\u00e7a \u00e7eki\u015fmeli ge\u00e7en ilk g\u00fcn kar\u015f\u0131la\u015fmalar\u0131n\u0131 izleyen Bursa B\u00fcy\u00fck\u015fehir Belediye Ba\u015fkan\u0131 Alinur Akta\u015f, birka\u00e7 y\u0131l sonra bu organizasyonunun \u00f6nemli bir marka haline gelece\u011fine inand\u0131\u011f\u0131n\u0131 s\u00f6yledi.<br \/>\n<\/span><\/strong><br \/>\n<span style=\"font-family: arial, helvetica, sans-serif; font-size: 14px;\">Bursa\u2019n\u0131n sporda da marka kent olmas\u0131 hedefiyle \u00f6nemli yat\u0131r\u0131mlar\u0131 hayata ge\u00e7iren B\u00fcy\u00fck\u015fehir Belediyesi, di\u011fer taraftan ya\u011fl\u0131 g\u00fcre\u015ften cirite, ok\u00e7uluktan rahvana kadar t\u00fcm ata sporlar\u0131n\u0131n ya\u015fat\u0131lmas\u0131 i\u00e7in farkl\u0131 etkinliklere imza at\u0131yor. Bursa\u2019n\u0131n Demirci Mahallesi\u2019nde 1786\u2019da do\u011fan ve g\u00fcre\u015fi b\u0131rakt\u0131\u011f\u0131 1822 y\u0131l\u0131na kadar Osmanl\u0131 saray\u0131n\u0131n ba\u015fpehlivan\u0131 olan Softao\u011flu Mehmed Pehlivan, B\u00fcy\u00fck\u015fehir Belediyesi taraf\u0131ndan d\u00fczenlenen etkinlikte er meydan\u0131nda an\u0131l\u0131yor. Ad\u0131n\u0131 g\u00fcre\u015f tarihine alt\u0131n harflerle yazd\u0131ran Softao\u011flu Mehmed Pehlivan ad\u0131na 1966\u2019dan 1978 y\u0131l\u0131na kadar aral\u0131ks\u0131z 12 kez yap\u0131lan, 13\u2019\u00fcnc\u00fcs\u00fc de son kez 1993 y\u0131l\u0131nda ger\u00e7ekle\u015ftirilen g\u00fcne\u015flerin 14\u2019\u00fcnc\u00fcs\u00fc, 29 y\u0131l aradan sonra ge\u00e7ti\u011fimiz y\u0131l B\u00fcy\u00fck\u015fehir Belediyesi taraf\u0131ndan yap\u0131lm\u0131\u015ft\u0131. Binlerce ya\u011fl\u0131 g\u00fcre\u015f tutkununu bir araya getiren Softao\u011flu Mehmed Pehlivan g\u00fcre\u015flerinin 15\u2019incisi yine Bursa B\u00fcy\u00fck\u015fehir Belediyesi\u2019nin ev sahipli\u011finde 64\u2019\u00fc ba\u015fpehlivan olmak \u00fczere yakla\u015f\u0131k 1600 pehlivan\u0131n kat\u0131l\u0131m\u0131yla ba\u015flad\u0131.<\/span><br \/>\n<span style=\"font-family: arial, helvetica, sans-serif; font-size: 14px;\">Er meydan\u0131na d\u00f6n\u00fc\u015fen Yunuseli Havaalan\u0131\u2019nda yap\u0131lan etkinli\u011fe g\u00fcre\u015f severler de yo\u011fun ilgi g\u00f6sterdi. Kura \u00e7ekimlerinin ard\u0131ndan ba\u015flayan g\u00fcre\u015flerde, kar\u015f\u0131la\u015fmalar\u0131n\u0131 tamamlayan g\u00fcre\u015f\u00e7iler, g\u00fcne\u015ften korunmak i\u00e7in ilgin\u00e7 yollara ba\u015fvurdu. Canl\u0131 yay\u0131n kameralar\u0131 i\u00e7in olu\u015fturulan platformun alt\u0131na giren pehlivanlar, kavurucu s\u0131caktan korunmaya \u00e7al\u0131\u015ft\u0131. \u0130lk g\u00fcn kar\u015f\u0131la\u015fmalar\u0131n\u0131 Bursa B\u00fcy\u00fck\u015fehir Belediye Ba\u015fkan\u0131 Alinur Akta\u015f, T\u00fcrkiye Geleneksel G\u00fcre\u015fler Federasyonu Ba\u015fkan\u0131 \u0130brahim T\u00fcrki\u015f ile birlikte izledi.<br \/>\n<\/span><br \/>\n<strong><span style=\"font-family: arial, helvetica, sans-serif; font-size: 14px;\">Marka olacak<\/span><\/strong><br \/>\n<span style=\"font-family: arial, helvetica, sans-serif; font-size: 14px;\">Bursa\u2019da g\u00fcre\u015f ad\u0131na g\u00fczel i\u015fler oldu\u011funu ve pehlivanlar\u0131n er meydan\u0131na indi\u011fini belirten B\u00fcy\u00fck\u015fehir Belediye Ba\u015fkan\u0131 Alinur Akta\u015f, \u201cB\u00fct\u00fcn g\u00fcre\u015f severleri Yunuseli Havaliman\u0131na bekliyoruz. Farkl\u0131 kategorilerde 1600 civar\u0131nda farkl\u0131 pehlivan burada h\u00fcnerlerini ortaya koyacaklar. G\u00fcre\u015f bizim ata sporumuz. Osmanl\u0131 da g\u00fcre\u015fe \u00e7ok \u00f6nem vermi\u015f, de\u011fer vermi\u015f. 2. Mahmut d\u00f6neminde \u00f6nemli pehlivanlardan biri olmu\u015f, defalarca ba\u015fpehlivan se\u00e7ilmi\u015f Softao\u011flu Mehmet Pehlivan bize ilham verdi. Daha \u00f6nce 13 kez yap\u0131lm\u0131\u015f ve 29 y\u0131l aradan sonra ilkini biz ge\u00e7ti\u011fimiz y\u0131l yapt\u0131k. Bu y\u0131l da 15\u2019incisini ger\u00e7ekle\u015ftiriyoruz. CW Enerji G\u00fcre\u015f Ligi\u2019ne de girdik. K\u0131rkp\u0131nar ayar\u0131nda \u00e7ok kaliteli bir ortam var. \u00c7ok g\u00fczel bir ilgi alaka var. Ben inan\u0131yor ve \u00fcmit ediyorum ki burada birka\u00e7 y\u0131l sonra bu organizasyon Bursa&#8217;n\u0131n hatta T\u00fcrkiye&#8217;nin g\u00fcre\u015fte, ya\u011fl\u0131 g\u00fcre\u015fte marka de\u011feri haline gelecek. \u015eimdiden g\u00fcre\u015f\u00e7ilerimize ba\u015far\u0131lar, sakatl\u0131k, sa\u011fl\u0131k problemlerinin olmad\u0131\u011f\u0131 g\u00fczel bir m\u00fcsabaka diliyorum\u201d dedi.<\/span><\/p>\n","protected":false},"excerpt":{"rendered":"<p>Ata sporlar\u0131n\u0131n ya\u015fat\u0131lmas\u0131na b\u00fcy\u00fck \u00f6zen g\u00f6steren Bursa B\u00fcy\u00fck\u015fehir Belediyesi\u2019nin, g\u00fcre\u015fi b\u0131rakt\u0131\u011f\u0131 1822 y\u0131l\u0131na kadar Osmanl\u0131 saray\u0131n\u0131n ba\u015fpehlivan\u0131 olarak ad\u0131n\u0131 tarihe<\/p>\n","protected":false},"author":3,"featured_media":13399,"comment_status":"open","ping_status":"open","sticky":false,"template":"","format":"standard","meta":{"colormag_page_container_layout":"default_layout","colormag_page_sidebar_layout":"default_layout","footnotes":""},"categories":[1,5,8,9],"tags":[],"class_list":["post-13397","post","type-post","status-publish","format-standard","has-post-thumbnail","hentry","category-genel","category-gundem","category-siyaset","category-spor"],"_links":{"self":[{"href":"https:\/\/marmarayerelhizmet.com\/index.php\/wp-json\/wp\/v2\/posts\/13397","targetHints":{"allow":["GET"]}}],"collection":[{"href":"https:\/\/marmarayerelhizmet.com\/index.php\/wp-json\/wp\/v2\/posts"}],"about":[{"href":"https:\/\/marmarayerelhizmet.com\/index.php\/wp-json\/wp\/v2\/types\/post"}],"author":[{"embeddable":true,"href":"https:\/\/marmarayerelhizmet.com\/index.php\/wp-json\/wp\/v2\/users\/3"}],"replies":[{"embeddable":true,"href":"https:\/\/marmarayerelhizmet.com\/index.php\/wp-json\/wp\/v2\/comments?post=13397"}],"version-history":[{"count":0,"href":"https:\/\/marmarayerelhizmet.com\/index.php\/wp-json\/wp\/v2\/posts\/13397\/revisions"}],"wp:featuredmedia":[{"embeddable":true,"href":"https:\/\/marmarayerelhizmet.com\/index.php\/wp-json\/wp\/v2\/media\/13399"}],"wp:attachment":[{"href":"https:\/\/marmarayerelhizmet.com\/index.php\/wp-json\/wp\/v2\/media?parent=13397"}],"wp:term":[{"taxonomy":"category","embeddable":true,"href":"https:\/\/marmarayerelhizmet.com\/index.php\/wp-json\/wp\/v2\/categories?post=13397"},{"taxonomy":"post_tag","embeddable":true,"href":"https:\/\/marmarayerelhizmet.com\/index.php\/wp-json\/wp\/v2\/tags?post=13397"}],"curies":[{"name":"wp","href":"https:\/\/api.w.org\/{rel}","templated":true}]}}