{"id":13389,"date":"2023-08-06T11:16:00","date_gmt":"2023-08-06T08:16:00","guid":{"rendered":"https:\/\/marmarayerelhizmet.com\/?p=13389"},"modified":"2023-08-06T11:16:00","modified_gmt":"2023-08-06T08:16:00","slug":"geliboluda-lavanta-hasati","status":"publish","type":"post","link":"https:\/\/marmarayerelhizmet.com\/index.php\/2023\/08\/06\/geliboluda-lavanta-hasati\/","title":{"rendered":"Gelibolu&#8217;da Lavanta Hasat\u0131"},"content":{"rendered":"<p><strong><span style=\"font-family: arial, helvetica, sans-serif; font-size: 14px;\">\u00c7anakkale Sava\u015flar\u0131\u2019n\u0131n ya\u015fand\u0131\u011f\u0131 Tarihi Gelibolu Yar\u0131madas\u0131&#8217;nda tarih ve do\u011fan\u0131n b\u00fcy\u00fcl\u00fc bulu\u015fmas\u0131n\u0131 temsil eden lavanta tarlalar\u0131, \u00c7anakkale Sava\u015flar\u0131 Gelibolu Tarihi Alan Ba\u015fkanl\u0131\u011f\u0131&#8217;n\u0131n \u00f6zenli \u00e7al\u0131\u015fmalar\u0131yla hayat buluyor. G\u00f6rkemli g\u00f6r\u00fcnt\u00fcleri ve e\u015fsiz kokusuyla ziyaret\u00e7ileri b\u00fcy\u00fcleyen lavanta tarlalar\u0131, sadece b\u00f6lgenin g\u00fczelliklerini sergilemekle kalm\u0131yor, ayn\u0131 zamanda ekonomiye ve turizme de katk\u0131 sa\u011fl\u0131yor.<br \/>\n<\/span><\/strong><br \/>\n<span style=\"font-family: arial, helvetica, sans-serif; font-size: 14px;\">\u00c7anakkale Sava\u015flar\u0131 Gelibolu Tarihi Alan Ba\u015fkanl\u0131\u011f\u0131, \u00f6zellikle Gelibolu&#8217;nun tarihi ve do\u011fal zenginliklerini bir araya getirerek b\u00f6lgenin turizm potansiyelini art\u0131rmay\u0131 hedefliyor. Lavanta tarlalar\u0131, \u00f6zenle yeti\u015ftirilip korunuyor ve do\u011fal d\u00f6ng\u00fcs\u00fcne uygun \u015fekilde hasat ediliyor.<\/span><br \/>\n<span style=\"font-family: arial, helvetica, sans-serif; font-size: 14px;\">Hasat zaman\u0131 yakla\u015ft\u0131\u011f\u0131nda, Tarihi Alan Ba\u015fkanl\u0131\u011f\u0131 ekipleri titizlikle \u00e7al\u0131\u015farak lavanta \u00e7i\u00e7eklerini toplamaya ba\u015fl\u0131yor. Her bir \u00e7i\u00e7ek, el eme\u011fi ve \u00f6zenle yeti\u015ftirilen bir \u00fcr\u00fcn olarak \u00f6ne \u00e7\u0131k\u0131yor. Toplanan lavantalar, \u00f6zel y\u00f6ntemlerle kurutulup i\u015flenerek katma de\u011ferli \u00fcr\u00fcnlere d\u00f6n\u00fc\u015ft\u00fcr\u00fcl\u00fcyor.<\/span><br \/>\n<span style=\"font-family: arial, helvetica, sans-serif; font-size: 14px;\">Lavanta \u00fcr\u00fcnleri, b\u00f6lge ekonomisine canl\u0131l\u0131k katarken, ayn\u0131 zamanda \u00c7anakkale&#8217;nin tarihi ve do\u011fal g\u00fczelliklerinin tan\u0131t\u0131m\u0131na da \u00f6nemli bir katk\u0131 sa\u011fl\u0131yor. Bu \u00fcr\u00fcnler, yerel el sanatlar\u0131yla harmanlanarak e\u015fsiz hediyelik e\u015fyalar ve aromaterapi \u00fcr\u00fcnleri olarak sunuluyor. B\u00f6ylece ziyaret\u00e7iler, b\u00f6lgeye \u00f6zg\u00fc ve anlaml\u0131 hediyelerle ayr\u0131lm\u0131\u015f oluyorlar.<\/span><br \/>\n<span style=\"font-family: arial, helvetica, sans-serif; font-size: 14px;\">\u00c7anakkale Sava\u015flar\u0131 Gelibolu Tarihi Alan Ba\u015fkanl\u0131\u011f\u0131&#8217;n\u0131n lavanta tarlalar\u0131 projesi, sadece turizmi ve ekonomiyi canland\u0131rmakla kalm\u0131yor, ayn\u0131 zamanda do\u011fal kaynaklar\u0131n s\u00fcrd\u00fcr\u00fclebilir \u015fekilde kullan\u0131lmas\u0131na \u00f6rnek te\u015fkil ediyor. Do\u011fan\u0131n ve tarihin uyumlu dans\u0131n\u0131 temsil eden bu proje, gelecek nesillere de miras b\u0131rak\u0131lacak \u00f6nemli bir de\u011fer olarak \u00f6ne \u00e7\u0131k\u0131yor.<\/span><br \/>\n<span style=\"font-family: arial, helvetica, sans-serif; font-size: 14px;\">Gelibolu Yar\u0131madas\u0131&#8217;ndaki lavanta tarlalar\u0131, renk c\u00fcmb\u00fc\u015f\u00fc ve huzur dolu atmosferiyle ziyaret\u00e7ilere unutulmaz anlar ya\u015fat\u0131yor.<\/span><\/p>\n","protected":false},"excerpt":{"rendered":"<p>\u00c7anakkale Sava\u015flar\u0131\u2019n\u0131n ya\u015fand\u0131\u011f\u0131 Tarihi Gelibolu Yar\u0131madas\u0131&#8217;nda tarih ve do\u011fan\u0131n b\u00fcy\u00fcl\u00fc bulu\u015fmas\u0131n\u0131 temsil eden lavanta tarlalar\u0131, \u00c7anakkale Sava\u015flar\u0131 Gelibolu Tarihi Alan<\/p>\n","protected":false},"author":3,"featured_media":13391,"comment_status":"open","ping_status":"open","sticky":false,"template":"","format":"standard","meta":{"colormag_page_container_layout":"default_layout","colormag_page_sidebar_layout":"default_layout","footnotes":""},"categories":[1,5],"tags":[],"class_list":["post-13389","post","type-post","status-publish","format-standard","has-post-thumbnail","hentry","category-genel","category-gundem"],"_links":{"self":[{"href":"https:\/\/marmarayerelhizmet.com\/index.php\/wp-json\/wp\/v2\/posts\/13389","targetHints":{"allow":["GET"]}}],"collection":[{"href":"https:\/\/marmarayerelhizmet.com\/index.php\/wp-json\/wp\/v2\/posts"}],"about":[{"href":"https:\/\/marmarayerelhizmet.com\/index.php\/wp-json\/wp\/v2\/types\/post"}],"author":[{"embeddable":true,"href":"https:\/\/marmarayerelhizmet.com\/index.php\/wp-json\/wp\/v2\/users\/3"}],"replies":[{"embeddable":true,"href":"https:\/\/marmarayerelhizmet.com\/index.php\/wp-json\/wp\/v2\/comments?post=13389"}],"version-history":[{"count":0,"href":"https:\/\/marmarayerelhizmet.com\/index.php\/wp-json\/wp\/v2\/posts\/13389\/revisions"}],"wp:featuredmedia":[{"embeddable":true,"href":"https:\/\/marmarayerelhizmet.com\/index.php\/wp-json\/wp\/v2\/media\/13391"}],"wp:attachment":[{"href":"https:\/\/marmarayerelhizmet.com\/index.php\/wp-json\/wp\/v2\/media?parent=13389"}],"wp:term":[{"taxonomy":"category","embeddable":true,"href":"https:\/\/marmarayerelhizmet.com\/index.php\/wp-json\/wp\/v2\/categories?post=13389"},{"taxonomy":"post_tag","embeddable":true,"href":"https:\/\/marmarayerelhizmet.com\/index.php\/wp-json\/wp\/v2\/tags?post=13389"}],"curies":[{"name":"wp","href":"https:\/\/api.w.org\/{rel}","templated":true}]}}