{"id":13369,"date":"2023-08-05T22:32:22","date_gmt":"2023-08-05T19:32:22","guid":{"rendered":"https:\/\/marmarayerelhizmet.com\/?p=13369"},"modified":"2023-08-06T01:33:31","modified_gmt":"2023-08-05T22:33:31","slug":"cocuklara-yaz-sinemasi","status":"publish","type":"post","link":"https:\/\/marmarayerelhizmet.com\/index.php\/2023\/08\/05\/cocuklara-yaz-sinemasi\/","title":{"rendered":"\u00c7ocuklara Yaz Sinemas\u0131"},"content":{"rendered":"<p><strong><span style=\"font-family: arial, helvetica, sans-serif; font-size: 14px;\">Nil\u00fcfer Belediyesi \u201c\u00c7ocuklara yaz sinemas\u0131\u201d g\u00f6sterimleriyle yaz gecelerine renk katarak, \u00e7ocuklar\u0131n tatili keyifli ge\u00e7irmesini sa\u011fl\u0131yor. 9 A\u011fustos\u2019ta ba\u015flayacak program \u00e7er\u00e7evesinde, \u201cMoana\u201d adl\u0131 animasyon filmi, 15 mahallede a\u00e7\u0131k havada Nil\u00fcferli \u00e7ocuklar\u0131n izlenimine sunulacak.<br \/>\n<\/span><\/strong><br \/>\n<span style=\"font-family: arial, helvetica, sans-serif; font-size: 14px;\">Nil\u00fcfer Belediyesi, \u00e7ocuklar\u0131n yaz tatilini dolu dolu ge\u00e7irmeleri i\u00e7in bu y\u0131l da yaz sinemas\u0131 etkinliklerine devam ediyor. \u201c\u00c7ocuklara yaz sinemas\u0131\u201d etkinli\u011fiyle merkez ve k\u0131rsal mahallelerdeki \u00e7ocuklara a\u00e7\u0131k havada, sinema keyfi ya\u015fat\u0131lacak. 9-26 A\u011fustos tarihleri aras\u0131nda 15 mahallede \u201cMoana\u201d adl\u0131 animasyon filmi \u00fccretsiz olarak g\u00f6sterime sunulacak. Antik Polenezya&#8217;da ya\u015fayan cesur k\u0131z Moana\u2019n\u0131n ya\u015fad\u0131\u011f\u0131 aday\u0131, d\u00fc\u015ft\u00fc\u011f\u00fc tehlikeden kurtarmak i\u00e7in verdi\u011fi m\u00fccadelenin ele al\u0131nd\u0131\u011f\u0131 filmin ilk g\u00f6sterimi 9 A\u011fustos \u00c7ar\u015famba g\u00fcn\u00fc Be\u015fevler Pazar alan\u0131nda ger\u00e7ekle\u015fecek.<\/span><br \/>\n<span style=\"font-family: arial, helvetica, sans-serif; font-size: 14px;\">Saat 20:30\u2019da ba\u015flayacak film g\u00f6sterimleri daha sonra s\u0131ras\u0131yla; 10 A\u011fustos Per\u015fembe Karaman Mahallesi hal\u0131 sahas\u0131, 11 A\u011fustos Cuma Minerali\u00e7avu\u015f pazar alan\u0131, 13 A\u011fustos Pazar Fethiye meydan, 14 A\u011fustos Pazartesi \u00dc\u00e7evler K\u00fct\u00fcphanesi \u00f6n\u00fc, 15 A\u011fustos Sal\u0131 Naz\u0131m Hikmet K\u00fclt\u00fcrevi \u00f6n\u00fc, 17 A\u011fustos Per\u015fembe \u0130rfaniye meydan, 18 A\u011fustos Cuma \u0130hsaniye Mahallesi Nil\u00fcfer Belediyesi Halk Evi \u00f6n\u00fc, 19 A\u011fustos Cumartesi Odunluk \u015eehit Kr. Plt. Yzb\u015f. Hakan Tan Ortaokulu bah\u00e7esi, 21 A\u011fustos Pazartesi, Ak\u00e7alar pazar alan\u0131, 22 A\u011fustos Sal\u0131 Kurtulu\u015f G\u00f6\u00e7men Konutlar\u0131 Park\u0131, 23 A\u011fustos \u00c7ar\u015famba Dumlup\u0131nar Motor me\u015fe park\u0131, 24 A\u011fustos Per\u015fembe G\u00f6r\u00fckle Dumlup\u0131nar \u0130lkokulu, 25 A\u011fustos Cuma 23 Nisan konser alan\u0131, 26 A\u011fustos Cumartesi \u00d6zl\u00fcce meydan\u0131nda yap\u0131lacak.<\/span><\/p>\n","protected":false},"excerpt":{"rendered":"<p>Nil\u00fcfer Belediyesi \u201c\u00c7ocuklara yaz sinemas\u0131\u201d g\u00f6sterimleriyle yaz gecelerine renk katarak, \u00e7ocuklar\u0131n tatili keyifli ge\u00e7irmesini sa\u011fl\u0131yor. 9 A\u011fustos\u2019ta ba\u015flayacak program \u00e7er\u00e7evesinde,<\/p>\n","protected":false},"author":3,"featured_media":13371,"comment_status":"open","ping_status":"open","sticky":false,"template":"","format":"standard","meta":{"colormag_page_container_layout":"default_layout","colormag_page_sidebar_layout":"default_layout","footnotes":""},"categories":[1,5,6,8],"tags":[],"class_list":["post-13369","post","type-post","status-publish","format-standard","has-post-thumbnail","hentry","category-genel","category-gundem","category-kultur-sanat","category-siyaset"],"_links":{"self":[{"href":"https:\/\/marmarayerelhizmet.com\/index.php\/wp-json\/wp\/v2\/posts\/13369","targetHints":{"allow":["GET"]}}],"collection":[{"href":"https:\/\/marmarayerelhizmet.com\/index.php\/wp-json\/wp\/v2\/posts"}],"about":[{"href":"https:\/\/marmarayerelhizmet.com\/index.php\/wp-json\/wp\/v2\/types\/post"}],"author":[{"embeddable":true,"href":"https:\/\/marmarayerelhizmet.com\/index.php\/wp-json\/wp\/v2\/users\/3"}],"replies":[{"embeddable":true,"href":"https:\/\/marmarayerelhizmet.com\/index.php\/wp-json\/wp\/v2\/comments?post=13369"}],"version-history":[{"count":0,"href":"https:\/\/marmarayerelhizmet.com\/index.php\/wp-json\/wp\/v2\/posts\/13369\/revisions"}],"wp:featuredmedia":[{"embeddable":true,"href":"https:\/\/marmarayerelhizmet.com\/index.php\/wp-json\/wp\/v2\/media\/13371"}],"wp:attachment":[{"href":"https:\/\/marmarayerelhizmet.com\/index.php\/wp-json\/wp\/v2\/media?parent=13369"}],"wp:term":[{"taxonomy":"category","embeddable":true,"href":"https:\/\/marmarayerelhizmet.com\/index.php\/wp-json\/wp\/v2\/categories?post=13369"},{"taxonomy":"post_tag","embeddable":true,"href":"https:\/\/marmarayerelhizmet.com\/index.php\/wp-json\/wp\/v2\/tags?post=13369"}],"curies":[{"name":"wp","href":"https:\/\/api.w.org\/{rel}","templated":true}]}}