{"id":13365,"date":"2023-08-05T22:31:00","date_gmt":"2023-08-05T19:31:00","guid":{"rendered":"https:\/\/marmarayerelhizmet.com\/?p=13365"},"modified":"2023-08-06T01:32:11","modified_gmt":"2023-08-05T22:32:11","slug":"eyyam-i-bahur-etkisini-surduruyor","status":"publish","type":"post","link":"https:\/\/marmarayerelhizmet.com\/index.php\/2023\/08\/05\/eyyam-i-bahur-etkisini-surduruyor\/","title":{"rendered":"Eyyam-\u0131 Bahur Etkisini S\u00fcrd\u00fcr\u00fcyor"},"content":{"rendered":"<p><strong><span style=\"font-family: arial, helvetica, sans-serif; font-size: 14px;\">&#8220;Eyyam-\u0131 Bahur&#8221; etkisinin s\u00fcrd\u00fc\u011f\u00fc \u0130stanbul\u2019da kavuran s\u0131caklar vatanda\u015flara ve turistlere zor anlar ya\u015fatmaya devam ediyor. S\u0131cakl\u0131klardan ka\u00e7an vatanda\u015flar g\u00f6lgelerde dinlenerek s\u0131cakl\u0131\u011f\u0131n etkisinden ka\u00e7maya \u00e7al\u0131\u015f\u0131yor.<br \/>\n<\/span><\/strong><br \/>\n<span style=\"font-family: arial, helvetica, sans-serif; font-size: 14px;\">Megakent \u0130stanbul\u2019da &#8220;Eyyam-\u0131 Bahur&#8221; s\u0131caklar\u0131 etkisi devam ediyor. Bunaltan s\u0131caklar vatanda\u015flara ve turistlere zor anlar ya\u015fatt\u0131. \u015eehrin en i\u015flek noktalar\u0131ndan biri olan Taksim ve \u0130stiklal Caddesi\u2019ne gelenler, g\u00fcne\u015fin yak\u0131c\u0131 etkisinden Gezi park\u0131nda g\u00f6lge alt\u0131nda dinlenerek ka\u00e7\u0131nmaya \u00e7al\u0131\u015ft\u0131. Ku\u015flar Gezi Park\u0131ndaki f\u0131skiyedeki su havuzu i\u00e7erisinde serinlerken, f\u0131skiyedeki suyu \u015fi\u015feye dolduran vatanda\u015flar kafalar\u0131ndan a\u015fa\u011f\u0131 d\u00f6kerek serinlemeye \u00e7al\u0131\u015ft\u0131.<\/span><br \/>\n<span style=\"font-family: arial, helvetica, sans-serif; font-size: 14px;\">S\u0131caklar\u0131n y\u00fcksek oldu\u011funu s\u00f6yleyen Ahmet Kaya \u201cBug\u00fcn \u00e7ok s\u0131cak, nem oran\u0131 \u00e7ok y\u00fcksek namazdan \u00e7\u0131kt\u0131k. Taksim meydan\u0131nda y\u00fcr\u00fcnecek hali yok. A\u011fa\u00e7lar\u0131n alt\u0131na geldik oturduk. Yine s\u0131cak var a\u011fa\u00e7lar\u0131n alt\u0131nda bile s\u0131cak var. 40-45 dereciyi bulur yani, s\u0131caklar \u00e7ok o y\u00fczden herkes g\u00f6lgeliklerde parklarda bizde oturup dinlenelim\u201d dedi.<\/span><\/p>\n","protected":false},"excerpt":{"rendered":"<p>&#8220;Eyyam-\u0131 Bahur&#8221; etkisinin s\u00fcrd\u00fc\u011f\u00fc \u0130stanbul\u2019da kavuran s\u0131caklar vatanda\u015flara ve turistlere zor anlar ya\u015fatmaya devam ediyor. S\u0131cakl\u0131klardan ka\u00e7an vatanda\u015flar g\u00f6lgelerde dinlenerek<\/p>\n","protected":false},"author":3,"featured_media":13367,"comment_status":"open","ping_status":"open","sticky":false,"template":"","format":"standard","meta":{"colormag_page_container_layout":"default_layout","colormag_page_sidebar_layout":"default_layout","footnotes":""},"categories":[1,5],"tags":[],"class_list":["post-13365","post","type-post","status-publish","format-standard","has-post-thumbnail","hentry","category-genel","category-gundem"],"_links":{"self":[{"href":"https:\/\/marmarayerelhizmet.com\/index.php\/wp-json\/wp\/v2\/posts\/13365","targetHints":{"allow":["GET"]}}],"collection":[{"href":"https:\/\/marmarayerelhizmet.com\/index.php\/wp-json\/wp\/v2\/posts"}],"about":[{"href":"https:\/\/marmarayerelhizmet.com\/index.php\/wp-json\/wp\/v2\/types\/post"}],"author":[{"embeddable":true,"href":"https:\/\/marmarayerelhizmet.com\/index.php\/wp-json\/wp\/v2\/users\/3"}],"replies":[{"embeddable":true,"href":"https:\/\/marmarayerelhizmet.com\/index.php\/wp-json\/wp\/v2\/comments?post=13365"}],"version-history":[{"count":0,"href":"https:\/\/marmarayerelhizmet.com\/index.php\/wp-json\/wp\/v2\/posts\/13365\/revisions"}],"wp:featuredmedia":[{"embeddable":true,"href":"https:\/\/marmarayerelhizmet.com\/index.php\/wp-json\/wp\/v2\/media\/13367"}],"wp:attachment":[{"href":"https:\/\/marmarayerelhizmet.com\/index.php\/wp-json\/wp\/v2\/media?parent=13365"}],"wp:term":[{"taxonomy":"category","embeddable":true,"href":"https:\/\/marmarayerelhizmet.com\/index.php\/wp-json\/wp\/v2\/categories?post=13365"},{"taxonomy":"post_tag","embeddable":true,"href":"https:\/\/marmarayerelhizmet.com\/index.php\/wp-json\/wp\/v2\/tags?post=13365"}],"curies":[{"name":"wp","href":"https:\/\/api.w.org\/{rel}","templated":true}]}}