{"id":13357,"date":"2023-08-05T14:39:06","date_gmt":"2023-08-05T11:39:06","guid":{"rendered":"https:\/\/marmarayerelhizmet.com\/?p=13357"},"modified":"2023-08-05T14:39:06","modified_gmt":"2023-08-05T11:39:06","slug":"42-bransta-egitim-veriliyor","status":"publish","type":"post","link":"https:\/\/marmarayerelhizmet.com\/index.php\/2023\/08\/05\/42-bransta-egitim-veriliyor\/","title":{"rendered":"42 Bran\u015fta E\u011fitim Veriliyor"},"content":{"rendered":"<p><strong><span style=\"font-family: arial, helvetica, sans-serif; font-size: 14px;\">Esenyurt Belediye\u2019sinin a\u00e7t\u0131\u011f\u0131 Yaz Okullar\u0131\u2019nda, \u00e7ocuklar hem \u00e7e\u015fitli m\u00fczik aletlerini \u00e7almay\u0131 \u00f6\u011freniyor hem de yabanc\u0131 dil e\u011fitimi alma imkan\u0131 buluyor.<br \/>\n<\/span><\/strong><br \/>\n<span style=\"font-family: arial, helvetica, sans-serif; font-size: 14px;\">\u00d6\u011frencilerin yaz tatili d\u00f6nemlerini verimli bir \u015fekilde ge\u00e7irmeleri i\u00e7in a\u00e7\u0131lan Esenyurt Belediyesi Yaz Okullar\u0131, 42 farkl\u0131 bran\u015fta e\u011fitimlerine devam ediyor. Belediyenin k\u00fclt\u00fcr merkezleri ve bilgi evlerinde verilen e\u011fitimlerde 8-15 ya\u015f aral\u0131\u011f\u0131ndaki \u00e7ocuklar, yeni bilgiler \u00f6\u011frenmenin yan\u0131 s\u0131ra yeteneklerini de ke\u015ffediyor. Haftan\u0131n 7 g\u00fcn\u00fc yap\u0131lan derslerde \u00f6\u011frenciler; piyano, keman, gitar, resim, matematik, yabanc\u0131 dil, ak\u0131l ve zeka oyunlar\u0131 gibi onlarca farkl\u0131 bran\u015fta ilgi alanlar\u0131na g\u00f6re e\u011fitim alma f\u0131rsat\u0131 buluyor. E\u011fitimler sonunda d\u00fczenlenen etkinliklerde, \u00e7ocuklar yeteneklerini sergiliyor.<\/span><\/p>\n<p><strong><span style=\"font-family: arial, helvetica, sans-serif; font-size: 14px;\">\u201c\u00d6\u011frencilerin geli\u015fimine katk\u0131 sa\u011fl\u0131yoruz\u201d<\/span><\/strong><br \/>\n<span style=\"font-family: arial, helvetica, sans-serif; font-size: 14px;\">Sanat\u0131n ve m\u00fczi\u011fin gen\u00e7leri hayata bir-s\u0131f\u0131r \u00f6nde ba\u015flatt\u0131\u011f\u0131na dikkati \u00e7eken M\u00fczik Hocas\u0131 Asil Ergun, \u201cYaz d\u00f6neminde 42 ayr\u0131 bran\u015fta e\u011fitim faaliyetlerini s\u00fcrd\u00fcrmekteyiz. Amac\u0131m\u0131z \u00e7ocuklar\u0131m\u0131z\u0131n ve gen\u00e7lerimizin ki\u015fisel geli\u015fimlerine bir nebze bile olsun katk\u0131da bulunmak, onlara \u00f6nc\u00fcl\u00fck etmek ve hayat denen bu yolda farkl\u0131 olmalar\u0131n\u0131, iyi olmalar\u0131n\u0131 ve mutlu hissetmelerini sa\u011flamak\u201d dedi.<\/span><\/p>\n<p><strong><span style=\"font-family: arial, helvetica, sans-serif; font-size: 14px;\">\u201c\u0130ngilizce \u00f6\u011fretmeni olmak istiyorum\u201d<\/span><\/strong><br \/>\n<span style=\"font-family: arial, helvetica, sans-serif; font-size: 14px;\">Kat\u0131ld\u0131\u011f\u0131 \u0130ngilizce kursu sayesinde kendini geli\u015ftirdi\u011fini s\u00f6yleyen Ay\u015fe Melek Y\u0131lmaz \u015f\u00f6yle konu\u015ftu:<\/span><br \/>\n<span style=\"font-family: arial, helvetica, sans-serif; font-size: 14px;\">\u201cBu derste bilmedi\u011fim \u0130ngilizce kelimeleri \u00f6\u011frendim. Bu kelimeleri c\u00fcmle halinde kullanmaya \u00e7al\u0131\u015f\u0131yorum. Burada hocalar\u0131m\u0131z bize \u00e7ok yard\u0131mc\u0131 oluyor, \u00f6\u011frenmemiz i\u00e7in \u00e7abal\u0131yorlar. \u0130ngilizce kursuna geldikten sonra kendimi geli\u015ftirdim. \u0130leride \u0130ngilizce \u00f6\u011fretmeni olmak istiyorum. Belediyemize bize bu imk\u00e2nlar\u0131 sa\u011flad\u0131\u011f\u0131 i\u00e7in te\u015fekk\u00fcr ediyorum.\u201d<\/span><\/p>\n","protected":false},"excerpt":{"rendered":"<p>Esenyurt Belediye\u2019sinin a\u00e7t\u0131\u011f\u0131 Yaz Okullar\u0131\u2019nda, \u00e7ocuklar hem \u00e7e\u015fitli m\u00fczik aletlerini \u00e7almay\u0131 \u00f6\u011freniyor hem de yabanc\u0131 dil e\u011fitimi alma imkan\u0131 buluyor.<\/p>\n","protected":false},"author":3,"featured_media":13359,"comment_status":"open","ping_status":"open","sticky":false,"template":"","format":"standard","meta":{"colormag_page_container_layout":"default_layout","colormag_page_sidebar_layout":"default_layout","footnotes":""},"categories":[45,1,5,6,8],"tags":[],"class_list":["post-13357","post","type-post","status-publish","format-standard","has-post-thumbnail","hentry","category-egitim","category-genel","category-gundem","category-kultur-sanat","category-siyaset"],"_links":{"self":[{"href":"https:\/\/marmarayerelhizmet.com\/index.php\/wp-json\/wp\/v2\/posts\/13357","targetHints":{"allow":["GET"]}}],"collection":[{"href":"https:\/\/marmarayerelhizmet.com\/index.php\/wp-json\/wp\/v2\/posts"}],"about":[{"href":"https:\/\/marmarayerelhizmet.com\/index.php\/wp-json\/wp\/v2\/types\/post"}],"author":[{"embeddable":true,"href":"https:\/\/marmarayerelhizmet.com\/index.php\/wp-json\/wp\/v2\/users\/3"}],"replies":[{"embeddable":true,"href":"https:\/\/marmarayerelhizmet.com\/index.php\/wp-json\/wp\/v2\/comments?post=13357"}],"version-history":[{"count":0,"href":"https:\/\/marmarayerelhizmet.com\/index.php\/wp-json\/wp\/v2\/posts\/13357\/revisions"}],"wp:featuredmedia":[{"embeddable":true,"href":"https:\/\/marmarayerelhizmet.com\/index.php\/wp-json\/wp\/v2\/media\/13359"}],"wp:attachment":[{"href":"https:\/\/marmarayerelhizmet.com\/index.php\/wp-json\/wp\/v2\/media?parent=13357"}],"wp:term":[{"taxonomy":"category","embeddable":true,"href":"https:\/\/marmarayerelhizmet.com\/index.php\/wp-json\/wp\/v2\/categories?post=13357"},{"taxonomy":"post_tag","embeddable":true,"href":"https:\/\/marmarayerelhizmet.com\/index.php\/wp-json\/wp\/v2\/tags?post=13357"}],"curies":[{"name":"wp","href":"https:\/\/api.w.org\/{rel}","templated":true}]}}