{"id":13353,"date":"2023-08-05T12:49:54","date_gmt":"2023-08-05T09:49:54","guid":{"rendered":"https:\/\/marmarayerelhizmet.com\/?p=13353"},"modified":"2023-08-05T12:49:54","modified_gmt":"2023-08-05T09:49:54","slug":"kopeklere-madalya-verildi","status":"publish","type":"post","link":"https:\/\/marmarayerelhizmet.com\/index.php\/2023\/08\/05\/kopeklere-madalya-verildi\/","title":{"rendered":"K\u00f6peklere Madalya Verildi"},"content":{"rendered":"<p><strong><span style=\"font-family: arial, helvetica, sans-serif; font-size: 14px;\">B\u00fcy\u00fck\u00e7ekmece Belediyesi, 6 \u015eubat\u2019ta meydana gelen Kahramanmara\u015f merkezli 2 depremden hemen sonra Hatay\u2019da arama kurtarma \u00e7al\u0131\u015fmalar\u0131nda yer alan Tigi ve Petra isimli arama kurtarma k\u00f6peklerine kahramanl\u0131k madalyas\u0131 takdim etti.<br \/>\n<\/span><\/strong><br \/>\n<span style=\"font-family: arial, helvetica, sans-serif; font-size: 14px;\">B\u00fcy\u00fck\u00e7ekmece Belediyesi\u2019nin Macaristan\u2019daki karde\u015f \u015fehir Obuda Belediyesi\u2019nin ziyaretinde s\u00fcrpriz bir olay ya\u015fand\u0131. 24. Uluslararas\u0131 \u0130stanbul B\u00fcy\u00fck\u00e7ekmece K\u00fclt\u00fcr ve Sanat Festivali i\u00e7in Macaristan\u2019\u0131n Obuda kentinden gelen ekibinin i\u00e7inde yer alan Tigi isimli k\u00f6pe\u011fin depremin hemen ard\u0131ndan Hatay\u2019a gelen Macar arama kurtarma ekibiyle birlikte g\u00f6rev yapt\u0131\u011f\u0131 ve 17 ki\u015finin hayat\u0131n\u0131 kurtard\u0131\u011f\u0131 ortaya \u00e7\u0131kt\u0131. Depremin ilk saatlerinden itibaren Hatay\u2019a hareket eden B\u00fcy\u00fck\u00e7ekmece Belediyesi Arama Kurtarma Timi\u2019nin k\u00f6pe\u011fi Petra da yine Hatay\u2019\u0131n Defne il\u00e7esindeki arama kurtarma \u00e7al\u0131\u015fmalar\u0131 s\u0131ras\u0131nda 14 ki\u015finin yerini tespit ederek canl\u0131 kurtar\u0131lmalar\u0131n\u0131 sa\u011flam\u0131\u015ft\u0131. B\u00fcy\u00fck\u00e7ekmece Kemal Sunal Amfi Tiyatro\u2019da bir araya gelen kahraman arama kurtarma k\u00f6pekleri Tigi ve Petra\u2019ya B\u00fcy\u00fck\u00e7ekmece Belediye Ba\u015fkan\u0131 Dr. Hasan Akg\u00fcn ve Obuda Belediye Ba\u015fkan\u0131 Dr. Laszlo Kiss taraf\u0131ndan \u201ckahramanl\u0131k madalyas\u0131\u201d tak\u0131ld\u0131.<\/span><\/p>\n<p><strong><span style=\"font-family: arial, helvetica, sans-serif; font-size: 14px;\">\u201cArkada\u015flar\u0131n\u0131 zor g\u00fcnlerde tan\u0131rs\u0131n\u201d<\/span><\/strong><br \/>\n<span style=\"font-family: arial, helvetica, sans-serif; font-size: 14px;\">B\u00fcy\u00fck\u00e7ekmece Belediye Ba\u015fkan\u0131 Dr. Hasan Akg\u00fcn, \u201cBu 2 sevgili kurtar\u0131c\u0131lar, Obuda Belediyesi\u2019nden 22 ki\u015filik kurtarma ekibi ve B\u00fcy\u00fck\u00e7ekmece&#8217;nin 40 ki\u015filik kurtarma ekibi insan\u00fcst\u00fc gayretle \u00e7al\u0131\u015f\u0131rken en b\u00fcy\u00fck deste\u011fi bizden sadece su ve ekmek isteyen bu arkada\u015flardan ald\u0131lar. Onlar\u0131 alk\u0131\u015flad\u0131k biz de alk\u0131\u015flayal\u0131m. Onlara kahramanl\u0131k madalyas\u0131 takaca\u011f\u0131z, onlara cesur y\u00fcrek madalyas\u0131 takaca\u011f\u0131z.\u201d<\/span><br \/>\n<span style=\"font-family: arial, helvetica, sans-serif; font-size: 14px;\">Obuda Belediye Ba\u015fkan\u0131 Dr. Laszlo Kiss de \u015f\u00f6yle konu\u015ftu:<\/span><br \/>\n<span style=\"font-family: arial, helvetica, sans-serif; font-size: 14px;\">\u201cBurada olmaktan \u00e7ok mutluluk duyar\u0131m. Arkada\u015f\u0131m Gabriella Paraczki Hatay\u2019daki depremzedelerin kurtar\u0131lmas\u0131nda aktif olarak g\u00f6rev ald\u0131. Bir ba\u015fka bayan ismi Tigi. Kendisi bir k\u00f6pek ama \u00e7ok yard\u0131mda bulundu, \u00e7ok ki\u015fiyi kurtarm\u0131\u015f. Bizim Macarlar\u0131n bir atas\u00f6z\u00fc var, arkada\u015flar\u0131n\u0131 zor g\u00fcnlerde tan\u0131rs\u0131n.\u201d<\/span><\/p>\n","protected":false},"excerpt":{"rendered":"<p>B\u00fcy\u00fck\u00e7ekmece Belediyesi, 6 \u015eubat\u2019ta meydana gelen Kahramanmara\u015f merkezli 2 depremden hemen sonra Hatay\u2019da arama kurtarma \u00e7al\u0131\u015fmalar\u0131nda yer alan Tigi ve<\/p>\n","protected":false},"author":3,"featured_media":13355,"comment_status":"open","ping_status":"open","sticky":false,"template":"","format":"standard","meta":{"colormag_page_container_layout":"default_layout","colormag_page_sidebar_layout":"default_layout","footnotes":""},"categories":[1,5,8],"tags":[],"class_list":["post-13353","post","type-post","status-publish","format-standard","has-post-thumbnail","hentry","category-genel","category-gundem","category-siyaset"],"_links":{"self":[{"href":"https:\/\/marmarayerelhizmet.com\/index.php\/wp-json\/wp\/v2\/posts\/13353","targetHints":{"allow":["GET"]}}],"collection":[{"href":"https:\/\/marmarayerelhizmet.com\/index.php\/wp-json\/wp\/v2\/posts"}],"about":[{"href":"https:\/\/marmarayerelhizmet.com\/index.php\/wp-json\/wp\/v2\/types\/post"}],"author":[{"embeddable":true,"href":"https:\/\/marmarayerelhizmet.com\/index.php\/wp-json\/wp\/v2\/users\/3"}],"replies":[{"embeddable":true,"href":"https:\/\/marmarayerelhizmet.com\/index.php\/wp-json\/wp\/v2\/comments?post=13353"}],"version-history":[{"count":0,"href":"https:\/\/marmarayerelhizmet.com\/index.php\/wp-json\/wp\/v2\/posts\/13353\/revisions"}],"wp:featuredmedia":[{"embeddable":true,"href":"https:\/\/marmarayerelhizmet.com\/index.php\/wp-json\/wp\/v2\/media\/13355"}],"wp:attachment":[{"href":"https:\/\/marmarayerelhizmet.com\/index.php\/wp-json\/wp\/v2\/media?parent=13353"}],"wp:term":[{"taxonomy":"category","embeddable":true,"href":"https:\/\/marmarayerelhizmet.com\/index.php\/wp-json\/wp\/v2\/categories?post=13353"},{"taxonomy":"post_tag","embeddable":true,"href":"https:\/\/marmarayerelhizmet.com\/index.php\/wp-json\/wp\/v2\/tags?post=13353"}],"curies":[{"name":"wp","href":"https:\/\/api.w.org\/{rel}","templated":true}]}}