{"id":13349,"date":"2023-08-05T10:44:14","date_gmt":"2023-08-05T07:44:14","guid":{"rendered":"https:\/\/marmarayerelhizmet.com\/?p=13349"},"modified":"2023-08-05T12:46:17","modified_gmt":"2023-08-05T09:46:17","slug":"yoresel-urunlerine-deger-katiyor","status":"publish","type":"post","link":"https:\/\/marmarayerelhizmet.com\/index.php\/2023\/08\/05\/yoresel-urunlerine-deger-katiyor\/","title":{"rendered":"Y\u00f6resel \u00dcr\u00fcnlerine De\u011fer Kat\u0131yor"},"content":{"rendered":"<div><strong><span style=\"font-family: arial, helvetica, sans-serif; font-size: 14px;\">Bal\u0131kesir Valili\u011fi koordinasyonunda 2021 y\u0131l\u0131nda hayata ge\u00e7irilen ve Vali Hasan \u015e\u0131ldak\u2019\u0131n yak\u0131n takibinde y\u00fcr\u00fct\u00fclen &#8216;Co\u011frafi \u0130\u015faretli \u00dcr\u00fcn Say\u0131s\u0131n\u0131n Art\u0131r\u0131lmas\u0131 \u00c7al\u0131\u015fmas\u0131&#8217; \u0130limizin sahip oldu\u011fu y\u00f6resel lezzetlere ve geleneksel de\u011ferlere sahip \u00e7\u0131kmaya, onlar\u0131 ya\u015fatmaya devam ediyor.\u00a0<\/span><\/strong><\/div>\n<div><\/div>\n<div><span style=\"font-family: arial, helvetica, sans-serif; font-size: 14px;\">Co\u011frafi konumu, iklim \u015fartlar\u0131, tar\u0131msal \u00e7e\u015fitlili\u011fi, zengin k\u00fclt\u00fcr miras\u0131 \u00f6\u011feleri ile kendine \u00f6zg\u00fc \u00e7ok say\u0131da kaliteli yerel \u00fcr\u00fcn potansiyeline sahip bir il olan Bal\u0131kesir&#8217;de; gastronomik ve geleneksel \u00fcr\u00fcnlerin korundu\u011fu \u00e7al\u0131\u015fma ile &#8216;Co\u011frafi \u0130\u015faret Tescili&#8217; sayesinde y\u00f6resel \u00fcr\u00fcnlerin geleneksel y\u00f6ntemlerle asl\u0131na uygun bir \u015fekilde \u00fcretilmesine ve gelece\u011fe ta\u015f\u0131nmas\u0131na da \u00f6zen g\u00f6steriliyor.<\/span><\/div>\n<div><\/div>\n<div><span style=\"font-family: arial, helvetica, sans-serif; font-size: 14px;\">Bal\u0131kesir\u2019in de\u011ferleri; Bal\u0131kesir \u00dcniversitesi, Band\u0131rma Onyedi Eyl\u00fcl \u00dcniversitesi, \u0130l Tar\u0131m ve Orman M\u00fcd\u00fcrl\u00fc\u011f\u00fc, Bal\u0131kesir Ticaret Borsas\u0131, Bal\u0131kesir Ticaret Odas\u0131, Esnaf ve Sanatk\u00e2rlar Odalar\u0131 Birli\u011fi, Sanayi ve Teknoloji \u0130l M\u00fcd\u00fcrl\u00fc\u011f\u00fc, G\u00fcney Marmara Kalk\u0131nma Ajans\u0131 i\u015fbirli\u011finde Bal\u0131kesir Valili\u011fi taraf\u0131ndan y\u00fcr\u00fct\u00fclen \u00e7al\u0131\u015fmada \u00a0Co\u011frafi \u0130\u015faret Tescili ile \u00f6n plana \u00e7\u0131kar\u0131l\u0131yor.\u00a0<\/span><\/div>\n<div><\/div>\n<div><span style=\"font-family: arial, helvetica, sans-serif; font-size: 14px;\"><strong>Tescilli \u00dcr\u00fcnlerin Say\u0131s\u0131 26&#8217;ya Y\u00fckseldi<\/strong><\/span><\/div>\n<div><\/div>\n<div><span style=\"font-family: arial, helvetica, sans-serif; font-size: 14px;\">Bal\u0131kesir\u2019de 2021 y\u0131l\u0131nda 13 Co\u011frafi \u0130\u015faret tesciline sahip \u00fcr\u00fcn bulunurken, hangi \u00fcr\u00fcnlerin co\u011frafi i\u015faret tescili almas\u0131 gerekti\u011fi y\u00f6n\u00fcnde yap\u0131lan planl\u0131 \u00e7al\u0131\u015fmalarla \u00fcr\u00fcn say\u0131s\u0131nda \u00f6nemli bir art\u0131\u015f ya\u015fand\u0131. Vali Hasan \u015e\u0131ldak\u2019\u0131n da bizzat takip etti\u011fi tescil s\u00fcrecinin d\u00fczenli olarak izlenmesiyle bu say\u0131 2022 y\u0131l\u0131nda 16\u2019ya, \u00a02023 Temmuz ay\u0131 itibariyle de 26\u2019ya y\u00fckseldi. Bu art\u0131\u015fla, hem \u00fcr\u00fcnlerin tan\u0131n\u0131rl\u0131\u011f\u0131 ve ekonomik getirisi artarken, \u00fcreticilere yeni imkanlar sunuluyor.<\/span><\/div>\n<div><\/div>\n<div><span style=\"font-family: arial, helvetica, sans-serif; font-size: 14px;\"><strong>Ayval\u0131k Tostu Tescillendi<\/strong><\/span><\/div>\n<div><\/div>\n<div><span style=\"font-family: arial, helvetica, sans-serif; font-size: 14px;\">Ya\u011fc\u0131bedir El Hal\u0131s\u0131, Ayval\u0131k Zeytinya\u011f\u0131, G\u00f6nen \u0130\u011fne Oyas\u0131, Bal\u0131kesir H\u00f6\u015fmerim Tatl\u0131s\u0131, Edremit K\u00f6rfezi Ye\u015fil \u00c7izik Zeytini, Edremit Zeytinya\u011f\u0131, Susurluk Tostu, Susurluk Ayran\u0131, Kap\u0131da\u011f Mor So\u011fan\u0131, Bal\u0131kesir Kuzu Eti, Marmara Adas\u0131 Mermeri, Manyas Kelle Peyniri, Burhaniye Zeytinya\u011f\u0131, Bal\u0131kesir Pullusu, \u0130vrindi Kelle Peyniri, Sava\u015ftepe Sar\u0131beyler Seferberlik \u00c7\u00f6re\u011fi, Ayval\u0131k Lor Tatl\u0131s\u0131, Bal\u0131kesir Kaymakl\u0131s\u0131, Ayval\u0131k Sak\u0131zl\u0131 Kurabiye, Ya\u011fl\u0131lar Basma Helvas\u0131, Av\u015fa Adakaras\u0131 \u00dcz\u00fcm\u00fc,\u00a0<\/span><br \/>\n<span style=\"font-family: arial, helvetica, sans-serif; font-size: 14px;\">Havran Siyah \u0130nciri, Bal\u0131kesir G\u00f6bel Kuzu Kokoreci, Manyas Kazak Fasulyesi, Sava\u015ftepe Mihali\u00e7 Kelle Peyniri ve S\u0131nd\u0131rg\u0131 Korni\u015fonu&#8217;nun yer ald\u0131\u011f\u0131 Bal\u0131kesir\u2019in Co\u011frafi \u0130\u015faretli \u00dcr\u00fcnleri listesine son olarak &#8216;Ayval\u0131k Tostu&#8217; Geleneksel \u00dcr\u00fcn Ad\u0131 kategorisinde tescil alan \u00fcr\u00fcn olarak dahil oldu. Ayr\u0131ca Edremit Zeytinya\u011f\u0131, 20.07.2023 tarihinde Avrupa Komisyonu taraf\u0131ndan \u201cKorunan Men\u015fe\u201d Tesciline sahip T\u00fcrkiye\u2019nin 13\u2019\u00fcnc\u00fc, Bal\u0131kesir\u2019in ise 1\u2019inci \u00fcr\u00fcn\u00fc olarak s\u0131ralamaya girdi.<\/span><\/div>\n<div><\/div>\n<div><span style=\"font-family: arial, helvetica, sans-serif; font-size: 14px;\"><strong>20 \u00dcr\u00fcn\u00fcn Tescil Ba\u015fvurusu Yap\u0131ld\u0131\u00a0<\/strong><\/span><\/div>\n<div><\/div>\n<div><span style=\"font-family: arial, helvetica, sans-serif; font-size: 14px;\">Bal\u0131kesir\u2019de y\u00fcr\u00fct\u00fclen bu \u00e7al\u0131\u015fma kapsam\u0131nda; Av\u015fa Adakaras\u0131 \u015earab\u0131, Ayval\u0131k Kelle Peyniri\/Ayval\u0131k Sepet Peyniri, Ayval\u0131k Kirli Han\u0131m Peyniri, Balya Tereya\u011f\u0131, Bal\u0131kesir Aba Dokumas\u0131, Bal\u0131kesir D\u00fc\u011f\u00fcn \u00c7orbas\u0131, Bal\u0131kesir Etli \u00c7orba, Bal\u0131kesir G\u00f6nen Baldo Pirinci, Bal\u0131kesir Manda Kayma\u011f\u0131, Edincik Su Zeytini, Edincik Su Zeytinya\u011f\u0131, Edremit K\u00f6rfezi Zeytinya\u011fl\u0131 Bademli Baklava, G\u00f6me\u00e7 Kirli Han\u0131m Peyniri, Havran Mandalinas\u0131, Karadiken, Kepsut B\u00fckdere K\u00fcfl\u00fc Kat\u0131k Peyniri, Papalina, S\u0131nd\u0131rg\u0131 E\u011fridere Y\u00fcnl\u00fc Tulum Peyniri, S\u0131nd\u0131rg\u0131 \u00c7\u0131t\u0131r Kavun ve Bal\u0131kesir Kahvalt\u0131s\u0131&#8217;n\u0131n co\u011frafi i\u015faret ba\u015fvuru s\u00fcreci devam ediyor. Ba\u015fvuru s\u00fcreci devam eden 20 \u00fcr\u00fcn\u00fcn b\u00fcy\u00fck \u00e7o\u011funlu\u011funu g\u0131da ve tar\u0131m \u00fcr\u00fcnleri olu\u015ftururken hayvansal ve geleneksel el sanatlar\u0131na ait \u00fcr\u00fcnler de yer al\u0131yor.<\/span><\/div>\n<div><\/div>\n<div><span style=\"font-family: arial, helvetica, sans-serif; font-size: 14px;\">\u00c7al\u0131\u015fman\u0131n co\u011frafi i\u015faretli \u00fcr\u00fcnleri \u00fcreten vatanda\u015flara ilerleyen d\u00f6nemlerde b\u00f6lgesel, ulusal ve k\u00fcresel pazarlarda yer almalar\u0131 i\u00e7in \u00f6nemli f\u0131rsatlar sunuldu\u011funu ifade eden Vali \u015e\u0131ldak, &#8220;Co\u011frafi \u0130\u015faretli \u00dcr\u00fcnlerin Art\u0131r\u0131lmas\u0131 \u00c7al\u0131\u015fmas\u0131 sayesinde \u00f6zellikle B\u00fcy\u00fck\u015fehir Belediyesi, \u0130l\u00e7e Belediyeleri ve Ticaret Odalar\u0131n\u0131n yapt\u0131\u011f\u0131 ba\u015fvurular\u0131n olumlu sonu\u00e7lanmas\u0131yla Bal\u0131kesir&#8217;e \u00f6zg\u00fc gastronomik ve geleneksel de\u011ferlerin tan\u0131n\u0131rl\u0131\u011f\u0131 art\u0131r\u0131l\u0131yor.&#8221; ifadelerini kulland\u0131.<\/span><\/div>\n<div>\n<div id=\"w09b53c5dd96a416e8b31373d2b0edadc\">\n<div class=\"row d-none d-md-flex\">\n<div class=\"row zgLarge\"><\/div>\n<\/div>\n<\/div>\n<\/div>\n","protected":false},"excerpt":{"rendered":"<p>Bal\u0131kesir Valili\u011fi koordinasyonunda 2021 y\u0131l\u0131nda hayata ge\u00e7irilen ve Vali Hasan \u015e\u0131ldak\u2019\u0131n yak\u0131n takibinde y\u00fcr\u00fct\u00fclen &#8216;Co\u011frafi \u0130\u015faretli \u00dcr\u00fcn Say\u0131s\u0131n\u0131n Art\u0131r\u0131lmas\u0131 \u00c7al\u0131\u015fmas\u0131&#8217;<\/p>\n","protected":false},"author":3,"featured_media":13351,"comment_status":"open","ping_status":"open","sticky":false,"template":"","format":"standard","meta":{"colormag_page_container_layout":"default_layout","colormag_page_sidebar_layout":"default_layout","footnotes":""},"categories":[1,5],"tags":[],"class_list":["post-13349","post","type-post","status-publish","format-standard","has-post-thumbnail","hentry","category-genel","category-gundem"],"_links":{"self":[{"href":"https:\/\/marmarayerelhizmet.com\/index.php\/wp-json\/wp\/v2\/posts\/13349","targetHints":{"allow":["GET"]}}],"collection":[{"href":"https:\/\/marmarayerelhizmet.com\/index.php\/wp-json\/wp\/v2\/posts"}],"about":[{"href":"https:\/\/marmarayerelhizmet.com\/index.php\/wp-json\/wp\/v2\/types\/post"}],"author":[{"embeddable":true,"href":"https:\/\/marmarayerelhizmet.com\/index.php\/wp-json\/wp\/v2\/users\/3"}],"replies":[{"embeddable":true,"href":"https:\/\/marmarayerelhizmet.com\/index.php\/wp-json\/wp\/v2\/comments?post=13349"}],"version-history":[{"count":0,"href":"https:\/\/marmarayerelhizmet.com\/index.php\/wp-json\/wp\/v2\/posts\/13349\/revisions"}],"wp:featuredmedia":[{"embeddable":true,"href":"https:\/\/marmarayerelhizmet.com\/index.php\/wp-json\/wp\/v2\/media\/13351"}],"wp:attachment":[{"href":"https:\/\/marmarayerelhizmet.com\/index.php\/wp-json\/wp\/v2\/media?parent=13349"}],"wp:term":[{"taxonomy":"category","embeddable":true,"href":"https:\/\/marmarayerelhizmet.com\/index.php\/wp-json\/wp\/v2\/categories?post=13349"},{"taxonomy":"post_tag","embeddable":true,"href":"https:\/\/marmarayerelhizmet.com\/index.php\/wp-json\/wp\/v2\/tags?post=13349"}],"curies":[{"name":"wp","href":"https:\/\/api.w.org\/{rel}","templated":true}]}}