{"id":13341,"date":"2023-08-05T12:42:17","date_gmt":"2023-08-05T09:42:17","guid":{"rendered":"https:\/\/marmarayerelhizmet.com\/?p=13341"},"modified":"2023-08-05T12:42:17","modified_gmt":"2023-08-05T09:42:17","slug":"yasam-boyu-onur-odulu","status":"publish","type":"post","link":"https:\/\/marmarayerelhizmet.com\/index.php\/2023\/08\/05\/yasam-boyu-onur-odulu\/","title":{"rendered":"Ya\u015fam Boyu Onur \u00d6d\u00fcl\u00fc"},"content":{"rendered":"<p><strong><span style=\"font-family: arial, helvetica, sans-serif; font-size: 14px;\">B\u00fcy\u00fck\u00e7ekmece&#8217;de ger\u00e7ekle\u015ftirilen 24. Uluslararas\u0131 \u0130stanbul B\u00fcy\u00fck\u00e7ekmece K\u00fclt\u00fcr ve Sanat Festivali\u2019nde bu y\u0131l \u201cK\u00fclt\u00fcr ve Sanatta Ya\u015fam Boyu Ba\u015far\u0131 \u00d6d\u00fcl\u00fc\u201d Melek Baykal\u2019a, \u201cYa\u015fam Boyu Onur \u00d6d\u00fcl\u00fc\u201d ise Levent Tamere verildi.<br \/>\n<\/span><\/strong><br \/>\n<span style=\"font-family: arial, helvetica, sans-serif; font-size: 14px;\">Uluslararas\u0131 \u0130stanbul B\u00fcy\u00fck\u00e7ekmece K\u00fclt\u00fcr ve Sanat Festivali \u00e7er\u00e7evesinde verilen K\u00fclt\u00fcr ve Sanatta Ya\u015fam Boyu Ba\u015far\u0131 ve K\u00fclt\u00fcr ve Sanatta Ya\u015fam Boyu Onur \u00d6d\u00fcl\u00fc bu y\u0131l da 2 dev sanat\u00e7\u0131ya verildi. Festival Komitesi taraf\u0131ndan yap\u0131lan de\u011ferlendirmeler sonucunda \u201cK\u00fclt\u00fcr ve Sanatta Ya\u015fam Boyu Ba\u015far\u0131 \u00d6d\u00fcl\u00fc\u201d Tiyatro ve dizi oyuncusu Melek Baykal\u2019a, \u201cK\u00fclt\u00fcr ve Sanatta Ya\u015fam Boyu Onur \u00d6d\u00fcl\u00fc\u201d ise Tiyatro ve sinema oyuncusu Levent Tamer\u2019e verildi. K\u00fclt\u00fcrpark Kemal Sunal Amfi Tiyatro\u2019da ger\u00e7ekle\u015fen \u00f6d\u00fcl t\u00f6reninde Baykal ve Tamer\u2019in \u00f6d\u00fcllerini B\u00fcy\u00fck\u00e7ekmece Belediye Ba\u015fkan\u0131 ve Festival Komitesi Ba\u015fkan\u0131 Dr. Hasan Akg\u00fcn takdim etti.<br \/>\n<\/span><br \/>\n<strong><span style=\"font-family: arial, helvetica, sans-serif; font-size: 14px;\">\u201cEn ba\u015fta da b\u00fcy\u00fck Atat\u00fcrk\u2019e te\u015fekk\u00fcr ediyorum\u201d<\/span><\/strong><br \/>\n<span style=\"font-family: arial, helvetica, sans-serif; font-size: 14px;\">Melek Baykal, Tamer Levent ile ayn\u0131 sahnede \u00f6d\u00fcl almaktan dolay\u0131 \u00e7ok mutlu oldu\u011funu belirterek \u015f\u00f6yle konu\u015ftu: \u201cBen en ba\u015fta \u015furada olma sebebim olan B\u00fcy\u00fck\u00e7ekmece halk\u0131na \u00e7ok te\u015fekk\u00fcr ediyorum. Var olun. Ve tabi ki \u00e7ok de\u011ferli ba\u015fkan\u0131m\u0131z Hasan Akg\u00fcn beyefendiye ve de\u011ferli ekibine \u00e7ok \u00e7ok te\u015fekk\u00fcr ediyorum. Bizleri onurland\u0131rd\u0131n\u0131z, var olun. Ve en ba\u015fta da b\u00fcy\u00fck Atat\u00fcrk\u2019e te\u015fekk\u00fcr ediyorum. Sanat\u00e7\u0131 olma sebebimiz ve \u015fu sahnelerde var olma sebebimiz oldu\u011fu i\u00e7in te\u015fekk\u00fcr ediyorum.\u201d<\/span><\/p>\n<p><strong><span style=\"font-family: arial, helvetica, sans-serif; font-size: 14px;\">\u201cT\u00fcrkiye\u2019nin \u00f6zledi\u011fi festivallerden bence en ba\u015fta gelenlerden biri\u201d<\/span><\/strong><br \/>\n<span style=\"font-family: arial, helvetica, sans-serif; font-size: 14px;\">Levent Tamer, 24 y\u0131l s\u00fcren bu festivalin bu gecesinde \u00f6d\u00fcl al\u0131yor olmaktan \u00f6t\u00fcr\u00fc \u00e7ok mutlu oldu\u011funu ifade ederek; \u201c\u00c7\u00fcnk\u00fc bu \u00f6d\u00fcl bizim de yapt\u0131\u011f\u0131m\u0131z \u00e7al\u0131\u015fmalar\u0131n sizler taraf\u0131ndan takdir edildi\u011fini ve hep birlikte oldu\u011fumuzu g\u00f6rmenin, birlikte bu \u00f6d\u00fcl\u00fc payla\u015fman\u0131n duygusuyla bize moral veriyor, sevin\u00e7 veriyor ve daha fazla bir \u015feyler yapma umudu veriyor. Bu nedenle ben bu \u00f6d\u00fcl\u00fcn t\u00fcm B\u00fcy\u00fck\u00e7ekmeceliler taraf\u0131ndan verildi\u011fini d\u00fc\u015f\u00fcn\u00fcyorum. Ama B\u00fcy\u00fck\u00e7ekmece\u2019de zaten bu festivalle kendisini \u00f6d\u00fcllendirmi\u015f oluyor. Ben bu nedenle sevgili ba\u015fkan\u0131m\u0131 ve bu festivali d\u00fczenleyen t\u00fcm arkada\u015flar\u0131m\u0131 tebrik ediyorum. \u00c7\u00fcnk\u00fc m\u00fckemmel bir organizasyon. Hakikaten bizim istedi\u011fimiz \u00e7a\u011fda\u015f uygarl\u0131klar d\u00fczeyine \u00e7\u0131kacak ve hatta onlar\u0131 ge\u00e7mesi hayali kurulan T\u00fcrkiye\u2019nin \u00f6zledi\u011fi festivallerden bence en ba\u015fta gelenlerden biri olmu\u015f\u201d diye konu\u015ftu.<\/span><\/p>\n","protected":false},"excerpt":{"rendered":"<p>B\u00fcy\u00fck\u00e7ekmece&#8217;de ger\u00e7ekle\u015ftirilen 24. Uluslararas\u0131 \u0130stanbul B\u00fcy\u00fck\u00e7ekmece K\u00fclt\u00fcr ve Sanat Festivali\u2019nde bu y\u0131l \u201cK\u00fclt\u00fcr ve Sanatta Ya\u015fam Boyu Ba\u015far\u0131 \u00d6d\u00fcl\u00fc\u201d Melek<\/p>\n","protected":false},"author":3,"featured_media":13343,"comment_status":"open","ping_status":"open","sticky":false,"template":"","format":"standard","meta":{"colormag_page_container_layout":"default_layout","colormag_page_sidebar_layout":"default_layout","footnotes":""},"categories":[1,5,6,8],"tags":[],"class_list":["post-13341","post","type-post","status-publish","format-standard","has-post-thumbnail","hentry","category-genel","category-gundem","category-kultur-sanat","category-siyaset"],"_links":{"self":[{"href":"https:\/\/marmarayerelhizmet.com\/index.php\/wp-json\/wp\/v2\/posts\/13341","targetHints":{"allow":["GET"]}}],"collection":[{"href":"https:\/\/marmarayerelhizmet.com\/index.php\/wp-json\/wp\/v2\/posts"}],"about":[{"href":"https:\/\/marmarayerelhizmet.com\/index.php\/wp-json\/wp\/v2\/types\/post"}],"author":[{"embeddable":true,"href":"https:\/\/marmarayerelhizmet.com\/index.php\/wp-json\/wp\/v2\/users\/3"}],"replies":[{"embeddable":true,"href":"https:\/\/marmarayerelhizmet.com\/index.php\/wp-json\/wp\/v2\/comments?post=13341"}],"version-history":[{"count":0,"href":"https:\/\/marmarayerelhizmet.com\/index.php\/wp-json\/wp\/v2\/posts\/13341\/revisions"}],"wp:featuredmedia":[{"embeddable":true,"href":"https:\/\/marmarayerelhizmet.com\/index.php\/wp-json\/wp\/v2\/media\/13343"}],"wp:attachment":[{"href":"https:\/\/marmarayerelhizmet.com\/index.php\/wp-json\/wp\/v2\/media?parent=13341"}],"wp:term":[{"taxonomy":"category","embeddable":true,"href":"https:\/\/marmarayerelhizmet.com\/index.php\/wp-json\/wp\/v2\/categories?post=13341"},{"taxonomy":"post_tag","embeddable":true,"href":"https:\/\/marmarayerelhizmet.com\/index.php\/wp-json\/wp\/v2\/tags?post=13341"}],"curies":[{"name":"wp","href":"https:\/\/api.w.org\/{rel}","templated":true}]}}