{"id":13328,"date":"2023-08-04T23:00:09","date_gmt":"2023-08-04T20:00:09","guid":{"rendered":"https:\/\/marmarayerelhizmet.com\/?p=13328"},"modified":"2023-08-05T02:03:36","modified_gmt":"2023-08-04T23:03:36","slug":"5-arac-alev-alev-yandi","status":"publish","type":"post","link":"https:\/\/marmarayerelhizmet.com\/index.php\/2023\/08\/04\/5-arac-alev-alev-yandi\/","title":{"rendered":"5 Ara\u00e7 Alev Alev Yand\u0131"},"content":{"rendered":"<p><strong><span style=\"font-family: arial, helvetica, sans-serif; font-size: 14px;\">\u0130stanbul&#8217;da Veliefendi Hipodromu \u00f6n\u00fcnde yar\u0131\u015f at\u0131 ta\u015f\u0131yan 5 ara\u00e7ta hen\u00fcz bilinmeyen bir nedenle yang\u0131n \u00e7\u0131kt\u0131. Alev alan ara\u00e7lara itfaiye ekipleri m\u00fcdahale ederek s\u00f6nd\u00fcrd\u00fc.<\/span><\/strong><\/p>\n<p><span style=\"font-family: arial, helvetica, sans-serif; font-size: 14px;\">Yang\u0131n, Bak\u0131rk\u00f6y Veliefendi Hipodromu \u00fcn\u00fcnde bulunan yar\u0131\u015f at\u0131 ta\u015f\u0131yan 5 ara\u00e7ta hen\u00fcz bilinmeyen bir nedenle \u00e7\u0131kt\u0131. \u0130hbar \u00fczerine olay yerine polis, sa\u011fl\u0131k ve itfaiye ekipleri sevk edildi. Polis ekipleri \u00e7evrede geni\u015f g\u00fcvenlik \u00f6nlemi al\u0131rken itfaiye ekipleri yang\u0131na m\u00fcdahale etti. Ara\u00e7lar\u0131n i\u00e7inin bo\u015f oldu\u011fu \u00f6\u011frenilirken alevli suretle yanan ara\u00e7lar itfaiye ekipleri taraf\u0131ndan kontrol alt\u0131na al\u0131narak s\u00f6nd\u00fcr\u00fcld\u00fc. Konuya ili\u015fkin ekipler \u00e7al\u0131\u015fma ba\u015flat\u0131rken yang\u0131n\u0131n \u00e7\u0131k\u0131\u015f nedeni yap\u0131lan incelemelerin ard\u0131ndan belirlenecek.<\/span><br \/>\n<span style=\"font-family: arial, helvetica, sans-serif; font-size: 14px;\">\u201cKundaklama var\u201d<\/span><br \/>\n<span style=\"font-family: arial, helvetica, sans-serif; font-size: 14px;\">Olay\u0131 g\u00f6ren Metin Elmas, \u201cBu tarafa geldi\u011fimde k\u00fc\u00e7\u00fck bir alev vard\u0131. Sa\u011f \u00e7ektim motoru, daha sonra itfaiye ekiplerini arad\u0131m. 7-8 dakika geldi itfaiye ekipleri, 5-6 araca s\u0131\u00e7rad\u0131. Kundaklama var, arkada\u015flar burada. G\u00fcne\u015f olsa yans\u0131ma yapsa tamam diyece\u011fim. Alevler k\u00fc\u00e7\u00fcc\u00fckt\u00fc, bir yerdeydi yani.\u201d dedi.<\/span><\/p>\n","protected":false},"excerpt":{"rendered":"<p>\u0130stanbul&#8217;da Veliefendi Hipodromu \u00f6n\u00fcnde yar\u0131\u015f at\u0131 ta\u015f\u0131yan 5 ara\u00e7ta hen\u00fcz bilinmeyen bir nedenle yang\u0131n \u00e7\u0131kt\u0131. Alev alan ara\u00e7lara itfaiye ekipleri<\/p>\n","protected":false},"author":3,"featured_media":13331,"comment_status":"open","ping_status":"open","sticky":false,"template":"","format":"standard","meta":{"colormag_page_container_layout":"default_layout","colormag_page_sidebar_layout":"default_layout","footnotes":""},"categories":[1,5],"tags":[],"class_list":["post-13328","post","type-post","status-publish","format-standard","has-post-thumbnail","hentry","category-genel","category-gundem"],"_links":{"self":[{"href":"https:\/\/marmarayerelhizmet.com\/index.php\/wp-json\/wp\/v2\/posts\/13328","targetHints":{"allow":["GET"]}}],"collection":[{"href":"https:\/\/marmarayerelhizmet.com\/index.php\/wp-json\/wp\/v2\/posts"}],"about":[{"href":"https:\/\/marmarayerelhizmet.com\/index.php\/wp-json\/wp\/v2\/types\/post"}],"author":[{"embeddable":true,"href":"https:\/\/marmarayerelhizmet.com\/index.php\/wp-json\/wp\/v2\/users\/3"}],"replies":[{"embeddable":true,"href":"https:\/\/marmarayerelhizmet.com\/index.php\/wp-json\/wp\/v2\/comments?post=13328"}],"version-history":[{"count":0,"href":"https:\/\/marmarayerelhizmet.com\/index.php\/wp-json\/wp\/v2\/posts\/13328\/revisions"}],"wp:featuredmedia":[{"embeddable":true,"href":"https:\/\/marmarayerelhizmet.com\/index.php\/wp-json\/wp\/v2\/media\/13331"}],"wp:attachment":[{"href":"https:\/\/marmarayerelhizmet.com\/index.php\/wp-json\/wp\/v2\/media?parent=13328"}],"wp:term":[{"taxonomy":"category","embeddable":true,"href":"https:\/\/marmarayerelhizmet.com\/index.php\/wp-json\/wp\/v2\/categories?post=13328"},{"taxonomy":"post_tag","embeddable":true,"href":"https:\/\/marmarayerelhizmet.com\/index.php\/wp-json\/wp\/v2\/tags?post=13328"}],"curies":[{"name":"wp","href":"https:\/\/api.w.org\/{rel}","templated":true}]}}