{"id":13319,"date":"2023-08-04T15:46:29","date_gmt":"2023-08-04T12:46:29","guid":{"rendered":"https:\/\/marmarayerelhizmet.com\/?p=13319"},"modified":"2023-08-04T15:46:29","modified_gmt":"2023-08-04T12:46:29","slug":"yuzme-havuzunun-temeli-atildi","status":"publish","type":"post","link":"https:\/\/marmarayerelhizmet.com\/index.php\/2023\/08\/04\/yuzme-havuzunun-temeli-atildi\/","title":{"rendered":"Y\u00fczme Havuzunun Temeli At\u0131ld\u0131"},"content":{"rendered":"<p><strong><span style=\"font-family: arial, helvetica, sans-serif; font-size: 14px;\">Ey\u00fcpsultan Belediyesi taraf\u0131ndan &#8220;Y\u00fczme Bilmeyen Kalmas\u0131n&#8221; slogan\u0131yla ba\u015flan\u0131lan proje \u00e7er\u00e7evesinde Kemerburgaz Kapal\u0131 Y\u00fczme Havuzu&#8217;nun temeli d\u00fczenlenen t\u00f6renle at\u0131ld\u0131. T\u00f6rene, Gen\u00e7lik ve Spor Bakan\u0131 Osman A\u015fk\u0131n Bak da kat\u0131ld\u0131.<br \/>\n<\/span><\/strong><br \/>\n<span style=\"font-family: arial, helvetica, sans-serif; font-size: 14px;\">Ey\u00fcpsultan Belediye Ba\u015fkan\u0131 Deniz K\u00f6ken&#8217;in se\u00e7im vaatleri aras\u0131nda yer alan projeler birbiri ard\u0131na il\u00e7e sakinlerinin hizmetine sunuluyor. Bu kapsamda Ey\u00fcpsultan Belediyesi&#8217;nin &#8216;Y\u00fczme Bilmeyen Kalmas\u0131n&#8217; diyerek \u00e7\u0131kt\u0131\u011f\u0131 yolda, Ak\u015femsettin ve Top\u00e7ular y\u00fczme havuzlar\u0131n\u0131n a\u00e7\u0131lmas\u0131n\u0131n ard\u0131ndan 3. y\u00fczme havuzunun temeli Kemerburgaz&#8217;da d\u00fczenlenen t\u00f6renle at\u0131ld\u0131. T\u00f6rene Gen\u00e7lik ve Spor Bakan\u0131 Dr. Osman A\u015fk\u0131n Bak, AK Parti \u0130stanbul \u0130l Ba\u015fkan\u0131 Osman Nuri Kabaktepe, Ey\u00fcpsultan Kaymakam\u0131&#8217;na vekaleten Ka\u011f\u0131thane Kaymakam\u0131 Tahir \u015eahin, Ey\u00fcpsultan Belediye Ba\u015fkan\u0131 Deniz K\u00f6ken, Ey\u00fcpsultanl\u0131 vatanda\u015flar ve \u00e7ocuklar kat\u0131ld\u0131. Ba\u015fkan K\u00f6ken, t\u00f6rene kat\u0131lan Gen\u00e7lik ve Spor Bakan\u0131 Dr. Osman A\u015fk\u0131n Bak&#8217;a hediye verdi. T\u00f6renin heyecan\u0131n\u0131 payla\u015fan vatanda\u015flara ve \u00e7ocuklara da limonata ikram edilirken, renkli g\u00f6r\u00fcnt\u00fcler meydana geldi.<\/span><\/p>\n<p><strong><span style=\"font-family: arial, helvetica, sans-serif; font-size: 14px;\">&#8220;Y\u00fczmeyi \u00f6\u011frenmek onlar\u0131 kar\u015f\u0131la\u015faca\u011f\u0131 bo\u011fulma gibi tehlikelere ve sorunlara kar\u015f\u0131 haz\u0131rl\u0131yor&#8221;<\/span><\/strong><br \/>\n<span style=\"font-family: arial, helvetica, sans-serif; font-size: 14px;\">T\u00f6rende bir konu\u015fma yapan Gen\u00e7lik ve Spor Bakan\u0131 Osman A\u015fk\u0131n Bak y\u00fczme havuzu projelerinin \u00e7ocuklar\u0131 tehlikelerden korudu\u011funu belirterek, &#8220;Bu proje sayesinde yakla\u015f\u0131k 6 milyon 750 bin \u00e7ocu\u011fumuza y\u00fczme \u00f6\u011frettik. Bu y\u0131lki hedefimiz de 3 milyon daha ilave etmek. Pek \u00e7ok ilde belediyelerimizle beraber y\u00fczme havuzlar\u0131 in\u015fa ediyoruz. Ayr\u0131ca bakanl\u0131k olarak da in\u015fa ediyoruz. B\u00fct\u00fcn bunlar\u0131n sebebi ve hedefi, bu g\u00fczel \u00fclkenin g\u00fczel gen\u00e7lerine ve \u00e7ocuklar\u0131na hem y\u00fczmeyi \u00f6\u011fretmek, hem spor \u00f6\u011fretmek, hem de sporu bir ya\u015fam tarz\u0131 halinde onlar\u0131n hayat\u0131na yerle\u015ftirmek. Bu taraflarda \u00c7iftalan Plaj\u0131 var. Eski \u0130stanbullular y\u00fczmeye giderdi, ben de gittim. Biz oralarda y\u00fczmeyi kendi \u00e7abam\u0131zla \u00f6\u011freniyorduk ama burada havuzlara geliyor, profesyonel \u00f6\u011fretmenler ve antren\u00f6rler e\u015fli\u011finde y\u00fczmeyi \u00f6\u011freniyorlar. Y\u00fczmeyi \u00f6\u011frenmek onlar\u0131n kar\u015f\u0131la\u015faca\u011f\u0131 bo\u011fulma gibi tehlikelere ve sorunlara kar\u015f\u0131 haz\u0131rl\u0131yor. Sporla hayat\u0131 \u00f6\u011frenmelerine sebep oluyor. \u0130stanbul&#8217;da sporda at\u0131l\u0131m yap\u0131lmas\u0131nda Say\u0131n Cumhurba\u015fkan\u0131m\u0131z\u0131n \u00e7ok b\u00fcy\u00fck \u00f6nderli\u011fi var. Son 21 y\u0131lda T\u00fcrkiye&#8217;nin d\u00f6rt bir yan\u0131na binlerce tesis, spor salonu, y\u00fczme havuzu, atletizm tesisi ba\u015fta olmak \u00fczere her b\u00f6lgede devasa tesisler kurduk. T\u00fcrkiye&#8217;nin her bir yan\u0131nda gen\u00e7lerimize ve \u00e7ocuklar\u0131m\u0131za hizmet edecek tesisler yap\u0131ld\u0131 ve yap\u0131lmaya devam ediliyor. Bug\u00fcn de bir tesisimizin daha temelini ataca\u011f\u0131z ve 6 ay i\u00e7inde bitirece\u011fiz. Ey\u00fcpsultan&#8217;\u0131n \u00e7ocuklar\u0131na ve gen\u00e7lerine hediye edece\u011fiz. T\u00fcrkiye&#8217;nin her yan\u0131nda yakla\u015f\u0131k 4 &#8211; 5 milyon \u00e7ocu\u011fa hizmet ediyoruz. Bunlar\u0131 yaparken de yerel y\u00f6netimlerle i\u015f birli\u011fi i\u00e7inde yap\u0131yoruz. Bu tesisler sayesinde yeti\u015fmi\u015f sporcular\u0131m\u0131z\u0131n, uluslararas\u0131 ba\u015far\u0131lar\u0131n\u0131 g\u00f6r\u00fcyoruz. Uluslararas\u0131 Avrupa oyunlar\u0131nda \u015fu ana kadar 2023 y\u0131l\u0131nda 3 bin 167 madalya kazan\u0131ld\u0131 ve bu artarak devam ediyor. Bunlar\u0131 bu spor tesislerinde, spor yapan gen\u00e7lerimiz yap\u0131yor. Gen\u00e7lik ve Spor Bakanl\u0131\u011f\u0131 olarak ayr\u0131ca deprem b\u00f6lgemizde olu\u015fturdu\u011fumuz konteyner kentlerin etraf\u0131nda orada bulunan \u00e7ocuklar\u0131m\u0131za seyyar y\u00fczme havuzlar\u0131 sayesinde y\u00fczme \u00f6\u011fretiyoruz. Seyyar saha olu\u015fturarak onlara spor yapt\u0131r\u0131yoruz. Depremin travmalar\u0131n\u0131n gitmesi i\u00e7in \u00e7al\u0131\u015f\u0131yoruz. Ey\u00fcp&#8217;e ve \u0130stanbul&#8217;a hay\u0131rl\u0131 olsun&#8221; ifadelerini kulland\u0131.<\/span><\/p>\n<p><strong><span style=\"font-family: arial, helvetica, sans-serif; font-size: 14px;\">&#8220;Y\u00fczme bilmeyen \u00e7ocuk kalmas\u0131n dedik&#8221;<\/span><\/strong><br \/>\n<span style=\"font-family: arial, helvetica, sans-serif; font-size: 14px;\">Ey\u00fcpsultan&#8217;da &#8220;Y\u00fczme bilmeyen \u00e7ocuk kalmas\u0131n&#8221; diye \u00e7\u0131kt\u0131klar\u0131 yolu anlatan Ey\u00fcpsultan Belediye Ba\u015fkan\u0131 Deniz K\u00f6ken ise, &#8220;2017 y\u0131l\u0131nda il m\u00fcd\u00fcrl\u00fc\u011f\u00fcnde konu\u015fulmu\u015f bu proje. \u015eimdi hayata ge\u00e7irdik ve g\u00fczel bir eseri tekrar Ey\u00fcpsultan&#8217;la bulu\u015fturuyoruz. Niye \u00e7\u0131kt\u0131k bu yola? Y\u00fczme bilmeyen \u00e7ocuk kalmas\u0131n dedik. Havuz meselesinde ba\u015flang\u0131c\u0131m\u0131z buydu. Art\u0131k yaz aylar\u0131nda T\u00fcrkiye&#8217;de \u00e7ocuklar g\u00f6lette, barajda, denizde bo\u011fuldu haberleri olmas\u0131n. Biz b\u00fcy\u00fck bir \u00fclkeyiz. B\u00f6yle g\u00f6letlerde, barajlarda \u00e7ocuk bo\u011fuldu haberleriyle mi an\u0131laca\u011f\u0131z? \u0130lkokul 4 ve ortaokul seviyesinde y\u00fczme i\u015fini \u00e7\u00f6zelim diye yola \u00e7\u0131kt\u0131k. \u0130l\u00e7e belediyesi olarak bizde hi\u00e7 yoktu. \u015eimdi in\u015fallah 3 tane oldu. Bir tane daha ilave etti\u011fimizde 4 olacak. \u0130n\u015fallah m\u00fckemmel bir spor tesisi yapm\u0131\u015f olaca\u011f\u0131z. B\u00fct\u00fcn bunlar\u0131n hepsi bizden sonra da kullan\u0131lacak. Hepsi bizim d\u00f6nemimizde de\u011fil bizden sonra kullan\u0131lacak eserler. \u0130yi \u015feyler b\u0131rak\u0131rsak iyi \u015feyler, k\u00f6t\u00fc \u015feyler b\u0131rak\u0131rsak k\u00f6t\u00fc \u015feyler kal\u0131r. Biz y\u0131llarca Cumhurba\u015fkan\u0131m\u0131zla beraber bu \u00fclkeye iyi \u015feyler b\u0131rakmaya gayret ettik ve ediyoruz. Yine bu eserlerle g\u00fczel \u015feyleri \u00f6n\u00fcm\u00fczdeki d\u00f6nemlere de ta\u015f\u0131yaca\u011f\u0131z. \u015eimdi y\u00fczme havuzunu kazand\u0131r\u0131yoruz. G\u00f6kt\u00fcrk metro dura\u011f\u0131nda binecekler, Kemer&#8217;de inecekler ve y\u00fczecekler sonra G\u00f6kt\u00fcrk&#8217;e geri d\u00f6necekler. G\u00f6kt\u00fcrk&#8217;e de hitap etmi\u015f oluyor buras\u0131. \u0130ki mahallemizde yakla\u015f\u0131k 60 &#8211; 65 bin n\u00fcfusa denk gelmi\u015f bir yap\u0131. \u0130leride imkan\u0131m\u0131z oldu\u011funda spor salonunu da G\u00f6kt\u00fcrk b\u00f6lgesinde bir alan\u0131m\u0131z var \u00e7\u00f6zersek oraya yapaca\u011f\u0131z. Bunlar ne? Gelece\u011fe yat\u0131r\u0131m. Kime yat\u0131r\u0131m? Sizlere yat\u0131r\u0131m. Hay\u0131rl\u0131 u\u011furlu olsun&#8221; diye konu\u015ftu.<\/span><\/p>\n<p><strong><span style=\"font-family: arial, helvetica, sans-serif; font-size: 14px;\">&#8220;Spora gen\u00e7lerin eri\u015fimi noktas\u0131ndaki 20 y\u0131ld\u0131r g\u00f6sterdi\u011finiz \u00e7aba devam ediyor&#8221;<\/span><\/strong><br \/>\n<span style=\"font-family: arial, helvetica, sans-serif; font-size: 14px;\">Temel atma t\u00f6reninde konu\u015fan AK Parti \u0130stanbul \u0130l Ba\u015fkan\u0131 Osman Nuri Kabaktepe ise, &#8220;G\u00fczel bir temel atmay\u0131 ger\u00e7ekle\u015ftirece\u011fiz. Spora gen\u00e7lerin eri\u015fimi noktas\u0131ndaki 20 y\u0131ld\u0131r g\u00f6sterdi\u011fimiz \u00e7aba devam ediyor. Biraz \u00f6nce de ba\u015fkan\u0131m\u0131z\u0131n ifade etti\u011fi gibi Ey\u00fcp&#8217;te bu 3. havuzumuz. \u0130n\u015fallah daha fazlas\u0131n\u0131 da yapmak eser ve hizmet siyaseti yerel y\u00f6netim anlay\u0131\u015f\u0131yla AK Partili belediyelerimiz taraf\u0131ndan ger\u00e7ekle\u015ftirilecek. Bug\u00fcnk\u00fc temel atma t\u00f6renimizin hay\u0131rlara vesile olmas\u0131n\u0131 Cenab-\u0131 Allah&#8217;tan niyaz ediyorum. \u00c7\u00fcnk\u00fc sporun yayg\u0131nla\u015fmas\u0131 sadece b\u00fcy\u00fck ve \u015fampiyon sporcular yeti\u015ftirmek i\u00e7in \u00f6nemli de\u011fil. Ayn\u0131 zamanda sa\u011fl\u0131kl\u0131 nesiller, kimlikler ve karakterli ku\u015faklar i\u00e7in \u00f6nemli. Bu spor salonundan, T\u00fcrkiye&#8217;ye madalyalar kazand\u0131racak Ey\u00fcp&#8217;e Kemerburgaz&#8217;a madalyalar getirecek gen\u00e7lerimizin \u00e7\u0131kmas\u0131n\u0131 temenni ediyorum. Hem de bu spor salonumuzun kimli\u011fi ve ki\u015fili\u011fi memleketimize, bayra\u011f\u0131na sevdal\u0131 yeti\u015fmesine hizmet etmesini temenni ediyorum. Hay\u0131rl\u0131 u\u011furlu olsun&#8221; dedi.<\/span><\/p>\n","protected":false},"excerpt":{"rendered":"<p>Ey\u00fcpsultan Belediyesi taraf\u0131ndan &#8220;Y\u00fczme Bilmeyen Kalmas\u0131n&#8221; slogan\u0131yla ba\u015flan\u0131lan proje \u00e7er\u00e7evesinde Kemerburgaz Kapal\u0131 Y\u00fczme Havuzu&#8217;nun temeli d\u00fczenlenen t\u00f6renle at\u0131ld\u0131. T\u00f6rene, Gen\u00e7lik<\/p>\n","protected":false},"author":3,"featured_media":13321,"comment_status":"open","ping_status":"open","sticky":false,"template":"","format":"standard","meta":{"colormag_page_container_layout":"default_layout","colormag_page_sidebar_layout":"default_layout","footnotes":""},"categories":[1,5,8,9],"tags":[],"class_list":["post-13319","post","type-post","status-publish","format-standard","has-post-thumbnail","hentry","category-genel","category-gundem","category-siyaset","category-spor"],"_links":{"self":[{"href":"https:\/\/marmarayerelhizmet.com\/index.php\/wp-json\/wp\/v2\/posts\/13319","targetHints":{"allow":["GET"]}}],"collection":[{"href":"https:\/\/marmarayerelhizmet.com\/index.php\/wp-json\/wp\/v2\/posts"}],"about":[{"href":"https:\/\/marmarayerelhizmet.com\/index.php\/wp-json\/wp\/v2\/types\/post"}],"author":[{"embeddable":true,"href":"https:\/\/marmarayerelhizmet.com\/index.php\/wp-json\/wp\/v2\/users\/3"}],"replies":[{"embeddable":true,"href":"https:\/\/marmarayerelhizmet.com\/index.php\/wp-json\/wp\/v2\/comments?post=13319"}],"version-history":[{"count":0,"href":"https:\/\/marmarayerelhizmet.com\/index.php\/wp-json\/wp\/v2\/posts\/13319\/revisions"}],"wp:featuredmedia":[{"embeddable":true,"href":"https:\/\/marmarayerelhizmet.com\/index.php\/wp-json\/wp\/v2\/media\/13321"}],"wp:attachment":[{"href":"https:\/\/marmarayerelhizmet.com\/index.php\/wp-json\/wp\/v2\/media?parent=13319"}],"wp:term":[{"taxonomy":"category","embeddable":true,"href":"https:\/\/marmarayerelhizmet.com\/index.php\/wp-json\/wp\/v2\/categories?post=13319"},{"taxonomy":"post_tag","embeddable":true,"href":"https:\/\/marmarayerelhizmet.com\/index.php\/wp-json\/wp\/v2\/tags?post=13319"}],"curies":[{"name":"wp","href":"https:\/\/api.w.org\/{rel}","templated":true}]}}