{"id":13315,"date":"2023-08-04T12:09:55","date_gmt":"2023-08-04T09:09:55","guid":{"rendered":"https:\/\/marmarayerelhizmet.com\/?p=13315"},"modified":"2023-08-04T12:09:55","modified_gmt":"2023-08-04T09:09:55","slug":"seyir-halindeki-tir-alev-aldi","status":"publish","type":"post","link":"https:\/\/marmarayerelhizmet.com\/index.php\/2023\/08\/04\/seyir-halindeki-tir-alev-aldi\/","title":{"rendered":"Seyir Halindeki T\u0131r Alev Ald\u0131"},"content":{"rendered":"<p><strong><span style=\"font-family: arial, helvetica, sans-serif; font-size: 14px;\">Bal\u0131kesir&#8217;in De\u011firmenbo\u011faz\u0131 mevkiinde seyir halindeki t\u0131r hen\u00fcz bilinmeyen nedenden dolay\u0131 alev ald\u0131.<br \/>\n<\/span><\/strong><br \/>\n<span style=\"font-family: arial, helvetica, sans-serif; font-size: 14px;\">Olay, Bal\u0131kesir-Bursa karayolunda meydana geldi. Feyzeddin Akay idaresindeki 63 ADY 343 plakal\u0131 t\u0131r, De\u011firmenbo\u011faz\u0131 mevkiinde hen\u00fcz belirlenemeyen bir sebepten dolay\u0131 bir anda alev ald\u0131. K\u0131sa s\u00fcre i\u00e7erisinde b\u00fcy\u00fcyen yang\u0131n, t\u0131r\u0131n r\u00f6mork k\u0131sm\u0131nda bulunan ka\u011f\u0131t balyalara s\u0131\u00e7rad\u0131. Yoldan ge\u00e7en s\u00fcr\u00fcc\u00fcler taraf\u0131ndan 112 Acil Servisine gelen \u00e7a\u011fr\u0131 sonras\u0131 olay yerine \u00e7ok say\u0131da itfaiye sevk edildi. \u0130tfaiye erlerinin zaman\u0131nda m\u00fcdahalesi ile yang\u0131n k\u0131sa s\u00fcrede s\u00f6nd\u00fcr\u00fcl\u00fcrken, t\u0131rda b\u00fcy\u00fck hasar olu\u015ftu. Bir s\u00fcre kapanan yol, t\u0131r\u0131n kald\u0131r\u0131lmas\u0131yla tekrar trafi\u011fe a\u00e7\u0131ld\u0131.<\/span><\/p>\n","protected":false},"excerpt":{"rendered":"<p>Bal\u0131kesir&#8217;in De\u011firmenbo\u011faz\u0131 mevkiinde seyir halindeki t\u0131r hen\u00fcz bilinmeyen nedenden dolay\u0131 alev ald\u0131. Olay, Bal\u0131kesir-Bursa karayolunda meydana geldi. Feyzeddin Akay idaresindeki<\/p>\n","protected":false},"author":3,"featured_media":13317,"comment_status":"open","ping_status":"open","sticky":false,"template":"","format":"standard","meta":{"colormag_page_container_layout":"default_layout","colormag_page_sidebar_layout":"default_layout","footnotes":""},"categories":[1,5],"tags":[],"class_list":["post-13315","post","type-post","status-publish","format-standard","has-post-thumbnail","hentry","category-genel","category-gundem"],"_links":{"self":[{"href":"https:\/\/marmarayerelhizmet.com\/index.php\/wp-json\/wp\/v2\/posts\/13315","targetHints":{"allow":["GET"]}}],"collection":[{"href":"https:\/\/marmarayerelhizmet.com\/index.php\/wp-json\/wp\/v2\/posts"}],"about":[{"href":"https:\/\/marmarayerelhizmet.com\/index.php\/wp-json\/wp\/v2\/types\/post"}],"author":[{"embeddable":true,"href":"https:\/\/marmarayerelhizmet.com\/index.php\/wp-json\/wp\/v2\/users\/3"}],"replies":[{"embeddable":true,"href":"https:\/\/marmarayerelhizmet.com\/index.php\/wp-json\/wp\/v2\/comments?post=13315"}],"version-history":[{"count":0,"href":"https:\/\/marmarayerelhizmet.com\/index.php\/wp-json\/wp\/v2\/posts\/13315\/revisions"}],"wp:featuredmedia":[{"embeddable":true,"href":"https:\/\/marmarayerelhizmet.com\/index.php\/wp-json\/wp\/v2\/media\/13317"}],"wp:attachment":[{"href":"https:\/\/marmarayerelhizmet.com\/index.php\/wp-json\/wp\/v2\/media?parent=13315"}],"wp:term":[{"taxonomy":"category","embeddable":true,"href":"https:\/\/marmarayerelhizmet.com\/index.php\/wp-json\/wp\/v2\/categories?post=13315"},{"taxonomy":"post_tag","embeddable":true,"href":"https:\/\/marmarayerelhizmet.com\/index.php\/wp-json\/wp\/v2\/tags?post=13315"}],"curies":[{"name":"wp","href":"https:\/\/api.w.org\/{rel}","templated":true}]}}