{"id":13288,"date":"2023-08-04T00:51:31","date_gmt":"2023-08-03T21:51:31","guid":{"rendered":"https:\/\/marmarayerelhizmet.com\/?p=13288"},"modified":"2023-08-04T00:52:27","modified_gmt":"2023-08-03T21:52:27","slug":"13288","status":"publish","type":"post","link":"https:\/\/marmarayerelhizmet.com\/index.php\/2023\/08\/04\/13288\/","title":{"rendered":"Bisiklet Turunun 3. Etab\u0131 Sona Erdi"},"content":{"rendered":"<p><strong><span style=\"font-family: arial, helvetica, sans-serif; font-size: 14px;\">T\u00fcrkiye Bisiklet Federasyonu\u2019nun Cumhuriyet\u2019in 100. Y\u0131l\u0131 onuruna; Uluslararas\u0131 Bisiklet Birli\u011fi (UCI) Avrupa Turlar\u0131 2023 takviminde Elit Erkekler 2.2 kategorisinde d\u00fczenledi\u011fi 100. Y\u0131l Cumhuriyet Bisiklet Turu\u2019nun \u00fc\u00e7\u00fcnc\u00fc etab\u0131 olan 135,4 km\u2019lik Havza-Samsun etab\u0131 sona erdi.<br \/>\n<\/span><\/strong><br \/>\n<span style=\"font-family: arial, helvetica, sans-serif; font-size: 14px;\">1 A\u011fustos\u2019ta Sivas\u2019tan ba\u015flayan 100. Y\u0131l Cumhuriyet Bisiklet Turu\u2019nun 3. etab\u0131, B\u00fcy\u00fck \u00d6nder Mustafa Kemal Atat\u00fcrk\u2019\u00fcn milli m\u00fccadele planlar\u0131yla ad\u0131m att\u0131\u011f\u0131 Havza ve Samsun\u2019un ev sahipli\u011finde k\u0131ran k\u0131rana m\u00fccadele sonras\u0131nda sona erdi.<\/span><br \/>\n<span style=\"font-family: arial, helvetica, sans-serif; font-size: 14px;\">Mustafa Kemal Atat\u00fcrk\u2019\u00fcn milli m\u00fccadelenin ilk me\u015falesini yakt\u0131\u011f\u0131 d\u00f6nemde kararg\u00e2h olarak kullan\u0131lan, o zamanki ad\u0131yla Mesudiye Oteli\u2019nin (Havza Atat\u00fcrk Evi) \u00f6n\u00fcnden Cumhuriyet rotas\u0131nda yola \u00e7\u0131kan bisiklet\u00e7iler, zaman\u0131n i\u00e7inde yolculuk yaparak \u00fc\u00e7 bu\u00e7uk saatin ard\u0131ndan ba\u011f\u0131ms\u0131zl\u0131\u011f\u0131m\u0131z\u0131n ilk dura\u011f\u0131 Samsun\u2019da fini\u015fe vard\u0131. 135,4 km pedal basan 100 bisiklet\u00e7i toplam 1.878 mt irtifa kazand\u0131.<\/span><br \/>\n<span style=\"font-family: arial, helvetica, sans-serif; font-size: 14px;\">Bu y\u0131l ilk kez d\u00fczenlenen yar\u0131\u015fta sar\u0131 mayonun sahibi olan Ahmet \u00d6rken, \u00fc\u00e7\u00fcnc\u00fc etapta da T\u00fcrk bayra\u011f\u0131n\u0131 yar\u0131\u015f boyunca dalgaland\u0131rd\u0131.<\/span><\/p>\n<p><strong><span style=\"font-family: arial, helvetica, sans-serif; font-size: 14px;\">Havza &#8211; Samsun Etab\u0131\u2019n\u0131n galibi Beykoz Belediyesi Spor Kul\u00fcb\u00fc\u2019nden Yaroslav Parashchak oldu<\/span><\/strong><br \/>\n<span style=\"font-family: arial, helvetica, sans-serif; font-size: 14px;\">Cumhuriyetin kurulu\u015funa giden yolda ge\u00e7mi\u015fin izinde b\u00fcy\u00fck m\u00fccadeleyle devam eden 100. Y\u0131l Cumhuriyet Bisiklet Turu\u2019nun \u00fc\u00e7\u00fcnc\u00fc etab\u0131 olan Havza-Samsun etab\u0131 nefes kesen fini\u015fin ard\u0131ndan sona erdi. Milli m\u00fccadelenin ilk karargahlar\u0131 aras\u0131nda yer alan Havza\u2019dan yola \u00e7\u0131kan bisiklet\u00e7iler, kavurucu s\u0131ca\u011fa kar\u015f\u0131 pedal \u00e7evirerek Mustafa Kemal Atat\u00fcrk\u2019\u00fcn tam ba\u011f\u0131ms\u0131z T\u00fcrkiye hedefiyle ilk ad\u0131m\u0131n\u0131 att\u0131\u011f\u0131 Samsun\u2019a vard\u0131. Etab\u0131n yoku\u015f primi b\u00f6l\u00fcm\u00fcnde ataklar olurken, ini\u015flerde heyecan\u0131n dozu artt\u0131. Samsun\u2019un benzersiz g\u00fczelli\u011finin ve tarihi dokusunun i\u00e7inden h\u0131zl\u0131 bir \u015fekilde Samsun\u2019a gelen bisiklet\u00e7iler etab\u0131 tamamlad\u0131. 7 ki\u015filik ka\u00e7\u0131\u015f grubu ise ise fini\u015fe birlikte ula\u015ft\u0131. \u00dc\u00e7\u00fcnc\u00fc etab\u0131n sonunda 3 saat 18 dakika ve 22 saniyeyle Beykoz Belediyesi Spor Kul\u00fcb\u00fc\u2019nden Yaroslav Parashchak fini\u015fe ilk varan isim oldu. Parashchak\u2019\u0131n ard\u0131ndan VINO SKO tak\u0131m\u0131yla m\u00fccadele eden Daniil Marukhin yar\u0131\u015f\u0131 ikinci tamamlarken, yine Beykoz Belediyesi Spor Kul\u00fcb\u00fc\u2019nden Maximilian Stedman \u00fc\u00e7\u00fcnc\u00fc s\u0131raya yerle\u015fti.<\/span><br \/>\n<span style=\"font-family: arial, helvetica, sans-serif; font-size: 14px;\">100. Y\u0131l Cumhuriyet Bisiklet Turu\u2019nun \u00fc\u00e7\u00fcnc\u00fc etab\u0131nda ise mayo ve bayrak de\u011fi\u015fimi oldu. Yar\u0131\u015f liderli\u011fini simgeleyen \u201cSar\u0131 Formayla\u201d d\u00f6rd\u00fcnc\u00fc etapta Maximilian Stedman m\u00fccadele edecek. Sar\u0131 Mayoyu Ahmet \u00d6rken\u2019den teslim alan Maximilian, T\u00fcrk bayra\u011f\u0131n\u0131 da ta\u015f\u0131yacak.<\/span><br \/>\n<span style=\"font-family: arial, helvetica, sans-serif; font-size: 14px;\">Yar\u0131\u015f\u0131n 4.Etab\u0131, 4 A\u011fustos\u2019ta 176,1 km mesafesiyle 100. Y\u0131l Cumhuriyet Bisiklet Turu\u2019nun en uzun ikinci etab\u0131 olan Samsun &#8211; \u00c7orum etab\u0131 olacak. Saat 09.00\u2019da Samsun\u2019da bulunan Mustafa Da\u011f\u0131stanl\u0131 Spor Salonu\u2019ndan pedal \u00e7evirmeye ba\u015flayacak bisiklet\u00e7iler, 176,1 km ve yakla\u015f\u0131k 3 saatin ard\u0131ndan \u00c7orum Valili\u011fi \u00f6n\u00fcnde fini\u015fe ula\u015facak.<\/span><\/p>\n<p><strong><span style=\"font-family: arial, helvetica, sans-serif; font-size: 14px;\">M\u00fcft\u00fco\u011flu: \u201cTam 100 y\u0131l sonra ayn\u0131 rotada ayn\u0131 ruhla s\u00fcr\u00fcyoruz\u201d<\/span><\/strong><br \/>\n<span style=\"font-family: arial, helvetica, sans-serif; font-size: 14px;\">T\u00fcrkiye Bisiklet Federasyonu Ba\u015fkan\u0131 Emin M\u00fcft\u00fco\u011flu, \u201cHalk\u0131m\u0131z\u0131n yo\u011fun co\u015fkusu ile devam eden 100. Y\u0131l Cumhuriyet Bisiklet Turumuz hepimizi adeta ge\u00e7mi\u015fe g\u00f6t\u00fcr\u00fcyor. Cumhuriyetimizin 100. Y\u0131l\u0131nda Mustafa Kemal Atat\u00fcrk ve silah arkada\u015flar\u0131n\u0131n vatan a\u015fk\u0131yla \u00e7izdi\u011fi tam ba\u011f\u0131ms\u0131zl\u0131k rotas\u0131nda ayn\u0131 ruhu ve heyecan\u0131 i\u00e7imizde hissediyoruz\u201d diye konu\u015ftu.<\/span><\/p>\n","protected":false},"excerpt":{"rendered":"<p>T\u00fcrkiye Bisiklet Federasyonu\u2019nun Cumhuriyet\u2019in 100. Y\u0131l\u0131 onuruna; Uluslararas\u0131 Bisiklet Birli\u011fi (UCI) Avrupa Turlar\u0131 2023 takviminde Elit Erkekler 2.2 kategorisinde d\u00fczenledi\u011fi<\/p>\n","protected":false},"author":3,"featured_media":13290,"comment_status":"open","ping_status":"open","sticky":false,"template":"","format":"standard","meta":{"colormag_page_container_layout":"default_layout","colormag_page_sidebar_layout":"default_layout","footnotes":""},"categories":[1,5,8,9],"tags":[],"class_list":["post-13288","post","type-post","status-publish","format-standard","has-post-thumbnail","hentry","category-genel","category-gundem","category-siyaset","category-spor"],"_links":{"self":[{"href":"https:\/\/marmarayerelhizmet.com\/index.php\/wp-json\/wp\/v2\/posts\/13288","targetHints":{"allow":["GET"]}}],"collection":[{"href":"https:\/\/marmarayerelhizmet.com\/index.php\/wp-json\/wp\/v2\/posts"}],"about":[{"href":"https:\/\/marmarayerelhizmet.com\/index.php\/wp-json\/wp\/v2\/types\/post"}],"author":[{"embeddable":true,"href":"https:\/\/marmarayerelhizmet.com\/index.php\/wp-json\/wp\/v2\/users\/3"}],"replies":[{"embeddable":true,"href":"https:\/\/marmarayerelhizmet.com\/index.php\/wp-json\/wp\/v2\/comments?post=13288"}],"version-history":[{"count":0,"href":"https:\/\/marmarayerelhizmet.com\/index.php\/wp-json\/wp\/v2\/posts\/13288\/revisions"}],"wp:featuredmedia":[{"embeddable":true,"href":"https:\/\/marmarayerelhizmet.com\/index.php\/wp-json\/wp\/v2\/media\/13290"}],"wp:attachment":[{"href":"https:\/\/marmarayerelhizmet.com\/index.php\/wp-json\/wp\/v2\/media?parent=13288"}],"wp:term":[{"taxonomy":"category","embeddable":true,"href":"https:\/\/marmarayerelhizmet.com\/index.php\/wp-json\/wp\/v2\/categories?post=13288"},{"taxonomy":"post_tag","embeddable":true,"href":"https:\/\/marmarayerelhizmet.com\/index.php\/wp-json\/wp\/v2\/tags?post=13288"}],"curies":[{"name":"wp","href":"https:\/\/api.w.org\/{rel}","templated":true}]}}