{"id":13284,"date":"2023-08-04T00:49:58","date_gmt":"2023-08-03T21:49:58","guid":{"rendered":"https:\/\/marmarayerelhizmet.com\/?p=13284"},"modified":"2023-08-04T00:49:58","modified_gmt":"2023-08-03T21:49:58","slug":"baskan-orkan-muhtarlarla-bulustu","status":"publish","type":"post","link":"https:\/\/marmarayerelhizmet.com\/index.php\/2023\/08\/04\/baskan-orkan-muhtarlarla-bulustu\/","title":{"rendered":"Ba\u015fkan Orkan Muhtarlarla Bulu\u015ftu"},"content":{"rendered":"<p><strong><span style=\"font-family: arial, helvetica, sans-serif; font-size: 14px;\">S\u0131k s\u0131k vatanda\u015flarla bir araya gelen ve isti\u015farelerde bulunan Karesi Belediye Ba\u015fkan\u0131 Din\u00e7er Orkan, k\u0131rsal mahalle muhtarlar\u0131yla bulu\u015ftu. Karesi Kaymakam\u0131 Metin Arslanba\u015f\u2019\u0131n da bulundu\u011fu toplant\u0131da Karesi il\u00e7esi masaya yat\u0131r\u0131ld\u0131.<\/span><\/strong><\/p>\n<p><span style=\"font-family: arial, helvetica, sans-serif; font-size: 14px;\">Karesi Belediye Ba\u015fkan\u0131 Din\u00e7er Orkan toplumun \u00e7e\u015fitli kesimleriyle bulu\u015fmalar\u0131n\u0131 s\u00fcrd\u00fcr\u00fcyor. Ba\u015fkan Orkan, Karesi Kaymakam\u0131 Metin Arslanba\u015f\u2019\u0131n da kat\u0131l\u0131m\u0131yla mahalle muhtarlar\u0131yla bir araya geldi. Karesi Millet Bah\u00e7esi\u2019ndeki Logo Kafe\u2019de d\u00fczenlenen toplant\u0131da k\u0131rsal mahalle muhtarlar\u0131 Ba\u015fkan Orkan ile bulu\u015ftu. Toplant\u0131ya Kaymakam Arslanba\u015f\u2019\u0131n yan\u0131 s\u0131ra belediye ba\u015fkan yard\u0131mc\u0131lar\u0131 ve belediyede g\u00f6revli m\u00fcd\u00fcrlerde kat\u0131ld\u0131.<\/span><br \/>\n<span style=\"font-family: arial, helvetica, sans-serif; font-size: 14px;\">Toplant\u0131da muhtarlar\u0131n istek ve \u00f6nerilerini dinleyen Ba\u015fkan Orkan, fikir al\u0131\u015fveri\u015finde bulundu. Yerel ve ulusal konular\u0131n da g\u00f6r\u00fc\u015f\u00fcld\u00fc\u011f\u00fc toplant\u0131da Orkan, belediye \u00e7al\u0131\u015fmalar\u0131 hakk\u0131nda da muhtarlara bilgiler verdi. Muhtarlar\u0131n belediye ve mahalle sakinleri aras\u0131nda k\u00f6pr\u00fc g\u00f6revi g\u00f6rd\u00fc\u011f\u00fcn\u00fc ifade eden Orkan, davete kat\u0131lan muhtarlara te\u015fekk\u00fcr ederek \u201cKaymakam\u0131m\u0131z Metin Arslanba\u015f ile birlikte k\u0131rsal mahallelerimizin k\u0131ymetli muhtarlar\u0131yla bir araya geldik. Mahallelerimizin ihtiya\u00e7lar\u0131n\u0131 konu\u015ftu\u011fumuz, ihtiya\u00e7lar\u0131 ve talepleri dinledi\u011fimiz verimli bir toplant\u0131 ger\u00e7ekle\u015ftirdik. Bug\u00fcne kadar birlikte olduk\u00e7a faydal\u0131 \u00e7al\u0131\u015fmalara imza att\u0131\u011f\u0131m\u0131z Muhtarlar\u0131m\u0131za bu g\u00fczel toplant\u0131 i\u00e7in te\u015fekk\u00fcr ediyorum\u201d dedi.<\/span><\/p>\n","protected":false},"excerpt":{"rendered":"<p>S\u0131k s\u0131k vatanda\u015flarla bir araya gelen ve isti\u015farelerde bulunan Karesi Belediye Ba\u015fkan\u0131 Din\u00e7er Orkan, k\u0131rsal mahalle muhtarlar\u0131yla bulu\u015ftu. Karesi Kaymakam\u0131<\/p>\n","protected":false},"author":3,"featured_media":13286,"comment_status":"open","ping_status":"open","sticky":false,"template":"","format":"standard","meta":{"colormag_page_container_layout":"default_layout","colormag_page_sidebar_layout":"default_layout","footnotes":""},"categories":[1,5,8],"tags":[],"class_list":["post-13284","post","type-post","status-publish","format-standard","has-post-thumbnail","hentry","category-genel","category-gundem","category-siyaset"],"_links":{"self":[{"href":"https:\/\/marmarayerelhizmet.com\/index.php\/wp-json\/wp\/v2\/posts\/13284","targetHints":{"allow":["GET"]}}],"collection":[{"href":"https:\/\/marmarayerelhizmet.com\/index.php\/wp-json\/wp\/v2\/posts"}],"about":[{"href":"https:\/\/marmarayerelhizmet.com\/index.php\/wp-json\/wp\/v2\/types\/post"}],"author":[{"embeddable":true,"href":"https:\/\/marmarayerelhizmet.com\/index.php\/wp-json\/wp\/v2\/users\/3"}],"replies":[{"embeddable":true,"href":"https:\/\/marmarayerelhizmet.com\/index.php\/wp-json\/wp\/v2\/comments?post=13284"}],"version-history":[{"count":0,"href":"https:\/\/marmarayerelhizmet.com\/index.php\/wp-json\/wp\/v2\/posts\/13284\/revisions"}],"wp:featuredmedia":[{"embeddable":true,"href":"https:\/\/marmarayerelhizmet.com\/index.php\/wp-json\/wp\/v2\/media\/13286"}],"wp:attachment":[{"href":"https:\/\/marmarayerelhizmet.com\/index.php\/wp-json\/wp\/v2\/media?parent=13284"}],"wp:term":[{"taxonomy":"category","embeddable":true,"href":"https:\/\/marmarayerelhizmet.com\/index.php\/wp-json\/wp\/v2\/categories?post=13284"},{"taxonomy":"post_tag","embeddable":true,"href":"https:\/\/marmarayerelhizmet.com\/index.php\/wp-json\/wp\/v2\/tags?post=13284"}],"curies":[{"name":"wp","href":"https:\/\/api.w.org\/{rel}","templated":true}]}}