{"id":13280,"date":"2023-08-03T23:44:32","date_gmt":"2023-08-03T20:44:32","guid":{"rendered":"https:\/\/marmarayerelhizmet.com\/?p=13280"},"modified":"2023-08-04T00:45:56","modified_gmt":"2023-08-03T21:45:56","slug":"kf-tirana-0-besiktas-2","status":"publish","type":"post","link":"https:\/\/marmarayerelhizmet.com\/index.php\/2023\/08\/03\/kf-tirana-0-besiktas-2\/","title":{"rendered":"KF Tirana: 0 &#8211; Be\u015fikta\u015f: 2"},"content":{"rendered":"<p><strong><span style=\"font-family: arial, helvetica, sans-serif; font-size: 14px;\">UEFA Avrupa Konferans Ligi 2. Tur \u00d6n Eleme r\u00f6van\u015f ma\u00e7\u0131nda Be\u015fikta\u015f, deplasmanda Arnavutluk temsilcisi KF Tirana\u2019y\u0131 2-0 ma\u011flup ederek ad\u0131n\u0131 bir \u00fcst tura yazd\u0131rd\u0131. Siyah-beyazl\u0131lar 3. eleme turunda Neft\u00e7i Bak\u00fc ile kar\u015f\u0131la\u015facak.<\/span><\/strong><\/p>\n<p><strong><span style=\"font-family: arial, helvetica, sans-serif; font-size: 14px;\">Ma\u00e7tan dakikalar\u00a0<\/span><\/strong><br \/>\n<span style=\"font-family: arial, helvetica, sans-serif; font-size: 14px;\">8. dakikada ceza sahas\u0131 d\u0131\u015f\u0131 sol \u00e7aprazdan Gedson Fernandes\u2019in \u015futunda top yandan auta \u00e7\u0131kt\u0131.<\/span><br \/>\n<span style=\"font-family: arial, helvetica, sans-serif; font-size: 14px;\">10. dakikada Masuaku\u2019nun sol kanattan k\u00f6\u015fe at\u0131\u015f\u0131nda ceza sahas\u0131 i\u00e7inde Aboubakar\u2019\u0131n kafa vuru\u015funda kaleci Selmani topu rahat bir \u015fekilde kontrol etti.<\/span><br \/>\n<span style=\"font-family: arial, helvetica, sans-serif; font-size: 14px;\">38. dakikada ceza sahas\u0131 sa\u011f \u00e7aprazda topla bulu\u015fan Gedson Fernandes\u2019in \u015futunda savunmaya da \u00e7arpan top kornere \u00e7\u0131kt\u0131.<\/span><br \/>\n<span style=\"font-family: arial, helvetica, sans-serif; font-size: 14px;\">45+7. dakikada ceza sahas\u0131 d\u0131\u015f\u0131 sol \u00e7aprazdan Muleka\u2019n\u0131n pas\u0131nda ceza sahas\u0131 sa\u011f \u00e7aprazda topla bulu\u015fan Onur Bulut\u2019un geli\u015fine vuru\u015funda kaleci Lika me\u015fin yuvarla\u011f\u0131 g\u00fc\u00e7l\u00fckle \u00e7eldi.<\/span><br \/>\n<span style=\"font-family: arial, helvetica, sans-serif; font-size: 14px;\">54. dakikada sol kanattan Salih\u2019in ortas\u0131nda kale \u00f6n\u00fcnde Muleka\u2019n\u0131n \u015futu auta gitti.<\/span><br \/>\n<span style=\"font-family: arial, helvetica, sans-serif; font-size: 14px;\">57. dakikada sa\u011f kanattan Hadziahmetovic\u2019in kulland\u0131\u011f\u0131 k\u00f6\u015fe at\u0131\u015f\u0131nda \u00f6n direkte Salih\u2019in kafayla arkaya g\u00f6nderdi\u011fi topu Amartey kafayla a\u011flara g\u00f6nderdi. 0-1<\/span><br \/>\n<span style=\"font-family: arial, helvetica, sans-serif; font-size: 14px;\">63. dakikada ceza yay\u0131na yak\u0131n bir noktadan Onur Bulut\u2019un yerden \u015futunda top yandan d\u0131\u015far\u0131 gitti.<\/span><br \/>\n<span style=\"font-family: arial, helvetica, sans-serif; font-size: 14px;\">75. dakikada Tiranal\u0131 oyuncunun hatal\u0131 pas\u0131nda ceza sahas\u0131nda topla bulu\u015fan Aboubakar\u2019\u0131n geli\u015fine vuru\u015funda me\u015fin yuvarlak filelerle bulu\u015ftu. 0-2<\/span><\/p>\n<p><span style=\"font-family: arial, helvetica, sans-serif; font-size: 14px;\">Stat: Arena Kombetare<\/span><br \/>\n<span style=\"font-family: arial, helvetica, sans-serif; font-size: 14px;\">Hakemler: Stuart Attwell xx, Constantine Hatzidakis xx, Neil Davies xx<\/span><br \/>\n<span style=\"font-family: arial, helvetica, sans-serif; font-size: 14px;\">Tirana: Selmani x (Lika dk. 32 x), Haxhiu xx, Lulaj xx, Hoxhallari xx, Pergjoni xx, Najdovski xx, Deliu xx (Hila dk. 45+2 x), Jonuzi xx (Abazaj dk. 68 x), Lushkja xx (Qefalija dk. 68 x), Kaina xx, Hasani xx<\/span><br \/>\n<span style=\"font-family: arial, helvetica, sans-serif; font-size: 14px;\">Yedekler: Leon Kozi, Gledi Mici, Liridon Latifi, Dion Ahmetaj<\/span><br \/>\n<span style=\"font-family: arial, helvetica, sans-serif; font-size: 14px;\">Teknik Direkt\u00f6r: Orges Shehi<\/span><br \/>\n<span style=\"font-family: arial, helvetica, sans-serif; font-size: 14px;\">Be\u015fikta\u015f: Mert xx, Rosier xx, Necip xx (Amartey dk. 46 xxx), Colley xx, Masuaku xx, Hadziahmetovic xxx (Demir Ege T\u0131knaz dk. 88 ?), Salih xxx (Onana dk. 81 ?), Gedson Fernandes xx, Onur Bulut xx (Umut Mera\u015f dk. 82 ?), Muleka xx (Semih K\u0131l\u0131\u00e7soy dk. 81 ?), Aboubakar xxx<\/span><br \/>\n<span style=\"font-family: arial, helvetica, sans-serif; font-size: 14px;\">Yedekler: Ersin Destano\u011flu, Utku Yuvakuran, Montero, Kerem Atakan Kesgin, Demir Ege T\u0131knaz, Berkay Vardar, Kartal Y\u0131lmaz, O\u011fuzhan Akg\u00fcn<\/span><br \/>\n<span style=\"font-family: arial, helvetica, sans-serif; font-size: 14px;\">Teknik Direkt\u00f6r: \u015eenol G\u00fcne\u015f<\/span><br \/>\n<span style=\"font-family: arial, helvetica, sans-serif; font-size: 14px;\">Goller: Amartey (dk. 57), Aboubakar (dk. 75) (Be\u015fikta\u015f)<\/span><br \/>\n<span style=\"font-family: arial, helvetica, sans-serif; font-size: 14px;\">K\u0131rm\u0131z\u0131 kart: Masuaku (dk. 66) (Be\u015fikta\u015f)<\/span><br \/>\n<span style=\"font-family: arial, helvetica, sans-serif; font-size: 14px;\">Sar\u0131 kart: Hoxhallari (Tirana)<\/span><\/p>\n","protected":false},"excerpt":{"rendered":"<p>UEFA Avrupa Konferans Ligi 2. Tur \u00d6n Eleme r\u00f6van\u015f ma\u00e7\u0131nda Be\u015fikta\u015f, deplasmanda Arnavutluk temsilcisi KF Tirana\u2019y\u0131 2-0 ma\u011flup ederek ad\u0131n\u0131<\/p>\n","protected":false},"author":3,"featured_media":13282,"comment_status":"open","ping_status":"open","sticky":false,"template":"","format":"standard","meta":{"colormag_page_container_layout":"default_layout","colormag_page_sidebar_layout":"default_layout","footnotes":""},"categories":[1,5,9],"tags":[],"class_list":["post-13280","post","type-post","status-publish","format-standard","has-post-thumbnail","hentry","category-genel","category-gundem","category-spor"],"_links":{"self":[{"href":"https:\/\/marmarayerelhizmet.com\/index.php\/wp-json\/wp\/v2\/posts\/13280","targetHints":{"allow":["GET"]}}],"collection":[{"href":"https:\/\/marmarayerelhizmet.com\/index.php\/wp-json\/wp\/v2\/posts"}],"about":[{"href":"https:\/\/marmarayerelhizmet.com\/index.php\/wp-json\/wp\/v2\/types\/post"}],"author":[{"embeddable":true,"href":"https:\/\/marmarayerelhizmet.com\/index.php\/wp-json\/wp\/v2\/users\/3"}],"replies":[{"embeddable":true,"href":"https:\/\/marmarayerelhizmet.com\/index.php\/wp-json\/wp\/v2\/comments?post=13280"}],"version-history":[{"count":0,"href":"https:\/\/marmarayerelhizmet.com\/index.php\/wp-json\/wp\/v2\/posts\/13280\/revisions"}],"wp:featuredmedia":[{"embeddable":true,"href":"https:\/\/marmarayerelhizmet.com\/index.php\/wp-json\/wp\/v2\/media\/13282"}],"wp:attachment":[{"href":"https:\/\/marmarayerelhizmet.com\/index.php\/wp-json\/wp\/v2\/media?parent=13280"}],"wp:term":[{"taxonomy":"category","embeddable":true,"href":"https:\/\/marmarayerelhizmet.com\/index.php\/wp-json\/wp\/v2\/categories?post=13280"},{"taxonomy":"post_tag","embeddable":true,"href":"https:\/\/marmarayerelhizmet.com\/index.php\/wp-json\/wp\/v2\/tags?post=13280"}],"curies":[{"name":"wp","href":"https:\/\/api.w.org\/{rel}","templated":true}]}}