{"id":13268,"date":"2023-08-03T18:09:52","date_gmt":"2023-08-03T15:09:52","guid":{"rendered":"https:\/\/marmarayerelhizmet.com\/?p=13268"},"modified":"2023-08-03T18:09:52","modified_gmt":"2023-08-03T15:09:52","slug":"bigadicte-cocuklar-yuzme-ogreniyor","status":"publish","type":"post","link":"https:\/\/marmarayerelhizmet.com\/index.php\/2023\/08\/03\/bigadicte-cocuklar-yuzme-ogreniyor\/","title":{"rendered":"Bigadi\u00e7&#8217;te \u00c7ocuklar Y\u00fczme \u00d6\u011freniyor"},"content":{"rendered":"<p><strong><span style=\"font-family: arial, helvetica, sans-serif; font-size: 14px;\">Bigadi\u00e7 Belediye Ba\u015fkan\u0131 \u0130smail Avcu il\u00e7enin d\u00f6rt bir yan\u0131na in\u015fa etti\u011fi a\u00e7\u0131k ve kapal\u0131 olimpik y\u00fczme havuzlar\u0131 ile gen\u00e7lere y\u00fczme imkan\u0131 sunuyor. Bigadi\u00e7 Belediyesi\u2019nce Gen\u00e7lik ve K\u00fclt\u00fcr Merkezi Kapal\u0131 Yar\u0131 Olimpik Y\u00fczme Havuzu hizmete sunularak, \u00e7ocuklar ve gen\u00e7ler y\u00fczmenin ve spor yapman\u0131n keyfini ya\u015f\u0131yorlar.<br \/>\n<\/span><\/strong><br \/>\n<strong><span style=\"font-family: arial, helvetica, sans-serif; font-size: 14px;\">Avcu: &#8220;\u0130l\u00e7emizi havuzlarla donatt\u0131k&#8221;<\/span><\/strong><br \/>\n<span style=\"font-family: arial, helvetica, sans-serif; font-size: 14px;\">Gen\u00e7lik Merkezinde Bigadi\u00e7 Belediyesi taraf\u0131ndan yap\u0131lan olimpik y\u00fczme havuzunun a\u00e7\u0131l\u0131\u015f\u0131nda konu\u015fan Belediye Ba\u015fkan\u0131 \u0130smail Avcu, \u201cY\u00fczme bilmeyen kalmas\u0131n dedik ve bunu s\u00f6zde b\u0131rakmayarak \u00f6nce Hisark\u00f6y Termal Tesislerimizde a\u00e7\u0131k ve kapal\u0131 y\u00fczme havuzumu hizmete sunduk, ard\u0131ndan yar\u0131 olimpik a\u00e7\u0131k y\u00fczme havuzumuzu 1071 D\u00f6n\u00fcm Recep Tayyip Erdo\u011fan Millet Bah\u00e7esi\u2019nde halk\u0131m\u0131z\u0131n hizmete sunduk, \u015fimdi de Bigadi\u00e7 Belediyesi Gen\u00e7lik ve K\u00fclt\u00fcr Merkezi\u2019mizde Kapal\u0131 Yar\u0131 Olimpik Y\u00fczme Havuzumuzu \u00e7ocuklar\u0131m\u0131z\u0131n ve halk\u0131m\u0131z\u0131n hizmetine sunarak 7\u2019den 77\u2019ye \u2018Y\u00fczme Bilmeyen Kalmas\u0131n\u2019 projelerini geni\u015flettik. Y\u00fczme havuzlar\u0131m\u0131z gen\u00e7lerin \u00fccretsiz ve hijyenik \u015fartlarda uzman e\u011fitmenler e\u015fli\u011finde y\u00fczme dersi almas\u0131na imkan sa\u011fl\u0131yor. Gen\u00e7lerimizin sosyal hayata kat\u0131lmalar\u0131na imkan sa\u011flamak, il\u00e7edeki spor dallar\u0131n\u0131n geni\u015f kitlelere yay\u0131lmas\u0131, \u00e7ocuk ve gen\u00e7lere sporu sevdirerek sporla tan\u0131\u015fmalar\u0131n\u0131 sa\u011flamak, T\u00fcrk sporu ve gen\u00e7lerimiz i\u00e7in var g\u00fcc\u00fcm\u00fczle \u00e7al\u0131\u015fmaya devam ediyoruz\u2019\u2019 dedi.<\/span><br \/>\n<span style=\"font-family: arial, helvetica, sans-serif; font-size: 14px;\">Y\u00fczme antren\u00f6rleri ve cankurtaran e\u015fli\u011finde havuza girerek y\u00fcz\u00fcp e\u011flenerek havuzun keyfini \u00e7\u0131kard\u0131\u011f\u0131 Bigadi\u00e7 Belediyesi Gen\u00e7lik ve K\u00fclt\u00fcr Merkezi Kapal\u0131 Yar\u0131 Olimpik Y\u00fczme Havuzunun hizmete sunulmas\u0131na \u0130l\u00e7e Kaymakam\u0131 Mehmet Halis Ayd\u0131n, Belediye Ba\u015fkan\u0131 \u0130smail Avcu, \u0130l\u00e7e Jandarma Komutan\u0131 Te\u011fmen Ali Aky\u00fcz, \u0130l\u00e7e Emniyet M\u00fcd\u00fcr\u00fc Faik Karaba\u015f, \u0130l\u00e7e Milli E\u011fitim M\u00fcd\u00fcr\u00fc Ahmet Bekd\u00fcz, \u0130l\u00e7e Gen\u00e7lik ve Spor M\u00fcd\u00fcr\u00fc Bayram \u015een Yavuz, \u0130l\u00e7e Tar\u0131m ve Orman M\u00fcd\u00fcr\u00fc Tezcan Ko\u00e7, Belediye Ba\u015fkan Yard\u0131mc\u0131lar\u0131 S\u00fcleyman Saran, \u0130smail Akg\u00fcn, Tuncay Y\u0131ld\u0131z, AK Parti \u0130l\u00e7e Ba\u015fkan\u0131 Ne\u015fet Akb\u0131y\u0131k, MHP \u0130l\u00e7e Ba\u015fkan\u0131 Sel\u00e7uk \u00d6ke, AK Parti \u0130l\u00e7e Gen\u00e7lik Kollar\u0131 Ba\u015fkan\u0131 Ra\u015fit Macan, AK Parti \u0130l\u00e7e Kad\u0131n Kollar\u0131 Ba\u015fkan\u0131 Esra Bayraktar \u00d6nder, Belediye Meclis \u00dcyeleri, mahalle muhtarlar\u0131, STK Temsilcileri, Oda Ba\u015fkanlar\u0131 ve y\u00fczme kurslar\u0131na kay\u0131tlar\u0131n\u0131 yapt\u0131ran 300\u2019e yak\u0131n 5-16 ya\u015f grubu \u00e7ocuklar aileleri ile birlikte kat\u0131ld\u0131.<\/span><\/p>\n","protected":false},"excerpt":{"rendered":"<p>Bigadi\u00e7 Belediye Ba\u015fkan\u0131 \u0130smail Avcu il\u00e7enin d\u00f6rt bir yan\u0131na in\u015fa etti\u011fi a\u00e7\u0131k ve kapal\u0131 olimpik y\u00fczme havuzlar\u0131 ile gen\u00e7lere y\u00fczme<\/p>\n","protected":false},"author":3,"featured_media":13270,"comment_status":"open","ping_status":"open","sticky":false,"template":"","format":"standard","meta":{"colormag_page_container_layout":"default_layout","colormag_page_sidebar_layout":"default_layout","footnotes":""},"categories":[1,5,8,9],"tags":[],"class_list":["post-13268","post","type-post","status-publish","format-standard","has-post-thumbnail","hentry","category-genel","category-gundem","category-siyaset","category-spor"],"_links":{"self":[{"href":"https:\/\/marmarayerelhizmet.com\/index.php\/wp-json\/wp\/v2\/posts\/13268","targetHints":{"allow":["GET"]}}],"collection":[{"href":"https:\/\/marmarayerelhizmet.com\/index.php\/wp-json\/wp\/v2\/posts"}],"about":[{"href":"https:\/\/marmarayerelhizmet.com\/index.php\/wp-json\/wp\/v2\/types\/post"}],"author":[{"embeddable":true,"href":"https:\/\/marmarayerelhizmet.com\/index.php\/wp-json\/wp\/v2\/users\/3"}],"replies":[{"embeddable":true,"href":"https:\/\/marmarayerelhizmet.com\/index.php\/wp-json\/wp\/v2\/comments?post=13268"}],"version-history":[{"count":0,"href":"https:\/\/marmarayerelhizmet.com\/index.php\/wp-json\/wp\/v2\/posts\/13268\/revisions"}],"wp:featuredmedia":[{"embeddable":true,"href":"https:\/\/marmarayerelhizmet.com\/index.php\/wp-json\/wp\/v2\/media\/13270"}],"wp:attachment":[{"href":"https:\/\/marmarayerelhizmet.com\/index.php\/wp-json\/wp\/v2\/media?parent=13268"}],"wp:term":[{"taxonomy":"category","embeddable":true,"href":"https:\/\/marmarayerelhizmet.com\/index.php\/wp-json\/wp\/v2\/categories?post=13268"},{"taxonomy":"post_tag","embeddable":true,"href":"https:\/\/marmarayerelhizmet.com\/index.php\/wp-json\/wp\/v2\/tags?post=13268"}],"curies":[{"name":"wp","href":"https:\/\/api.w.org\/{rel}","templated":true}]}}