{"id":13260,"date":"2023-08-03T18:05:16","date_gmt":"2023-08-03T15:05:16","guid":{"rendered":"https:\/\/marmarayerelhizmet.com\/?p=13260"},"modified":"2023-08-03T18:05:16","modified_gmt":"2023-08-03T15:05:16","slug":"marmaraya-desarj-devam-ediyor","status":"publish","type":"post","link":"https:\/\/marmarayerelhizmet.com\/index.php\/2023\/08\/03\/marmaraya-desarj-devam-ediyor\/","title":{"rendered":"Marmara&#8217;ya De\u015farj Devam Ediyor"},"content":{"rendered":"<p><strong><span style=\"font-family: arial, helvetica, sans-serif; font-size: 14px;\">Bal\u0131kesir&#8217;in Band\u0131rma il\u00e7esinde faaliyet g\u00f6steren Band\u0131rma G\u00fcbre Fabrikalar\u0131 A.\u015e. (BAGFA\u015e) denize s\u0131v\u0131 de\u015farj\u0131 yapmaya devam ederken, havadan da sal\u0131n\u0131m yapt\u0131\u011f\u0131 asit duman\u0131 vatanda\u015flar\u0131n tepkisine neden oldu.<br \/>\n<\/span><\/strong><br \/>\n<span style=\"font-family: arial, helvetica, sans-serif; font-size: 14px;\">Band\u0131rma halk\u0131 \u00e7evre kirlili\u011fine neden olan deniz kirlili\u011finden ve hava kirlili\u011finden art\u0131k b\u0131km\u0131\u015f durumda. Denize ak\u0131t\u0131lan bu at\u0131klar\u0131n zararl\u0131 olup olmad\u0131\u011f\u0131n\u0131n, havaya sal\u0131nan dumanlar\u0131n incelenmesini Band\u0131rma halk\u0131 yetkililerden talep etmi\u015f ve hi\u00e7 bir sonu\u00e7 al\u0131namam\u0131\u015ft\u0131. Band\u0131rma G\u00fcbre Fabrikalar\u0131 A.\u015e. (BAGFA\u015e) bug\u00fcn asit duman\u0131 sal\u0131n\u0131m\u0131 ile Edincik ve \u00e7evrede bulunan zeytin a\u011fa\u00e7lar\u0131n\u0131n bu dumana maruz kalmas\u0131na neden olurken Edincik ve D\u00fczler mevkiinde ya\u015fayan vatanda\u015flar art\u0131k isyan etme seviyesine gelerek bu deniz de\u015farj\u0131 ve havaya sal\u0131nan bu dumanlardan b\u0131km\u0131\u015f ve bezmi\u015f durumda.<\/span><br \/>\n<span style=\"font-family: arial, helvetica, sans-serif; font-size: 14px;\">Tesisin Marmara Denizi\u2019ni kirletip kirletmedi\u011fi sorusu bir kez daha g\u00fcndeme geldi. Havadan ve yerden g\u00f6r\u00fcnt\u00fclenen fabrikan\u0131n bacalar\u0131ndan sar\u0131 ve siyah dumanlar\u0131n \u00e7\u0131kt\u0131\u011f\u0131 g\u00f6r\u00fcl\u00fcrken bu dumanlar\u0131n zeytin a\u011fa\u00e7lar\u0131na ve mahsul\u00fcne zarar verdi\u011fi g\u00f6r\u00fcld\u00fc. Vatanda\u015flar taraf\u0131ndan \u00e7ekilen g\u00f6r\u00fcnt\u00fclerde ise sahilde bal\u0131k \u00f6l\u00fcmlerinin ya\u015fand\u0131\u011f\u0131 ve bu \u00f6l\u00fcmlerin devam etti\u011fi iddia ediliyor. Denizin \u00fcst\u00fcnde at\u0131k bir tabakan\u0131n ve sahilin i\u00e7ler ac\u0131s\u0131 oldu\u011fu da g\u00f6zlerden ka\u00e7mad\u0131.<\/span><br \/>\n<span style=\"font-family: arial, helvetica, sans-serif; font-size: 14px;\">Band\u0131rma Kent Konseyi Ba\u015fkan\u0131 ve ayn\u0131 zaman da T\u00fcrkiye Kent Konseyleri Platformu D\u00f6nem Ba\u015fkan\u0131 Serdar Polat konu ile ilgili a\u00e7\u0131klamalarda bulunarak, &#8220;\u015euanda Band\u0131rma k\u00f6rfezimizde L iskeledeyiz arkam\u0131zda muhte\u015fem bir k\u00f6rfez manzaram\u0131z var, ancak ne yaz\u0131k ki bu k\u00f6rfezimizin g\u00f6nden g\u00fcne kirlendi\u011fini ve can \u00e7eki\u015fti\u011fini hep dile getiriyoruz ve buna da \u015fahit oluyoruz ve arkam\u0131zda canl\u0131 bir \u015fahitlikle kar\u015f\u0131 kar\u015f\u0131yay\u0131z. Daha \u00f6nce de defalarca g\u00fcndeme getirdi\u011fimiz \u00fczere k\u00f6rfezimizde ki g\u00fcbre fabrikas\u0131 yapt\u0131\u011f\u0131 sal\u0131n\u0131mlarla \u00e7evremize ne yaz\u0131k ki kirletmekte. G\u00f6rd\u00fc\u011f\u00fcm\u00fcz \u00fczere yine ciddi bir \u015fekilde duman\u0131 t\u00fcm k\u00f6rfezimizi kaplam\u0131\u015f pozisyonda. Daha \u00f6nce defalarca dile getirdi\u011fimiz \u00fczere Band\u0131rma halk\u0131n\u0131n t\u00fcm bile\u015fenleri t\u00fcm halk\u0131m\u0131z\u0131n en b\u00fcy\u00fck iste\u011fi bu k\u00f6rfezimizde denize girmek bu k\u00f6rfezin canl\u0131l\u0131\u011f\u0131n\u0131 ve devaml\u0131l\u0131\u011f\u0131n\u0131 sa\u011flamakt\u0131r bunun i\u00e7in defalarca yetkili kurumlar\u0131, defalarca yetkili organlar\u0131 bas\u0131n yolu ile bas\u0131n a\u00e7\u0131klamalar\u0131yla defalarca konuyu g\u00fcndeme getirmi\u015ftik biz istiyoruz ki bu k\u00f6rfezimizde yer alan fabrikalar\u0131n kurum ve kurulu\u015flar\u0131n at\u0131klar\u0131n\u0131 bu \u015fekilde yada at\u0131klar\u0131n\u0131 kesinlikle ar\u0131tmadan filtrelemeden do\u011faya salmamalar\u0131 \u00e7\u00fcnk\u00fc ba\u015fka bir Band\u0131rma k\u00f6rfezimiz yok bahsetti\u011fimiz dumanlar\u0131n oldu\u011fu b\u00f6lge Edincik b\u00f6lgemizde b\u00f6lgenin belki de T\u00fcrkiye ekonomisine en b\u00fcy\u00fck katk\u0131s\u0131 olan zeytin arazilerinin \u00fczerinde bulunmakta. Bu zeytinlerin bu do\u011fadan bu dumandan etkilendi\u011fini tabi ki t\u00fcm uzman tar\u0131mc\u0131lar uzman ziraat m\u00fchendisleri defalarca dile getirdi. Biz k\u00f6rfezimizde bal\u0131klarla birlikte bu k\u00f6rfezin tad\u0131n\u0131 \u00e7\u0131kararak ve \u00f6zellikle b\u00f6lgemizde ki zeytin \u00fcr\u00fcnlerine zarar vermeden ya\u015famak istiyoruz bu sadece bizim bir iste\u011fimiz de\u011fil bu b\u00f6lgede ya\u015fayan halk\u0131m\u0131z\u0131n, \u00e7ift\u00e7imizin ve do\u011fa severlerin t\u00fcm Band\u0131rma halk\u0131n\u0131n iste\u011fidir. Yetkililerden art\u0131k bunlar\u0131 dikkate almas\u0131n\u0131 talep ediyoruz &#8221; \u015feklinde konu\u015ftu.<\/span><\/p>\n","protected":false},"excerpt":{"rendered":"<p>Bal\u0131kesir&#8217;in Band\u0131rma il\u00e7esinde faaliyet g\u00f6steren Band\u0131rma G\u00fcbre Fabrikalar\u0131 A.\u015e. (BAGFA\u015e) denize s\u0131v\u0131 de\u015farj\u0131 yapmaya devam ederken, havadan da sal\u0131n\u0131m yapt\u0131\u011f\u0131<\/p>\n","protected":false},"author":3,"featured_media":13262,"comment_status":"open","ping_status":"open","sticky":false,"template":"","format":"standard","meta":{"colormag_page_container_layout":"default_layout","colormag_page_sidebar_layout":"default_layout","footnotes":""},"categories":[1,5],"tags":[],"class_list":["post-13260","post","type-post","status-publish","format-standard","has-post-thumbnail","hentry","category-genel","category-gundem"],"_links":{"self":[{"href":"https:\/\/marmarayerelhizmet.com\/index.php\/wp-json\/wp\/v2\/posts\/13260","targetHints":{"allow":["GET"]}}],"collection":[{"href":"https:\/\/marmarayerelhizmet.com\/index.php\/wp-json\/wp\/v2\/posts"}],"about":[{"href":"https:\/\/marmarayerelhizmet.com\/index.php\/wp-json\/wp\/v2\/types\/post"}],"author":[{"embeddable":true,"href":"https:\/\/marmarayerelhizmet.com\/index.php\/wp-json\/wp\/v2\/users\/3"}],"replies":[{"embeddable":true,"href":"https:\/\/marmarayerelhizmet.com\/index.php\/wp-json\/wp\/v2\/comments?post=13260"}],"version-history":[{"count":0,"href":"https:\/\/marmarayerelhizmet.com\/index.php\/wp-json\/wp\/v2\/posts\/13260\/revisions"}],"wp:featuredmedia":[{"embeddable":true,"href":"https:\/\/marmarayerelhizmet.com\/index.php\/wp-json\/wp\/v2\/media\/13262"}],"wp:attachment":[{"href":"https:\/\/marmarayerelhizmet.com\/index.php\/wp-json\/wp\/v2\/media?parent=13260"}],"wp:term":[{"taxonomy":"category","embeddable":true,"href":"https:\/\/marmarayerelhizmet.com\/index.php\/wp-json\/wp\/v2\/categories?post=13260"},{"taxonomy":"post_tag","embeddable":true,"href":"https:\/\/marmarayerelhizmet.com\/index.php\/wp-json\/wp\/v2\/tags?post=13260"}],"curies":[{"name":"wp","href":"https:\/\/api.w.org\/{rel}","templated":true}]}}