{"id":13256,"date":"2023-08-03T15:58:27","date_gmt":"2023-08-03T12:58:27","guid":{"rendered":"https:\/\/marmarayerelhizmet.com\/?p=13256"},"modified":"2023-08-03T15:58:27","modified_gmt":"2023-08-03T12:58:27","slug":"25-ulkenin-halk-dansi-yarisiyor","status":"publish","type":"post","link":"https:\/\/marmarayerelhizmet.com\/index.php\/2023\/08\/03\/25-ulkenin-halk-dansi-yarisiyor\/","title":{"rendered":"25 \u00dclkenin Halk Dans\u0131 Yar\u0131\u015f\u0131yor"},"content":{"rendered":"<p><strong><span style=\"font-family: arial, helvetica, sans-serif; font-size: 14px;\">Uluslararas\u0131 \u0130stanbul B\u00fcy\u00fck\u00e7ekmece K\u00fclt\u00fcr ve Sanat Festivali\u2019nin ana kategorilerinden olan Uluslararas\u0131 Alt\u0131nk\u00f6pr\u00fc Halk Danslar\u0131 Yar\u0131\u015fmas\u0131\u2019nda final heyecan\u0131 ba\u015flad\u0131.<br \/>\n<\/span><\/strong><br \/>\n<span style=\"font-family: arial, helvetica, sans-serif; font-size: 14px;\">24. Uluslararas\u0131 B\u00fcy\u00fck\u00e7ekmece K\u00fclt\u00fcr ve Sanat Festivali \u00e7er\u00e7evesinde ger\u00e7ekle\u015ftirilen Alt\u0131nk\u00f6pr\u00fc Halk Danslar\u0131 yar\u0131\u015fmas\u0131nda sergilenen performanslar izleyicilerin be\u011fenisini kazan\u0131yor. Uluslararas\u0131 B\u00fcy\u00fck\u00e7ekmece K\u00fclt\u00fcr ve Sanat Festivali&#8217;nin en \u00f6nemli etkinlikleri aras\u0131nda yer alan Uluslararas\u0131 Alt\u0131nk\u00f6pr\u00fc Halk Danslar\u0131 yar\u0131\u015fmas\u0131n\u0131n sonu\u00e7lar\u0131 5 A\u011fustos Cumartesi ak\u015fam\u0131 a\u00e7\u0131klanacak. Atat\u00fcrk K\u00fclt\u00fcr Merkezi&#8217;nde k\u0131yas\u0131ya m\u00fccadele eden 25 \u00fclkenin halk danslar\u0131 ekipleri \u00fclkelerini en iyi \u015fekilde temsil etmek i\u00e7in muhte\u015fem performanslara imza at\u0131yor.<\/span><\/p>\n<p><strong><span style=\"font-family: arial, helvetica, sans-serif; font-size: 14px;\">5 A\u011fustos ak\u015fam\u0131 sonu\u00e7lar a\u00e7\u0131klanacak<\/span><\/strong><br \/>\n<span style=\"font-family: arial, helvetica, sans-serif; font-size: 14px;\">D\u00fcnyan\u0131n d\u00f6rt bir yan\u0131ndan gelen dans\u00e7\u0131lar h\u00fcnerlerinin yan\u0131 s\u0131ra \u00fclkelerinin geleneksel kost\u00fcmleri ile de g\u00f6rsel bir \u015f\u00f6len sunuyor. \u00dclkelerin k\u0131yas\u0131ya m\u00fccadelesi uluslararas\u0131 j\u00fcri taraf\u0131ndan b\u00fcy\u00fck bir titizlikle de\u011ferlendirilirken, bu y\u0131l yar\u0131\u015fmaya kat\u0131lan \u00fclkelerin ortaya koydu\u011fu performans zaman zaman se\u00e7isi kurulun da i\u015fini zorla\u015ft\u0131r\u0131yor. 5 A\u011fustos Cumartesi gecesi j\u00fcrinin a\u00e7\u0131klayaca\u011f\u0131 sonu\u00e7lar sonras\u0131nda birinci, ikinci ve \u00fc\u00e7\u00fcnc\u00fc olan \u00fclkeler belli olurken ayr\u0131ca en iyi erkek dans\u00e7\u0131, en iyi kad\u0131n dans\u00e7\u0131, en iyi m\u00fczik, en iyi kost\u00fcm ve j\u00fcri \u00f6zel \u00f6d\u00fclleri sahiplerini bulacak.<br \/>\n<\/span><br \/>\n<strong><span style=\"font-family: arial, helvetica, sans-serif; font-size: 14px;\">25 \u00fclkenin halk danslar\u0131 yar\u0131\u015f\u0131yor<\/span><\/strong><br \/>\n<span style=\"font-family: arial, helvetica, sans-serif; font-size: 14px;\">Uluslararas\u0131 Alt\u0131nk\u00f6pr\u00fc Halk Danslar\u0131 Yar\u0131\u015fmas\u0131&#8217;na bu y\u0131l Hindistan, Bolivya, G\u00fcrcistan, \u0130spanya, \u0130talya, Bulgaristan, Buryatya, Endonezya, Ba\u015fkurdistan, G\u00fcney Afrika, Guam, Kazakistan, KKTC, Kuzey Makedonya, Kostarika, Macaristan, Letonya, Meksika, Panama, Rusya, Polonya, S\u0131rbistan, Slovakya, \u015eili ve T\u00fcrkiye\u2019den dans\u00e7\u0131lar m\u00fccadelede ediyor.<\/span><\/p>\n","protected":false},"excerpt":{"rendered":"<p>Uluslararas\u0131 \u0130stanbul B\u00fcy\u00fck\u00e7ekmece K\u00fclt\u00fcr ve Sanat Festivali\u2019nin ana kategorilerinden olan Uluslararas\u0131 Alt\u0131nk\u00f6pr\u00fc Halk Danslar\u0131 Yar\u0131\u015fmas\u0131\u2019nda final heyecan\u0131 ba\u015flad\u0131. 24. Uluslararas\u0131<\/p>\n","protected":false},"author":3,"featured_media":13258,"comment_status":"open","ping_status":"open","sticky":false,"template":"","format":"standard","meta":{"colormag_page_container_layout":"default_layout","colormag_page_sidebar_layout":"default_layout","footnotes":""},"categories":[1,5,6,8],"tags":[],"class_list":["post-13256","post","type-post","status-publish","format-standard","has-post-thumbnail","hentry","category-genel","category-gundem","category-kultur-sanat","category-siyaset"],"_links":{"self":[{"href":"https:\/\/marmarayerelhizmet.com\/index.php\/wp-json\/wp\/v2\/posts\/13256","targetHints":{"allow":["GET"]}}],"collection":[{"href":"https:\/\/marmarayerelhizmet.com\/index.php\/wp-json\/wp\/v2\/posts"}],"about":[{"href":"https:\/\/marmarayerelhizmet.com\/index.php\/wp-json\/wp\/v2\/types\/post"}],"author":[{"embeddable":true,"href":"https:\/\/marmarayerelhizmet.com\/index.php\/wp-json\/wp\/v2\/users\/3"}],"replies":[{"embeddable":true,"href":"https:\/\/marmarayerelhizmet.com\/index.php\/wp-json\/wp\/v2\/comments?post=13256"}],"version-history":[{"count":0,"href":"https:\/\/marmarayerelhizmet.com\/index.php\/wp-json\/wp\/v2\/posts\/13256\/revisions"}],"wp:featuredmedia":[{"embeddable":true,"href":"https:\/\/marmarayerelhizmet.com\/index.php\/wp-json\/wp\/v2\/media\/13258"}],"wp:attachment":[{"href":"https:\/\/marmarayerelhizmet.com\/index.php\/wp-json\/wp\/v2\/media?parent=13256"}],"wp:term":[{"taxonomy":"category","embeddable":true,"href":"https:\/\/marmarayerelhizmet.com\/index.php\/wp-json\/wp\/v2\/categories?post=13256"},{"taxonomy":"post_tag","embeddable":true,"href":"https:\/\/marmarayerelhizmet.com\/index.php\/wp-json\/wp\/v2\/tags?post=13256"}],"curies":[{"name":"wp","href":"https:\/\/api.w.org\/{rel}","templated":true}]}}