{"id":13252,"date":"2023-08-03T12:22:31","date_gmt":"2023-08-03T09:22:31","guid":{"rendered":"https:\/\/marmarayerelhizmet.com\/?p=13252"},"modified":"2023-08-03T12:22:31","modified_gmt":"2023-08-03T09:22:31","slug":"buyukcekmecede-koray-avci-sahne-aldi","status":"publish","type":"post","link":"https:\/\/marmarayerelhizmet.com\/index.php\/2023\/08\/03\/buyukcekmecede-koray-avci-sahne-aldi\/","title":{"rendered":"B\u00fcy\u00fck\u00e7ekmece&#8217;de Koray Avc\u0131 Sahne Ald\u0131"},"content":{"rendered":"<p><strong><span style=\"font-family: arial, helvetica, sans-serif; font-size: 14px;\">B\u00fcy\u00fck\u00e7ekmece&#8217;de ger\u00e7ekle\u015ftirilen 24. Uluslararas\u0131 \u0130stanbul B\u00fcy\u00fck\u00e7ekmece K\u00fclt\u00fcr ve Sanat Festivali \u00e7er\u00e7evesinde d\u00fczenlenen halk konserlerinde sahne alan sevilen sanat\u00e7\u0131 Koray Avc\u0131, sevilen \u015fark\u0131lar\u0131 ve sahne \u015fovlar\u0131yla dinleyicilerini co\u015fturdu.<br \/>\n<\/span><\/strong><br \/>\n<span style=\"font-family: arial, helvetica, sans-serif; font-size: 14px;\">26 Temmuz tarihinde kap\u0131lar\u0131n\u0131 a\u00e7an 24\u2019\u00fcnc\u00fc Uluslararas\u0131 \u0130stanbul B\u00fcy\u00fck\u00e7ekmece K\u00fclt\u00fcr ve Sanat Festivali, Cumhuriyet\u2019in 100\u2019\u00fcnc\u00fc y\u0131l\u0131 nedeniyle bu y\u0131l 100 \u00fclkeden bin 550 k\u00fclt\u00fcr &#8211; sanat el\u00e7isinin kat\u0131l\u0131m\u0131yla ger\u00e7ekle\u015fiyor. Festivalin en heyecanl\u0131 kategorilerinden biri olan Uluslararas\u0131 Alt\u0131nk\u00f6pr\u00fc Halk Danslar\u0131 Yar\u0131\u015fmas\u0131\u2019n\u0131n 5 A\u011fustos\u2019taki final gecesi ile birlikte festival sona erecek. Festivalin halk konserleri de yo\u011fun ilgi g\u00f6r\u00fcyor. \u00d6nceki ak\u015fam sahne alan sevilen sanat\u00e7\u0131 Koray Avc\u0131 festivale damgas\u0131n\u0131 vurdu.<br \/>\n<\/span><br \/>\n<strong><span style=\"font-family: arial, helvetica, sans-serif; font-size: 14px;\">Amfiye giremeyen hayranlar\u0131na te\u015fekk\u00fcr etti<\/span><\/strong><br \/>\n<span style=\"font-family: arial, helvetica, sans-serif; font-size: 14px;\">Kemal Sunal Amfi Tiyatro\u2019yu dolduran 5 bin ki\u015finin yan\u0131 s\u0131ra amfi tiyatroya giremeyip konseri K\u00fclt\u00fcrpark\u2019ta led ekranlardan izleyen binlerce hayran\u0131na unutulmaz bir gece ya\u015fatan sanat\u00e7\u0131 zaman zaman da sevilen \u015fark\u0131lar\u0131n\u0131 hayranlar\u0131yla birlikte s\u00f6yledi. Sahne \u015fovlar\u0131yla da b\u00fcy\u00fck be\u011feni toplayan Avc\u0131, gecenin ilerleyen saatlerine kadar devam eden konserde muhte\u015fem bir performans sergiledi. Bir ara Kemal Sunal Amfi d\u0131\u015f\u0131na \u00e7\u0131kan sanat\u0131 K\u00fclt\u00fcrpark\u2019ta led ekranlarda kendisini izleyen binlerce hayran\u0131n\u0131 selamlayarak, te\u015fekk\u00fcr etti. B\u00fcy\u00fck\u00e7ekmece Belediye Ba\u015fkan\u0131 Dr. Hasan Akg\u00fcn, Koray Avc\u0131 ve orkestras\u0131na te\u015fekk\u00fcr etti.<\/span><\/p>\n","protected":false},"excerpt":{"rendered":"<p>B\u00fcy\u00fck\u00e7ekmece&#8217;de ger\u00e7ekle\u015ftirilen 24. Uluslararas\u0131 \u0130stanbul B\u00fcy\u00fck\u00e7ekmece K\u00fclt\u00fcr ve Sanat Festivali \u00e7er\u00e7evesinde d\u00fczenlenen halk konserlerinde sahne alan sevilen sanat\u00e7\u0131 Koray Avc\u0131,<\/p>\n","protected":false},"author":3,"featured_media":13254,"comment_status":"open","ping_status":"open","sticky":false,"template":"","format":"standard","meta":{"colormag_page_container_layout":"default_layout","colormag_page_sidebar_layout":"default_layout","footnotes":""},"categories":[1,5,6,8],"tags":[],"class_list":["post-13252","post","type-post","status-publish","format-standard","has-post-thumbnail","hentry","category-genel","category-gundem","category-kultur-sanat","category-siyaset"],"_links":{"self":[{"href":"https:\/\/marmarayerelhizmet.com\/index.php\/wp-json\/wp\/v2\/posts\/13252","targetHints":{"allow":["GET"]}}],"collection":[{"href":"https:\/\/marmarayerelhizmet.com\/index.php\/wp-json\/wp\/v2\/posts"}],"about":[{"href":"https:\/\/marmarayerelhizmet.com\/index.php\/wp-json\/wp\/v2\/types\/post"}],"author":[{"embeddable":true,"href":"https:\/\/marmarayerelhizmet.com\/index.php\/wp-json\/wp\/v2\/users\/3"}],"replies":[{"embeddable":true,"href":"https:\/\/marmarayerelhizmet.com\/index.php\/wp-json\/wp\/v2\/comments?post=13252"}],"version-history":[{"count":0,"href":"https:\/\/marmarayerelhizmet.com\/index.php\/wp-json\/wp\/v2\/posts\/13252\/revisions"}],"wp:featuredmedia":[{"embeddable":true,"href":"https:\/\/marmarayerelhizmet.com\/index.php\/wp-json\/wp\/v2\/media\/13254"}],"wp:attachment":[{"href":"https:\/\/marmarayerelhizmet.com\/index.php\/wp-json\/wp\/v2\/media?parent=13252"}],"wp:term":[{"taxonomy":"category","embeddable":true,"href":"https:\/\/marmarayerelhizmet.com\/index.php\/wp-json\/wp\/v2\/categories?post=13252"},{"taxonomy":"post_tag","embeddable":true,"href":"https:\/\/marmarayerelhizmet.com\/index.php\/wp-json\/wp\/v2\/tags?post=13252"}],"curies":[{"name":"wp","href":"https:\/\/api.w.org\/{rel}","templated":true}]}}