{"id":13239,"date":"2023-08-03T00:02:11","date_gmt":"2023-08-02T21:02:11","guid":{"rendered":"https:\/\/marmarayerelhizmet.com\/?p=13239"},"modified":"2023-08-02T23:47:22","modified_gmt":"2023-08-02T20:47:22","slug":"oduller-sahiplerini-buldu-2","status":"publish","type":"post","link":"https:\/\/marmarayerelhizmet.com\/index.php\/2023\/08\/03\/oduller-sahiplerini-buldu-2\/","title":{"rendered":"\u00d6d\u00fcller Sahiplerini Buldu"},"content":{"rendered":"<p><strong><span style=\"font-family: arial, helvetica, sans-serif; font-size: 14px;\">Uluslararas\u0131 \u0130stanbul B\u00fcy\u00fck\u00e7ekmece K\u00fclt\u00fcr ve Sanat Festivali\u2019nin en \u00f6nemli yar\u0131\u015fmalar\u0131ndan biri olan Uluslararas\u0131 G\u00fcler Ertan Foto\u011fraf Yar\u0131\u015fmas\u0131\u2019nda dereceye giren foto\u011fraf\u00e7\u0131lara \u00f6d\u00fclleri takdim edildi.<\/span><\/strong><\/p>\n<p><span style=\"font-family: arial, helvetica, sans-serif; font-size: 14px;\">B\u00fcy\u00fck\u00e7ekmece Belediyesi, T\u00fcrkiye Foto\u011fraf Sanat\u0131 Federasyonu ve B\u00fcy\u00fck\u00e7ekmece Belediyesi i\u015fbirli\u011fiyle yap\u0131lan Uluslararas\u0131 G\u00fcler Ertan Foto\u011fraf Yar\u0131\u015fmas\u0131\u2019na bu y\u0131l 35 \u00fclkeden bin 277 foto\u011fraf sanat\u00e7\u0131s\u0131 4 bin 730 eser ile kat\u0131ld\u0131. Yar\u0131\u015fma bu y\u0131l Say\u0131sal Serbest (Renkli) ve (Siyah&amp;Beyaz), G\u00f6\u00e7 (Renkli ve Siyah&amp;Beyaz) olmak \u00fczere 3 kategoride yap\u0131ld\u0131. Yar\u0131\u015fman\u0131n \u00f6d\u00fcl t\u00f6reni K\u00fclt\u00fcrpark Kemal Sunal Amfi Tiyatro\u2019da yap\u0131ld\u0131. B\u00fcy\u00fck\u00e7ekmece Belediye Ba\u015fkan\u0131 ve Festival Komitesi Ba\u015fkan\u0131 Dr. Hasan Akg\u00fcn ile B\u00fcy\u00fck\u00e7ekmece Belediyesi Koordinat\u00f6r\u00fc ve FIDAF 2. Ba\u015fkan\u0131 H. G\u00fcrhan Ozano\u011flu taraf\u0131ndan yar\u0131\u015fman\u0131n se\u00e7ici kurulu \u00fcyelerinden Prof. G\u00fcler Ertan, Prof. Dr. Bekir Tu\u011fcu, Burak \u015eenbak ve Ioannis Lykour\u0131s\u2019e yar\u0131\u015fmaya katk\u0131lar\u0131ndan \u00f6d\u00fcl\u00fc te\u015fekk\u00fcr plaketi takdim etti.<\/span><\/p>\n<p><span style=\"font-family: arial, helvetica, sans-serif; font-size: 14px;\">Uluslararas\u0131 Foto\u011fraf Yar\u0131\u015fmas\u0131\u2019nda \u00f6d\u00fcl kazanan ve t\u00f6rene kat\u0131lan foto\u011fraf sanat\u00e7\u0131lar\u0131ndan Nuray Keskin, Ali Zolghadri, Deniz Kalayc\u0131, Josef Danyi, Turgut Peker ve Murat \u0130brano\u011flu\u2019na \u00f6d\u00fclleri verildi. B\u00fcy\u00fck\u00e7ekmece Belediye Ba\u015fkan\u0131 Dr. Hasan Akg\u00fcn, \u00f6d\u00fcl alan foto\u011fraf sanat\u00e7\u0131lar\u0131n\u0131 kutlad\u0131.<\/span><\/p>\n<p><strong><span style=\"font-family: arial, helvetica, sans-serif; font-size: 14px;\">Alt\u0131n madalya kazanan foto\u011fraf\u00e7\u0131lar<\/span><\/strong><br \/>\n<span style=\"font-family: arial, helvetica, sans-serif; font-size: 14px;\">Se\u00e7ici Kurul de\u011ferlendirmesi sonucunda ise Alt\u0131n Madalya kazanan foto\u011fraf\u00e7\u0131lar \u015fu isimlerden olu\u015ftu:<\/span><br \/>\n<span style=\"font-family: arial, helvetica, sans-serif; font-size: 14px;\">Say\u0131sal Serbest \/ Renkli Kategorisinde Rusya\u2019dan Anton Timoshevskii (FIAP Alt\u0131n Madalya), T\u00fcrkiye\u2019den Nuray Keskin (TFSF Alt\u0131n Madalya)<\/span><br \/>\n<span style=\"font-family: arial, helvetica, sans-serif; font-size: 14px;\">Say\u0131sal Serbest \/ Siyah &#8211; Beyaz Kategorisinde Hindistan\u2019dan Somnath Pal (FIAP Alt\u0131n Madalya), Ali Zolghadri (TFSF Alt\u0131n Madalya)<\/span><br \/>\n<span style=\"font-family: arial, helvetica, sans-serif; font-size: 14px;\">G\u00f6\u00e7 konulu yar\u0131\u015fman\u0131n renkli ve siyah beyaz kategorisinde ise Banglade\u015f\u2019ten Mithall Afrige Chowdhury (FIAP Alt\u0131n Madalya), T\u00fcrkiye\u2019den Deniz Kalayc\u0131 (TFSF Alt\u0131n Madalya) \u00f6d\u00fcl\u00fcn\u00fc almaya hak kazand\u0131lar. Ayr\u0131ca T\u00fcrkiye\u2019den Murat \u0130brano\u011flu\u2019da \u201cEn \u0130yi Foto\u011fraf\u00e7\u0131\u201d \u00f6d\u00fcl\u00fcne lay\u0131k g\u00f6r\u00fcld\u00fc.<\/span><\/p>\n","protected":false},"excerpt":{"rendered":"<p>Uluslararas\u0131 \u0130stanbul B\u00fcy\u00fck\u00e7ekmece K\u00fclt\u00fcr ve Sanat Festivali\u2019nin en \u00f6nemli yar\u0131\u015fmalar\u0131ndan biri olan Uluslararas\u0131 G\u00fcler Ertan Foto\u011fraf Yar\u0131\u015fmas\u0131\u2019nda dereceye giren foto\u011fraf\u00e7\u0131lara<\/p>\n","protected":false},"author":3,"featured_media":13241,"comment_status":"open","ping_status":"open","sticky":false,"template":"","format":"standard","meta":{"colormag_page_container_layout":"default_layout","colormag_page_sidebar_layout":"default_layout","footnotes":""},"categories":[1,5,6],"tags":[],"class_list":["post-13239","post","type-post","status-publish","format-standard","has-post-thumbnail","hentry","category-genel","category-gundem","category-kultur-sanat"],"_links":{"self":[{"href":"https:\/\/marmarayerelhizmet.com\/index.php\/wp-json\/wp\/v2\/posts\/13239","targetHints":{"allow":["GET"]}}],"collection":[{"href":"https:\/\/marmarayerelhizmet.com\/index.php\/wp-json\/wp\/v2\/posts"}],"about":[{"href":"https:\/\/marmarayerelhizmet.com\/index.php\/wp-json\/wp\/v2\/types\/post"}],"author":[{"embeddable":true,"href":"https:\/\/marmarayerelhizmet.com\/index.php\/wp-json\/wp\/v2\/users\/3"}],"replies":[{"embeddable":true,"href":"https:\/\/marmarayerelhizmet.com\/index.php\/wp-json\/wp\/v2\/comments?post=13239"}],"version-history":[{"count":0,"href":"https:\/\/marmarayerelhizmet.com\/index.php\/wp-json\/wp\/v2\/posts\/13239\/revisions"}],"wp:featuredmedia":[{"embeddable":true,"href":"https:\/\/marmarayerelhizmet.com\/index.php\/wp-json\/wp\/v2\/media\/13241"}],"wp:attachment":[{"href":"https:\/\/marmarayerelhizmet.com\/index.php\/wp-json\/wp\/v2\/media?parent=13239"}],"wp:term":[{"taxonomy":"category","embeddable":true,"href":"https:\/\/marmarayerelhizmet.com\/index.php\/wp-json\/wp\/v2\/categories?post=13239"},{"taxonomy":"post_tag","embeddable":true,"href":"https:\/\/marmarayerelhizmet.com\/index.php\/wp-json\/wp\/v2\/tags?post=13239"}],"curies":[{"name":"wp","href":"https:\/\/api.w.org\/{rel}","templated":true}]}}